{"id":10012,"date":"2022-10-28T14:52:02","date_gmt":"2022-10-28T17:52:02","guid":{"rendered":"https:\/\/imais.online\/portal\/?p=10012"},"modified":"2022-10-28T14:52:04","modified_gmt":"2022-10-28T17:52:04","slug":"tarcisio-de-freitas-rebate-fake-news-e-diz-que-nao-vai-aumentar-a-conta-de-agua","status":"publish","type":"post","link":"https:\/\/imais.online\/portal\/tarcisio-de-freitas-rebate-fake-news-e-diz-que-nao-vai-aumentar-a-conta-de-agua\/","title":{"rendered":"Tarc\u00edsio de Freitas rebate fake news e diz que n\u00e3o vai aumentar a conta de \u00e1gua"},"content":{"rendered":"<div class=\"imais-before-content-placement\" id=\"imais-385593953\"><script async src=\"\/\/pagead2.googlesyndication.com\/pagead\/js\/adsbygoogle.js?client=ca-pub-8787528412751566\" crossorigin=\"anonymous\"><\/script><ins class=\"adsbygoogle\" style=\"display:block;\" data-ad-client=\"ca-pub-8787528412751566\" \ndata-ad-slot=\"\" \ndata-ad-format=\"auto\"><\/ins>\n<script> \n(adsbygoogle = window.adsbygoogle || []).push({}); \n<\/script>\n<\/div>\n<h2 class=\"wp-block-heading\">Candidato ao Governo de S\u00e3o Paulo pelo Republicanos contestou afirma\u00e7\u00f5es da campanha de Haddad nesta quinta em debate<\/h2>\n\n\n\n<p>O candidato ao Governo de S\u00e3o Paulo pelo Republicanos, Tarc\u00edsio de Freitas, rebateu o que chamou de &#8220;fake news&#8221; e afirmou que, se eleito neste domingo (30), n\u00e3o vai aumentar a conta de \u00e1gua no estado. A afirma\u00e7\u00e3o do candidato foi feita durante um debate na noite desta quinta-feira (27), confronto que ocorre a tr\u00eas dias da\u00a0vota\u00e7\u00e3o do segunto turno.<\/p>\n\n\n\n<p>&#8220;\u00c9 a minha primeira campanha eleitoral, e a gente est\u00e1 sendo bombardeado por fake news, por not\u00edcias falsas, por desinforma\u00e7\u00e3o, e eu preciso aproveitar esse espa\u00e7o para restabelecer a verdade. A primeira delas: &#8216;Tarc\u00edsio vai aumentar a conta de \u00e1gua&#8217;. Mentira, n\u00e3o vou. Quando eu discuto privatiza\u00e7\u00e3o da Sabesp, estou querendo aumentar a efici\u00eancia, estou querendo fazer com que a gente invista mais em re\u00faso, que a gente invista mais em diminui\u00e7\u00e3o das perdas, em recupera\u00e7\u00e3o dos mananciais e em liga\u00e7\u00e3o de esgosto&#8221;, afirmou Tarc\u00edsio.<\/p>\n\n\n\n<p>&#8220;Eu quero fazer 1,2 milh\u00e3o de novas liga\u00e7\u00f5es nos pr\u00f3ximos dois anos, para melhorar a qualidade do [rio] Tiet\u00ea, para melhorar a qualidade do [rio] Pinheiros e diminuir a conta de \u00e1gua&#8221;, complementou.<\/p>\n\n\n\n<p>O candidato pelo Republicanos tamb\u00e9m esclareceu quest\u00f5es que envolvem promessas da campanha do presidente Jair Bolsonaro, candidato \u00e0 reelei\u00e7\u00e3o, como o sal\u00e1rio de servidores p\u00fablicos, de aposentados, de pensionistas e o sal\u00e1rio m\u00ednimo.<\/p>\n\n\n\n<p>&#8220;&#8216;Bolsonaro reeleito n\u00e3o vai dar aumento real sobre o sal\u00e1rio m\u00ednimo.&#8217; Falso. Mentira. O sal\u00e1rio m\u00ednimo vai ter aumento acima da infla\u00e7\u00e3o. &#8216;Aposentadorias, pens\u00f5es n\u00e3o v\u00e3o ter aumento real.&#8217; Mentira. Aposentadorias e pens\u00f5es v\u00e3o ter aumento acima da infla\u00e7\u00e3o. &#8216;Funcion\u00e1rios p\u00fablicos n\u00e3o v\u00e3o ter aumento acima da infla\u00e7\u00e3o.&#8217; Mentira. Ter\u00e3o aumento acima da infla\u00e7\u00e3o tamb\u00e9m, porque suportaram uma barra pesada durante a pandemia, e agora ter\u00e3o aumento acima da infla\u00e7\u00e3o.&#8221;<\/p>\n\n\n\n<h3 class=\"wp-block-heading\">Seguran\u00e7a<\/h3>\n\n\n\n<p>O candidato tamb\u00e9m falou sobre seguran\u00e7a p\u00fablica. &#8220;&#8216;Tarc\u00edsio vai trazer para S\u00e3o Paulo o modelo de seguran\u00e7a p\u00fablica do Rio de Janeiro.&#8217; Falso. Mentira. Vamos manter a Secretaria de Seguran\u00e7a P\u00fablica, que j\u00e1 \u00e9 secular, tem mais de cem anos&#8221;, afirmou.<\/p>\n\n\n\n<p>&#8220;O modelo de S\u00e3o Paulo \u00e9 o que n\u00f3s vamos manter. No entanto, vamos acabar com n\u00edveis intermedi\u00e1rios para ter o Comando-Geral da Pol\u00edcia Militar, para ter a Dire\u00e7\u00e3o-Geral da Pol\u00edcia Civil mais pr\u00f3ximos do governador, para aumentar a integra\u00e7\u00e3o entre as pol\u00edcias&#8221;, acrescentou.<\/p>\n\n\n\n<h3 class=\"wp-block-heading\">Pesquisa<\/h3>\n\n\n\n<p>Na disputa pelo Governo de S\u00e3o Paulo,\u00a0Tarc\u00edsio tem 56% dos votos v\u00e1lidos, contra 44% de Haddad, segundo a pesquisa Real Time Big Data divulgada nesta quarta-feira (26).<\/p>\n\n\n\n<p>Para o levantamento, foram entrevistadas 1.200 pessoas na \u00faltima segunda (24) e ter\u00e7a-feira (25). A margem de erro da pesquisa \u00e9 de 3 pontos percentuais, para mais ou para menos, e o n\u00edvel de confian\u00e7a \u00e9 de 95%. A pesquisa foi encomendada pela\u00a0<strong>Record TV<\/strong>\u00a0e est\u00e1 registrada no\u00a0Tribunal Superior Eleitoral\u00a0sob o n\u00famero SP-06563\/2022.<\/p>\n\n\n\n<p>Fonte R7 <\/p>\n","protected":false},"excerpt":{"rendered":"<p>Candidato ao Governo de S\u00e3o Paulo pelo Republicanos contestou afirma\u00e7\u00f5es da campanha de Haddad nesta quinta em debate O candidato ao Governo de S\u00e3o Paulo pelo Republicanos, Tarc\u00edsio de Freitas, rebateu o que chamou de &#8220;fake news&#8221; e afirmou que, se eleito neste domingo (30), n\u00e3o vai aumentar a conta de \u00e1gua no estado. A [&hellip;]<\/p>\n","protected":false},"author":8,"featured_media":10013,"comment_status":"closed","ping_status":"open","sticky":false,"template":"","format":"standard","meta":{"rop_custom_images_group":[],"rop_custom_messages_group":[],"rop_publish_now":"initial","rop_publish_now_accounts":[],"rop_publish_now_history":[],"rop_publish_now_status":"pending","footnotes":""},"categories":[233],"tags":[],"class_list":["post-10012","post","type-post","status-publish","format-standard","has-post-thumbnail","hentry","category-eleicoes"],"amp_enabled":true,"_links":{"self":[{"href":"https:\/\/imais.online\/portal\/wp-json\/wp\/v2\/posts\/10012","targetHints":{"allow":["GET"]}}],"collection":[{"href":"https:\/\/imais.online\/portal\/wp-json\/wp\/v2\/posts"}],"about":[{"href":"https:\/\/imais.online\/portal\/wp-json\/wp\/v2\/types\/post"}],"author":[{"embeddable":true,"href":"https:\/\/imais.online\/portal\/wp-json\/wp\/v2\/users\/8"}],"replies":[{"embeddable":true,"href":"https:\/\/imais.online\/portal\/wp-json\/wp\/v2\/comments?post=10012"}],"version-history":[{"count":1,"href":"https:\/\/imais.online\/portal\/wp-json\/wp\/v2\/posts\/10012\/revisions"}],"predecessor-version":[{"id":10014,"href":"https:\/\/imais.online\/portal\/wp-json\/wp\/v2\/posts\/10012\/revisions\/10014"}],"wp:featuredmedia":[{"embeddable":true,"href":"https:\/\/imais.online\/portal\/wp-json\/wp\/v2\/media\/10013"}],"wp:attachment":[{"href":"https:\/\/imais.online\/portal\/wp-json\/wp\/v2\/media?parent=10012"}],"wp:term":[{"taxonomy":"category","embeddable":true,"href":"https:\/\/imais.online\/portal\/wp-json\/wp\/v2\/categories?post=10012"},{"taxonomy":"post_tag","embeddable":true,"href":"https:\/\/imais.online\/portal\/wp-json\/wp\/v2\/tags?post=10012"}],"curies":[{"name":"wp","href":"https:\/\/api.w.org\/{rel}","templated":true}]}}