{"id":10015,"date":"2022-10-28T14:56:21","date_gmt":"2022-10-28T17:56:21","guid":{"rendered":"https:\/\/imais.online\/portal\/?p=10015"},"modified":"2022-10-28T14:56:23","modified_gmt":"2022-10-28T17:56:23","slug":"bolsonaro-lidera-em-sp-com-573-dos-votos-validos-contra-427-de-lula-diz-parana-pesquisas","status":"publish","type":"post","link":"https:\/\/imais.online\/portal\/bolsonaro-lidera-em-sp-com-573-dos-votos-validos-contra-427-de-lula-diz-parana-pesquisas\/","title":{"rendered":"Bolsonaro lidera em SP com 57,3% dos votos v\u00e1lidos, contra 42,7% de Lula, diz Paran\u00e1 Pesquisas"},"content":{"rendered":"<div class=\"imais-before-content-placement\" id=\"imais-3074049238\"><script async src=\"\/\/pagead2.googlesyndication.com\/pagead\/js\/adsbygoogle.js?client=ca-pub-8787528412751566\" crossorigin=\"anonymous\"><\/script><ins class=\"adsbygoogle\" style=\"display:block;\" data-ad-client=\"ca-pub-8787528412751566\" \ndata-ad-slot=\"\" \ndata-ad-format=\"auto\"><\/ins>\n<script> \n(adsbygoogle = window.adsbygoogle || []).push({}); \n<\/script>\n<\/div>\n<h2 class=\"wp-block-heading\">No cen\u00e1rio estimulado, atual presidente tamb\u00e9m est\u00e1 \u00e0 frente na disputa, com 51,6% das inten\u00e7\u00f5es de voto, contra 38,5% do petista<\/h2>\n\n\n\n<p>O presidente e candidato \u00e0 reelei\u00e7\u00e3o, Jair Bolsonaro (PL), lidera a disputa do\u00a0segundo turno\u00a0com 57,3% dos votos v\u00e1lidos (quando s\u00e3o desconsiderados votos brancos e nulos) em S\u00e3o Paulo, contra 42,7% de Luiz In\u00e1cio Lula da Silva (PT). Os dados s\u00e3o de levantamento divulgado nesta sexta-feira (28) pelo instituto Paran\u00e1 Pesquisas.<\/p>\n\n\n\n<figure class=\"wp-block-image\"><img decoding=\"async\" src=\"https:\/\/img.r7.com\/images\/pesquisa-28102022113726697\" alt=\"\" title=\"\"\/><figcaption> ARTE LUCE COSTA\/R7 BRAS\u00cdLIA <\/figcaption><\/figure>\n\n\n\n<p>O levantamento foi encomendado pela\u00a0Tullett Prebon Brasil e ouviu 1.810 eleitores entre os dias 23 e 27 de outubro. A margem de erro \u00e9 de 2,4 pontos percentuais, para mais ou para menos, e o n\u00edvel de confian\u00e7a \u00e9 de 95%. A pesquisa est\u00e1 registrada no Tribunal Superior Eleitoral com o n\u00famero BR-07426\/2022.<\/p>\n\n\n\n<p>No cen\u00e1rio estimulado (em que s\u00e3o apresentados os nomes dos candidatos), Bolsonaro tamb\u00e9m lidera a disputa, com 51,6% das inten\u00e7\u00f5es de voto, contra 38,5% de Lula. N\u00e3o sabem ou n\u00e3o responderam somam 4,7% e branco ou nulo, 5,2%.<\/p>\n\n\n\n<figure class=\"wp-block-image\"><img decoding=\"async\" src=\"https:\/\/img.r7.com\/images\/pesquisa-28102022113800076\" alt=\"\" title=\"\"\/><figcaption> ARTE LUCE COSTA\/R7 BRAS\u00cdLIA <\/figcaption><\/figure>\n\n\n\n<p>Fonte R7 <\/p>\n","protected":false},"excerpt":{"rendered":"<p>No cen\u00e1rio estimulado, atual presidente tamb\u00e9m est\u00e1 \u00e0 frente na disputa, com 51,6% das inten\u00e7\u00f5es de voto, contra 38,5% do petista O presidente e candidato \u00e0 reelei\u00e7\u00e3o, Jair Bolsonaro (PL), lidera a disputa do\u00a0segundo turno\u00a0com 57,3% dos votos v\u00e1lidos (quando s\u00e3o desconsiderados votos brancos e nulos) em S\u00e3o Paulo, contra 42,7% de Luiz In\u00e1cio Lula [&hellip;]<\/p>\n","protected":false},"author":8,"featured_media":10016,"comment_status":"closed","ping_status":"open","sticky":false,"template":"","format":"standard","meta":{"rop_custom_images_group":[],"rop_custom_messages_group":[],"rop_publish_now":"initial","rop_publish_now_accounts":[],"rop_publish_now_history":[],"rop_publish_now_status":"pending","footnotes":""},"categories":[233],"tags":[73],"class_list":["post-10015","post","type-post","status-publish","format-standard","has-post-thumbnail","hentry","category-eleicoes","tag-featured"],"amp_enabled":true,"_links":{"self":[{"href":"https:\/\/imais.online\/portal\/wp-json\/wp\/v2\/posts\/10015","targetHints":{"allow":["GET"]}}],"collection":[{"href":"https:\/\/imais.online\/portal\/wp-json\/wp\/v2\/posts"}],"about":[{"href":"https:\/\/imais.online\/portal\/wp-json\/wp\/v2\/types\/post"}],"author":[{"embeddable":true,"href":"https:\/\/imais.online\/portal\/wp-json\/wp\/v2\/users\/8"}],"replies":[{"embeddable":true,"href":"https:\/\/imais.online\/portal\/wp-json\/wp\/v2\/comments?post=10015"}],"version-history":[{"count":1,"href":"https:\/\/imais.online\/portal\/wp-json\/wp\/v2\/posts\/10015\/revisions"}],"predecessor-version":[{"id":10017,"href":"https:\/\/imais.online\/portal\/wp-json\/wp\/v2\/posts\/10015\/revisions\/10017"}],"wp:featuredmedia":[{"embeddable":true,"href":"https:\/\/imais.online\/portal\/wp-json\/wp\/v2\/media\/10016"}],"wp:attachment":[{"href":"https:\/\/imais.online\/portal\/wp-json\/wp\/v2\/media?parent=10015"}],"wp:term":[{"taxonomy":"category","embeddable":true,"href":"https:\/\/imais.online\/portal\/wp-json\/wp\/v2\/categories?post=10015"},{"taxonomy":"post_tag","embeddable":true,"href":"https:\/\/imais.online\/portal\/wp-json\/wp\/v2\/tags?post=10015"}],"curies":[{"name":"wp","href":"https:\/\/api.w.org\/{rel}","templated":true}]}}