{"id":10049,"date":"2022-10-31T07:06:19","date_gmt":"2022-10-31T10:06:19","guid":{"rendered":"https:\/\/imais.online\/portal\/?p=10049"},"modified":"2022-10-31T07:06:21","modified_gmt":"2022-10-31T10:06:21","slug":"em-primeiro-discurso-lula-diz-que-combate-a-miseria-e-sua-missao","status":"publish","type":"post","link":"https:\/\/imais.online\/portal\/em-primeiro-discurso-lula-diz-que-combate-a-miseria-e-sua-missao\/","title":{"rendered":"Em primeiro discurso, Lula diz que combate \u00e0 mis\u00e9ria \u00e9 sua miss\u00e3o"},"content":{"rendered":"<div class=\"imais-before-content-placement\" id=\"imais-1368086903\"><script async src=\"\/\/pagead2.googlesyndication.com\/pagead\/js\/adsbygoogle.js?client=ca-pub-8787528412751566\" crossorigin=\"anonymous\"><\/script><ins class=\"adsbygoogle\" style=\"display:block;\" data-ad-client=\"ca-pub-8787528412751566\" \ndata-ad-slot=\"\" \ndata-ad-format=\"auto\"><\/ins>\n<script> \n(adsbygoogle = window.adsbygoogle || []).push({}); \n<\/script>\n<\/div>\n<p class=\"has-text-align-center\">Petista \u00a0destacou a necessidade de unifica\u00e7\u00e3o nacional<\/p>\n\n\n\n<p>No primeiro discurso ap\u00f3s a vit\u00f3ria nas elei\u00e7\u00f5es presidenciais do Brasil, Luiz In\u00e1cio Lula da Silva (PT) destacou a necessidade de unifica\u00e7\u00e3o nacional e destacou o combate \u00e0 fome como seu principal compromisso. \u201cO Brasil \u00e9 a minha causa e combater a mis\u00e9ria \u00e9 a causa pela qual vou viver at\u00e9 o fim da minha vida\u201d, declarou. Ele falou em S\u00e3o Paulo em um hotel no Jardins ao lado de correligion\u00e1rios, como a ex-presidente Dilma Rousseff, o candidato derrotado para o governo paulista Fernando Haddad, o seu vice Geraldo Alckmin e Simone Tebet (MDB), que ficou em terceiro lugar no primeiro turno das elei\u00e7\u00f5es.<img decoding=\"async\" src=\"https:\/\/agenciabrasil.ebc.com.br\/ebc.png?id=1491423&amp;o=node\"><img decoding=\"async\" src=\"https:\/\/agenciabrasil.ebc.com.br\/ebc.gif?id=1491423&amp;o=node\"><\/p>\n\n\n\n<p>Lula\u00a0foi eleito com 50,9% dos votos. O seu oponente, o atual presidente Jair Bolsonaro (PL), conquistou 49,1% da prefer\u00eancia do eleitor. Ele agradeceu aos votos recebidos, parabenizou todos que exerceram o direito ao voto, inclusive os que foram dados a Bolsonaro, como uma pr\u00e1tica cidad\u00e3 e um dever civilizat\u00f3rio.\u00a0<\/p>\n\n\n\n<p>\u201cA partir de 1\u00b0 de janeiro de 2023, vou governar para 215 milh\u00f5es de brasileiras e brasileiros e n\u00e3o apenas para aqueles que votaram em mim. N\u00e3o existem dois Brasis. Somos um \u00fanico pa\u00eds, um \u00fanico povo e uma grande na\u00e7\u00e3o\u201d, declarou.&nbsp;<\/p>\n\n\n\n<p>Lula disse estar disposto a pacificar o pa\u00eds. \u201cTenho f\u00e9 em Deus que com a ajuda do povo n\u00f3s vamos encontrar uma sa\u00edda para que esse pa\u00eds volte a viver democraticamente, harmonicamente e que a gente possa restabelecer a paz entre as fam\u00edlias, entre os divergentes, para que a gente possa construir o mundo que n\u00f3s precisamos e o Brasil\u201d, declarou.<\/p>\n\n\n\n<h2 class=\"wp-block-heading\">Democracia e economia<\/h2>\n\n\n\n<p>Lula defendeu que a escolha hoje nas urnas foi uma escolha pela democracia. \u201c\u00c9 assim que eu entendo a democracia, n\u00e3o apenas uma palavra bonita escrita na lei, mas como algo palp\u00e1vel, que sentimos na pele e que podemos construir no dia a dia. Foi essa democracia, no sentido mais amplo do termo, que o povo brasileiro escolheu hoje nas urnas\u201d, disse.<\/p>\n\n\n\n<p>\u201c\u00c9 com essa democracia que vamos buscar cada dia do nosso governo, com crescimento econ\u00f4mico repartido com toda popula\u00e7\u00e3o, porque \u00e9 assim que a economia deve funcionar, como instrumento para melhorar a vida de todos, e n\u00e3o para perpetuar desigualdades\u201d, acrescentou.<\/p>\n\n\n\n<p>O presidente eleito se comprometeu ainda com a retomada da economia, com gera\u00e7\u00e3o de empregos, eleva\u00e7\u00e3o dos sal\u00e1rios e renegocia\u00e7\u00e3o das d\u00edvidas das fam\u00edlias. \u201cA roda da economia vai voltar a girar com os pobres voltando a fazer parte do or\u00e7amento\u201d, disse. Ele citou ainda aten\u00e7\u00e3o especial \u00e0s pol\u00edticas de incentivo \u00e0 agricultura familiar e a micro e pequenos empreendedores.<\/p>\n\n\n\n<h2 class=\"wp-block-heading\">Compromissos<\/h2>\n\n\n\n<p>O presidente eleito disse que est\u00e1 comprometido com as pol\u00edticas de combate \u00e0 viol\u00eancia contra as mulheres e sal\u00e1rios iguais para a mesma fun\u00e7\u00e3o, al\u00e9m do enfrentamento ao racismo e todas as formas de preconceito. Ele defendeu a retomada de confer\u00eancias nacionais para discuss\u00e3o e defini\u00e7\u00e3o de pol\u00edticas p\u00fablicas federais e o fortalecimento do Conselho de Desenvolvimento Econ\u00f4mico e Social. \u201cAs grandes decis\u00f5es pol\u00edticas que impactam a vida dos brasileiros n\u00e3o ser\u00e3o tomadas em sigilo, mas em di\u00e1logo com a sociedade.\u201d Lula disse que vai retomar o programa Minha Casa, Minha Vida com foco em fam\u00edlias de baixa renda.<\/p>\n\n\n\n<p>Na pol\u00edtica internacional, disse que vai retomar di\u00e1logo com pa\u00edses desenvolvidos, como Estados Unidos e pa\u00edses da Uni\u00e3o Europeia, numa posi\u00e7\u00e3o de igualdade, mas que tamb\u00e9m vai apoiar pa\u00edses em desenvolvimento. Lula defendeu o desmatamento zero da Amaz\u00f4nia com a retomada do monitoramento e vigil\u00e2ncia.<\/p>\n","protected":false},"excerpt":{"rendered":"<p>Petista \u00a0destacou a necessidade de unifica\u00e7\u00e3o nacional No primeiro discurso ap\u00f3s a vit\u00f3ria nas elei\u00e7\u00f5es presidenciais do Brasil, Luiz In\u00e1cio Lula da Silva (PT) destacou a necessidade de unifica\u00e7\u00e3o nacional e destacou o combate \u00e0 fome como seu principal compromisso. \u201cO Brasil \u00e9 a minha causa e combater a mis\u00e9ria \u00e9 a causa pela qual [&hellip;]<\/p>\n","protected":false},"author":7,"featured_media":10050,"comment_status":"closed","ping_status":"open","sticky":false,"template":"","format":"standard","meta":{"rop_custom_images_group":[],"rop_custom_messages_group":[],"rop_publish_now":"initial","rop_publish_now_accounts":[],"rop_publish_now_history":[],"rop_publish_now_status":"pending","footnotes":""},"categories":[233],"tags":[73],"class_list":["post-10049","post","type-post","status-publish","format-standard","has-post-thumbnail","hentry","category-eleicoes","tag-featured"],"amp_enabled":true,"_links":{"self":[{"href":"https:\/\/imais.online\/portal\/wp-json\/wp\/v2\/posts\/10049","targetHints":{"allow":["GET"]}}],"collection":[{"href":"https:\/\/imais.online\/portal\/wp-json\/wp\/v2\/posts"}],"about":[{"href":"https:\/\/imais.online\/portal\/wp-json\/wp\/v2\/types\/post"}],"author":[{"embeddable":true,"href":"https:\/\/imais.online\/portal\/wp-json\/wp\/v2\/users\/7"}],"replies":[{"embeddable":true,"href":"https:\/\/imais.online\/portal\/wp-json\/wp\/v2\/comments?post=10049"}],"version-history":[{"count":1,"href":"https:\/\/imais.online\/portal\/wp-json\/wp\/v2\/posts\/10049\/revisions"}],"predecessor-version":[{"id":10051,"href":"https:\/\/imais.online\/portal\/wp-json\/wp\/v2\/posts\/10049\/revisions\/10051"}],"wp:featuredmedia":[{"embeddable":true,"href":"https:\/\/imais.online\/portal\/wp-json\/wp\/v2\/media\/10050"}],"wp:attachment":[{"href":"https:\/\/imais.online\/portal\/wp-json\/wp\/v2\/media?parent=10049"}],"wp:term":[{"taxonomy":"category","embeddable":true,"href":"https:\/\/imais.online\/portal\/wp-json\/wp\/v2\/categories?post=10049"},{"taxonomy":"post_tag","embeddable":true,"href":"https:\/\/imais.online\/portal\/wp-json\/wp\/v2\/tags?post=10049"}],"curies":[{"name":"wp","href":"https:\/\/api.w.org\/{rel}","templated":true}]}}