{"id":10081,"date":"2022-11-03T16:16:57","date_gmt":"2022-11-03T19:16:57","guid":{"rendered":"https:\/\/imais.online\/portal\/?p=10081"},"modified":"2022-11-03T16:16:58","modified_gmt":"2022-11-03T19:16:58","slug":"transicao-propoe-pec-para-viabilizar-propostas-de-campanha-de-lula","status":"publish","type":"post","link":"https:\/\/imais.online\/portal\/transicao-propoe-pec-para-viabilizar-propostas-de-campanha-de-lula\/","title":{"rendered":"Transi\u00e7\u00e3o prop\u00f5e PEC para viabilizar propostas de campanha de Lula"},"content":{"rendered":"<div class=\"imais-before-content-placement\" id=\"imais-1027219976\"><script async src=\"\/\/pagead2.googlesyndication.com\/pagead\/js\/adsbygoogle.js?client=ca-pub-8787528412751566\" crossorigin=\"anonymous\"><\/script><ins class=\"adsbygoogle\" style=\"display:block;\" data-ad-client=\"ca-pub-8787528412751566\" \ndata-ad-slot=\"\" \ndata-ad-format=\"auto\"><\/ins>\n<script> \n(adsbygoogle = window.adsbygoogle || []).push({}); \n<\/script>\n<\/div>\n<h3 class=\"wp-block-heading\">Prioridade \u00e9 pagamento do Bolsa Fam\u00edlia com valor definitivo de R$ 600<\/h3>\n\n\n\n<p>Uma proposta de emenda \u00e0 Constitui\u00e7\u00e3o, que est\u00e1 sendo chamada de PEC emergencial de transi\u00e7\u00e3o, \u00e9 a aposta do presidente eleito, Luiz In\u00e1cio Lula da Silva, para viabilizar o pagamento de promessas da campanha, como o Aux\u00edlio Brasil de R$ 600, a partir de janeiro de 2023. O texto, que ser\u00e1 constru\u00eddo at\u00e9 a pr\u00f3xima ter\u00e7a-feira (8), flexibiliza o teto de gastos com despesas inadi\u00e1veis, como o programa de transfer\u00eancia de renda.<img decoding=\"async\" src=\"https:\/\/agenciabrasil.ebc.com.br\/ebc.png?id=1492077&amp;o=node\"><img decoding=\"async\" src=\"https:\/\/agenciabrasil.ebc.com.br\/ebc.gif?id=1492077&amp;o=node\"><\/p>\n\n\n\n<p>Em reuni\u00e3o na manh\u00e3 desta quinta-feira com o vice-presidente eleito, Geraldo Alckmin, integrantes da equipe de transi\u00e7\u00e3o e parlamentares petistas, o relator-geral da Comiss\u00e3o Mista de Or\u00e7amento, senador&nbsp;Marcelo Castro (MDB-PI), disse que as promessas de campanha de Lula n\u00e3o cabem na proposta or\u00e7ament\u00e1ria para 2023, que foi governo de Jair Bolsonaro. &#8220;Todos sabem que n\u00e3o tem recurso para Farm\u00e1cia Popular e que foram cortados recursos da sa\u00fade ind\u00edgena, dos imunobiol\u00f3gicos e das vacinas. O Or\u00e7amento j\u00e1 \u00e9 deficit\u00e1rio por si pr\u00f3prio. Pelo nono ano consecutivo, estamos fazendo Or\u00e7amento com d\u00e9ficit de aproximadamente R$ 65 bilh\u00f5es&#8221;, afirmou Castro.<\/p>\n\n\n\n<p>Ao sair do encontro, o coordenador da equipe de transi\u00e7\u00e3o disse que esta PECseria uma forma de redefinir os valores a serem gastos no pr\u00f3ximo ano para pagamento do Bolsa Fam\u00edlia com valor definitivo de R$ 600 e de n\u00e3o paralisar obras e servi\u00e7os p\u00fablicos.<\/p>\n\n\n\n<p>Segundo Alckmin, para que o benef\u00edcio seja pago com esse valor em janeiro, a PEC precisar ser aprovada at\u00e9 15 de dezembro. De acordo com o vice-presidente eleito, tamb\u00e9m \u00e9 preciso garantir or\u00e7amento para que servi\u00e7os p\u00fablicos e obras p\u00fablicas n\u00e3o sejam interrompidos. Alckmin agradeceu ao relator do or\u00e7amento pela boa vontade em ajudar a construir a proposta. \u201cVamos tamb\u00e9m, senador Marcelo, procurar o relator da comiss\u00e3o mista de or\u00e7amento, Celso Sabino, e conversar com os presidentes da C\u00e2mara [Arthur Lira] e do Senado [Rodrigo Pacheco].\u201d<\/p>\n\n\n\n<p>Alckmin adiantou que, na pr\u00f3xima ter\u00e7a-feira (8), haver\u00e1 novo encontro para detalhamento das necessidades.<\/p>\n\n\n\n<h2 class=\"wp-block-heading\">Lula<\/h2>\n\n\n\n<p>Na pr\u00f3xima semana, o presidente eleito desembarca em Bras\u00edlia, onde ter\u00e1 uma s\u00e9rie de reuni\u00f5es. Na ter\u00e7a-feira, Lula se encontrar\u00e1 com a presidente do Supremo Tribunal Federal, ministra Rosa Weber, e os presidentes do Senado, Rodrigo Pacheco, e do Congresso, e da C\u00e2mara dos Deputados, Arthur Lira.<\/p>\n\n\n\n<p><\/p>\n","protected":false},"excerpt":{"rendered":"<p>Prioridade \u00e9 pagamento do Bolsa Fam\u00edlia com valor definitivo de R$ 600 Uma proposta de emenda \u00e0 Constitui\u00e7\u00e3o, que est\u00e1 sendo chamada de PEC emergencial de transi\u00e7\u00e3o, \u00e9 a aposta do presidente eleito, Luiz In\u00e1cio Lula da Silva, para viabilizar o pagamento de promessas da campanha, como o Aux\u00edlio Brasil de R$ 600, a partir [&hellip;]<\/p>\n","protected":false},"author":8,"featured_media":10082,"comment_status":"closed","ping_status":"open","sticky":false,"template":"","format":"standard","meta":{"rop_custom_images_group":[],"rop_custom_messages_group":[],"rop_publish_now":"initial","rop_publish_now_accounts":[],"rop_publish_now_history":[],"rop_publish_now_status":"pending","footnotes":""},"categories":[233],"tags":[],"class_list":["post-10081","post","type-post","status-publish","format-standard","has-post-thumbnail","hentry","category-eleicoes"],"amp_enabled":true,"_links":{"self":[{"href":"https:\/\/imais.online\/portal\/wp-json\/wp\/v2\/posts\/10081","targetHints":{"allow":["GET"]}}],"collection":[{"href":"https:\/\/imais.online\/portal\/wp-json\/wp\/v2\/posts"}],"about":[{"href":"https:\/\/imais.online\/portal\/wp-json\/wp\/v2\/types\/post"}],"author":[{"embeddable":true,"href":"https:\/\/imais.online\/portal\/wp-json\/wp\/v2\/users\/8"}],"replies":[{"embeddable":true,"href":"https:\/\/imais.online\/portal\/wp-json\/wp\/v2\/comments?post=10081"}],"version-history":[{"count":1,"href":"https:\/\/imais.online\/portal\/wp-json\/wp\/v2\/posts\/10081\/revisions"}],"predecessor-version":[{"id":10083,"href":"https:\/\/imais.online\/portal\/wp-json\/wp\/v2\/posts\/10081\/revisions\/10083"}],"wp:featuredmedia":[{"embeddable":true,"href":"https:\/\/imais.online\/portal\/wp-json\/wp\/v2\/media\/10082"}],"wp:attachment":[{"href":"https:\/\/imais.online\/portal\/wp-json\/wp\/v2\/media?parent=10081"}],"wp:term":[{"taxonomy":"category","embeddable":true,"href":"https:\/\/imais.online\/portal\/wp-json\/wp\/v2\/categories?post=10081"},{"taxonomy":"post_tag","embeddable":true,"href":"https:\/\/imais.online\/portal\/wp-json\/wp\/v2\/tags?post=10081"}],"curies":[{"name":"wp","href":"https:\/\/api.w.org\/{rel}","templated":true}]}}