{"id":10158,"date":"2022-11-08T09:05:29","date_gmt":"2022-11-08T12:05:29","guid":{"rendered":"https:\/\/imais.online\/portal\/?p=10158"},"modified":"2022-11-08T09:05:30","modified_gmt":"2022-11-08T12:05:30","slug":"cop27-governo-de-sp-apresenta-balanco-das-acoes-para-preservacao-ambiental","status":"publish","type":"post","link":"https:\/\/imais.online\/portal\/cop27-governo-de-sp-apresenta-balanco-das-acoes-para-preservacao-ambiental\/","title":{"rendered":"COP27: Governo de SP apresenta balan\u00e7o das a\u00e7\u00f5es para preserva\u00e7\u00e3o ambiental"},"content":{"rendered":"<div class=\"imais-before-content-placement\" id=\"imais-2416775781\"><script async src=\"\/\/pagead2.googlesyndication.com\/pagead\/js\/adsbygoogle.js?client=ca-pub-8787528412751566\" crossorigin=\"anonymous\"><\/script><ins class=\"adsbygoogle\" style=\"display:block;\" data-ad-client=\"ca-pub-8787528412751566\" \ndata-ad-slot=\"\" \ndata-ad-format=\"auto\"><\/ins>\n<script> \n(adsbygoogle = window.adsbygoogle || []).push({}); \n<\/script>\n<\/div>\n<p class=\"has-text-align-center\">S\u00e3o Paulo \u00e9 signat\u00e1rio das Campanhas da ONU para reduzir emiss\u00f5es de carbono e promover medidas de adapta\u00e7\u00e3o \u00e0s mudan\u00e7as no clima<\/p>\n\n\n\n<p>O Governo do Estado de S\u00e3o Paulo chega \u00e0 COP27, na cidade de Sharm El Sheik, no Egito, com o objetivo de manter os compromissos assumidos com entidades internacionais e com a Associa\u00e7\u00e3o Brasileira de Entidades Estaduais de Meio Ambiente (ABEMA) para redu\u00e7\u00e3o, mitiga\u00e7\u00e3o e adapta\u00e7\u00e3o \u00e0s mudan\u00e7as clim\u00e1ticas. S\u00e3o Paulo estar\u00e1 ao lado de outros 18 estados brasileiros que confirmaram participa\u00e7\u00e3o na Confer\u00eancia.<\/p>\n\n\n\n<p>Al\u00e9m disso, o Governo de SP far\u00e1 um balan\u00e7o das principais pol\u00edticas p\u00fablicas de preserva\u00e7\u00e3o ambiental em andamento em todo o estado. S\u00e3o medidas inovadoras de sustentabilidade que colocam S\u00e3o Paulo \u00e0 frente da pauta ambiental em todo o pa\u00eds.<\/p>\n\n\n\n<p>Entre as a\u00e7\u00f5es est\u00e3o, por exemplo, o Plano de A\u00e7\u00e3o Clim\u00e1tica, que estar\u00e1 em consulta p\u00fablica; o programa Refloresta que vai recuperar 1,5 milh\u00e3o de hectares degradados; o Renasce Tiet\u00ea que j\u00e1 garantiu financiamento no valor de R$500 milh\u00f5es para revitaliza\u00e7\u00e3o das nascentes de um dos rios mais importantes do estado, al\u00e9m do programa Novo Rio Pinheiros com um conjunto de medidas que est\u00e3o contribuindo para a despolui\u00e7\u00e3o do rio paulistano.<\/p>\n\n\n\n<p>\u201cLevaremos \u00e0 COP27 um balan\u00e7o das a\u00e7\u00f5es clim\u00e1ticas e economia verde que s\u00e3o SP vem realizando e abrange governan\u00e7a clim\u00e1tica; biodiversidade e bioeconomia; agricultura sustent\u00e1vel; energia e transporte; recursos h\u00eddricos, al\u00e9m de pesquisa e inova\u00e7\u00e3o\u201d, explica o secret\u00e1rio de Infraestrutura e Meio Ambiente, Fernando Chucre.<\/p>\n\n\n\n<p>Em 2019, o Governo do Estado lan\u00e7ou o Acordo Ambiental S\u00e3o Paulo. Inicialmente com 55 aderentes, hoje conta com 1.660 e tem como objetivo incentivar empresas paulistas, associa\u00e7\u00f5es e munic\u00edpios a assumirem compromissos volunt\u00e1rios de redu\u00e7\u00e3o de emiss\u00e3o de gases de efeito estufa.<\/p>\n\n\n\n<p>A iniciativa agrega, ainda, entidades estrangeiras convidadas como \u201cObservadores Internacionais\u201d visando fortalecer a sua coopera\u00e7\u00e3o. Est\u00e3o entre elas est\u00e3o o Consulado Geral Brit\u00e2nico, em S\u00e3o Paulo, o Consulado Geral da Fran\u00e7a, em S\u00e3o Paulo, os escrit\u00f3rios regionais do PNUD \u2013 Programa das Na\u00e7\u00f5es Unidas para o Desenvolvimento e o PNUMA \u2013 Programa das Na\u00e7\u00f5es Unidas para o Meio Ambiente.<\/p>\n\n\n\n<p><strong>Compromissos internacionais<\/strong><\/p>\n\n\n\n<p>No \u00e2mbito das campanhas da ONU, SP foi escolhido como coordenador da Am\u00e9rica Latina pela Under2 Coalition que promove a campanha Race to Zero com o objetivo de zerar as emiss\u00f5es l\u00edquidas de gases de efeito estufa at\u00e9 2050. Tamb\u00e9m \u00e9 membro ativo da organiza\u00e7\u00e3o mundial Regions4 que re\u00fane estados subnacionais a fim de promover o Race to Resilience que tem o compromisso de elaborar a\u00e7\u00f5es para adapta\u00e7\u00e3o e resili\u00eancia.<\/p>\n\n\n\n<p>\u201cO Estado \u00e9 signat\u00e1rio das campanhas da ONU Race to Zero e Race to Resilience que visa reduzir as emiss\u00f5es de poluentes. Tamb\u00e9m firmou acordos importantes para a pol\u00edtica ambiental paulista, o que garantiu financiamentos, troca de experi\u00eancias e capacita\u00e7\u00e3o t\u00e9cnica das equipes. N\u00f3s entendemos que s\u00e3o a\u00e7\u00f5es importantes de Governo que devem ser continuadas\u201d, explica o subsecret\u00e1rio Eduardo Trani.<\/p>\n\n\n\n<p>O programa Munic\u00edpios Paulistas Resilientes em parceria com a GYZ (Deutsche Gesellschaft f\u00fcr Internationale Zusammenarbeit), ag\u00eancia t\u00e9cnica do governo alem\u00e3o no Brasil, permitiu a implementa\u00e7\u00e3o do projeto pioneiro no pa\u00eds que vem capacitando munic\u00edpios para que desenvolvam os planos de adapta\u00e7\u00e3o de seus territ\u00f3rios e adotem medidas frente aos impactos das mudan\u00e7as clim\u00e1ticas.<\/p>\n\n\n\n<p>A ag\u00eancia alem\u00e3 tamb\u00e9m possui coopera\u00e7\u00e3o t\u00e9cnica para o Plano de A\u00e7\u00e3o Clim\u00e1tica \u2013 Net Zero 2050 \u2013 que entrar\u00e1 em consulta p\u00fablica no Brasil durante a COP-27.<\/p>\n\n\n\n<p>No campo da energia, a estatal sueca Swedfund aporta R$ 3 milh\u00f5es no estudo sobre tecnologias para produ\u00e7\u00e3o de biog\u00e1s e biometano, provenientes de aterros, lodo de esta\u00e7\u00f5es de tratamento de esgoto e res\u00edduos do setor sucroenerg\u00e9tico com potencial de uso no estado com o objetivo de descarbonizar o transporte.<\/p>\n\n\n\n<p>Em 2021, a Sabesp, terceira maior Companhia de Saneamento do mundo, firmou uma parceria in\u00e9dita com a Conven\u00e7\u00e3o\u2010Quadro das Na\u00e7\u00f5es Unidas sobre Mudan\u00e7as Clim\u00e1ticas (UNFCCC) e tem participado do amplo debate mundial. A empresa investe em a\u00e7\u00f5es que comp\u00f5e a agenda ESG, especialmente com rela\u00e7\u00e3o \u00e0 seguran\u00e7a h\u00eddrica uma vez que \u00e9 respons\u00e1vel pelo abastecimento de 28 milh\u00f5es de paulistas. A Companhia possui ainda conv\u00eanio com a Funda\u00e7\u00e3o Amaz\u00f4nia Sustent\u00e1vel que permite doa\u00e7\u00f5es para popula\u00e7\u00f5es ribeirinhas e ind\u00edgena na regi\u00e3o para conserva\u00e7\u00e3o da floresta, al\u00e9m de atuar no reaproveitamento dos res\u00edduos para gera\u00e7\u00e3o de energia e massa asf\u00e1ltica.<\/p>\n\n\n\n<p>Ao lado de Fran\u00e7a e Alemanha, S\u00e3o Paulo conta ainda com acordos bilaterais firmados pela SERI com Estados Unidos, Canad\u00e1 e Reino Unido no tocante ao meio ambiente.<\/p>\n\n\n\n<p>\u201cIniciativas paulistas inseriram o Brasil como membro da comunidade de l\u00edderes em mudan\u00e7as clim\u00e1ticas. O Estado assume sua responsabilidade e protagonismo na implementa\u00e7\u00e3o de novas tecnologias e solu\u00e7\u00f5es em busca da preserva\u00e7\u00e3o e recupera\u00e7\u00e3o do meio ambiente. Temos compromissos assumidos mundialmente com o desenvolvimento sustent\u00e1vel\u201d, afirma o secret\u00e1rio Julio Serson.<\/p>\n\n\n\n<p>Os secret\u00e1rios de Infraestrutura e Meio Ambiente, Fernando Chucre, e de Governo, Marcos Penido, estar\u00e3o presentes na confer\u00eancia durante a primeira semana do encontro. A segunda semana contar\u00e1 com o subsecret\u00e1rio de Meio Ambiente, Eduardo Trani, e os presidentes da Sabesp, Benedito Braga, e da Cetesb, Patr\u00edcia Iglecias.<\/p>\n","protected":false},"excerpt":{"rendered":"<p>S\u00e3o Paulo \u00e9 signat\u00e1rio das Campanhas da ONU para reduzir emiss\u00f5es de carbono e promover medidas de adapta\u00e7\u00e3o \u00e0s mudan\u00e7as no clima O Governo do Estado de S\u00e3o Paulo chega \u00e0 COP27, na cidade de Sharm El Sheik, no Egito, com o objetivo de manter os compromissos assumidos com entidades internacionais e com a Associa\u00e7\u00e3o [&hellip;]<\/p>\n","protected":false},"author":7,"featured_media":10159,"comment_status":"closed","ping_status":"open","sticky":false,"template":"","format":"standard","meta":{"rop_custom_images_group":[],"rop_custom_messages_group":[],"rop_publish_now":"initial","rop_publish_now_accounts":[],"rop_publish_now_history":[],"rop_publish_now_status":"pending","footnotes":""},"categories":[195],"tags":[73],"class_list":["post-10158","post","type-post","status-publish","format-standard","has-post-thumbnail","hentry","category-sao-paulo","tag-featured"],"amp_enabled":true,"_links":{"self":[{"href":"https:\/\/imais.online\/portal\/wp-json\/wp\/v2\/posts\/10158","targetHints":{"allow":["GET"]}}],"collection":[{"href":"https:\/\/imais.online\/portal\/wp-json\/wp\/v2\/posts"}],"about":[{"href":"https:\/\/imais.online\/portal\/wp-json\/wp\/v2\/types\/post"}],"author":[{"embeddable":true,"href":"https:\/\/imais.online\/portal\/wp-json\/wp\/v2\/users\/7"}],"replies":[{"embeddable":true,"href":"https:\/\/imais.online\/portal\/wp-json\/wp\/v2\/comments?post=10158"}],"version-history":[{"count":1,"href":"https:\/\/imais.online\/portal\/wp-json\/wp\/v2\/posts\/10158\/revisions"}],"predecessor-version":[{"id":10160,"href":"https:\/\/imais.online\/portal\/wp-json\/wp\/v2\/posts\/10158\/revisions\/10160"}],"wp:featuredmedia":[{"embeddable":true,"href":"https:\/\/imais.online\/portal\/wp-json\/wp\/v2\/media\/10159"}],"wp:attachment":[{"href":"https:\/\/imais.online\/portal\/wp-json\/wp\/v2\/media?parent=10158"}],"wp:term":[{"taxonomy":"category","embeddable":true,"href":"https:\/\/imais.online\/portal\/wp-json\/wp\/v2\/categories?post=10158"},{"taxonomy":"post_tag","embeddable":true,"href":"https:\/\/imais.online\/portal\/wp-json\/wp\/v2\/tags?post=10158"}],"curies":[{"name":"wp","href":"https:\/\/api.w.org\/{rel}","templated":true}]}}