{"id":10186,"date":"2022-11-09T15:00:42","date_gmt":"2022-11-09T18:00:42","guid":{"rendered":"https:\/\/imais.online\/portal\/?p=10186"},"modified":"2022-11-09T15:00:44","modified_gmt":"2022-11-09T18:00:44","slug":"secretaria-de-agricultura-faz-acao-conjunto-do-car-com-rotas-rurais-no-interior-de-sp","status":"publish","type":"post","link":"https:\/\/imais.online\/portal\/secretaria-de-agricultura-faz-acao-conjunto-do-car-com-rotas-rurais-no-interior-de-sp\/","title":{"rendered":"Secretaria de Agricultura faz a\u00e7\u00e3o conjunto do CAR com Rotas Rurais no interior de SP"},"content":{"rendered":"<div class=\"imais-before-content-placement\" id=\"imais-1397868721\"><script async src=\"\/\/pagead2.googlesyndication.com\/pagead\/js\/adsbygoogle.js?client=ca-pub-8787528412751566\" crossorigin=\"anonymous\"><\/script><ins class=\"adsbygoogle\" style=\"display:block;\" data-ad-client=\"ca-pub-8787528412751566\" \ndata-ad-slot=\"\" \ndata-ad-format=\"auto\"><\/ins>\n<script> \n(adsbygoogle = window.adsbygoogle || []).push({}); \n<\/script>\n<\/div>\n<p>A import\u00e2ncia dos programas da Secretaria de Agricultura, CAR (Cadastro Ambiental Rural) e Rotas Rurais (que entrega o endere\u00e7amento digital \u00e0s propriedades do campo) ningu\u00e9m discute!<\/p>\n\n\n\n<p>O CAR, o Cadastro Ambiental Rural \u00e9 uma das ferramentas mais importantes desenvolvidas pela SAA. S\u00f3 para se ter ideia, neste momento, 100% das propriedades do estado (mais de 404 mil) j\u00e1 est\u00e3o cadastradas em sistema e, at\u00e9 o final do ano, 100% ter\u00e3o sido analisadas.<\/p>\n\n\n\n<p>J\u00e1 o Rotas Rurais, que entrega o endere\u00e7o, digital, \u00e0s propriedades do campo, avan\u00e7a sobre mais de 470 munic\u00edpios e at\u00e9 o final de novembro, estar\u00e1 dispon\u00edvel em 100% das cidades paulistas.<\/p>\n\n\n\n<p>Agora, em a\u00e7\u00e3o in\u00e9dita, a Secretaria de Agricultura vai juntar ambos os programas. Na pr\u00f3xima quinta-feira, a SAA vai realizar um grande mutir\u00e3o nas cidades de Monte Mor(1), Rosana(2), Rosana(3), Euclides da Cunha Paulista(4), Guar\u00e1 (5), Salto e Itu (6), General Salgado (7), Sarutaia (8), Dois C\u00f3rregos (9) e Maraca\u00ed (10) para que o propriet\u00e1rio\/usu\u00e1rio v\u00e1 at\u00e9 um local espec\u00edfico (cujos endere\u00e7os est\u00e3o abaixo), d\u00ea o aceite no CAR e, ainda, receba impresso o seu endere\u00e7o digital do Programa Rotas Rurais.<\/p>\n\n\n\n<p>Para recepcionar os interessados, t\u00e9cnicos da secretaria estar\u00e3o presentes no evento para quaisquer esclarecimentos adicionais e\/ou d\u00favidas.<\/p>\n\n\n\n<p>Conforme diz o secret\u00e1rio Francisco Matturro, por muitas vezes, SAA tem que ir ao encontro do propriet\u00e1rio de im\u00f3vel rural para executar seu trabalho; \u201cSa\u00edmos do escrit\u00f3rio, com todo nosso time e estrutura, e vamos ao campo. Essa \u00e9 a disposi\u00e7\u00e3o que o Governo do Estado de S\u00e3o Paulo mostra para auxiliar o homem do campo paulista em mais esta empreitada\u201d, completou.<\/p>\n\n\n\n<p><strong>Aten\u00e7\u00e3o <\/strong>MONTE MOR, ROSANA, EUCLIDES DA CUNHA PAULISTA, GUAR\u00c1, SALTO, ITU, GENERAL SALGADO, SARUTAIA, DOIS C\u00d3RREGOS E MARACA\u00cd<strong>!<\/strong><\/p>\n\n\n\n<p><strong><u>Servi\u00e7o<\/u><\/strong>; ACEITE DO CAR e ENTREGA DE ENDERE\u00c7AMENTO DIGITAL DO ROTAS RURAIS<\/p>\n\n\n\n<p>Local 1; Em <strong>Monte Mor<\/strong> &#8212; Casa da Agricultura (09h\/16h) <strong><em>*(somente a\u00e7\u00e3o do CAR)<\/em><\/strong><\/p>\n\n\n\n<p>Endere\u00e7o; R. 24 de Mar\u00e7o, 85, Centro, Monte Mor &#8211; SP<\/p>\n\n\n\n<p>Local 2; Em <strong>Rosana<\/strong> &#8212; Casa da Agricultura (09h\/12h)<\/p>\n\n\n\n<p>Endere\u00e7o; R. do Est\u00e1dio, 211, quadra 158, Rosana &#8211; SP<\/p>\n\n\n\n<p>Local 3; Em <strong>Rosana<\/strong> &#8212; Posto de Atendimento Avan\u00e7ado (13h\/15h)<\/p>\n\n\n\n<p>Endere\u00e7o; R. Agrovila no setor II Gleba XV de Novembro, Rosana &#8211; SP<\/p>\n\n\n\n<p>Local 4; Em <strong>Euclides da Cunha Paulista<\/strong>&#8212; Anfiteatro Municipal (09h\/16h)<\/p>\n\n\n\n<p>Endere\u00e7o; R. Anestor Frederico Vicensotto, S\/N, Centro, Euclides da Cunha Paulista &#8211; SP<\/p>\n\n\n\n<p>Local 5; Em <strong>Guar\u00e1<\/strong> &#8212; Sindicato Rural F\u00e1bio Meireles (09h\/16h)<\/p>\n\n\n\n<p>Endere\u00e7o; Av. Dr. Francisco de Paula Le\u00e3o, 1250, Guar\u00e1 &#8212; SP<\/p>\n\n\n\n<p>Local 6; Em <strong>General Salgado<\/strong> &#8212; CATI Regional (09h\/16h)<\/p>\n\n\n\n<p>Endere\u00e7o; Av. Jo\u00e3o Garcia, 1264, General Salgado &#8211; SP<\/p>\n\n\n\n<p>Local 7; Em <strong>Salto e Itu<\/strong> &#8212; Casa da Agricultura (09h\/16h) <strong><em>*(somente a\u00e7\u00e3o do CAR)<\/em><\/strong><\/p>\n\n\n\n<p>Endere\u00e7o; R. Rodrigues Alves, 635, Salto &#8211; SP<\/p>\n\n\n\n<p>Local 8; Em <strong>Sarutaia<\/strong> &#8212; Casa da Agricultura (09h\/16h)<\/p>\n\n\n\n<p>Endere\u00e7o; R. Joaquim Franco de Godoy, 489, Sarutaia &#8211; SP<\/p>\n\n\n\n<p>Local 9; Em <strong>Dois C\u00f3rregos<\/strong> &#8212; Casa da Agricultura (09h\/16h)<strong><em>&nbsp;<\/em><\/strong><\/p>\n\n\n\n<p>Endere\u00e7o; R. 13 de maio, 1161, Dois C\u00f3rregos &#8211; SP<\/p>\n\n\n\n<p>Local 10; Em <strong>Maraca\u00ed<\/strong> &#8212; Sindicato Rural Patronal de Maraca\u00ed (08h\/16h)<\/p>\n\n\n\n<p>Endere\u00e7o; R. Antonimo Jos\u00e9 de Carvalho, 300, Centro, Maraca\u00ed &#8211; SP<\/p>\n\n\n\n<p>Data: 10\/11\/2022, quinta-feira *A SAA pede que todos, que j\u00e1 fizeram o Cadastro Ambiental Rural, compare\u00e7am com seu n\u00famero do CAR, pois ele ser\u00e1 a refer\u00eancia para a execu\u00e7\u00e3o dos servi\u00e7os. Solicita-se tamb\u00e9m que as pessoas interessadas levem consigo seus documentos pessoais (CPF\/RG).<\/p>\n","protected":false},"excerpt":{"rendered":"<p>A import\u00e2ncia dos programas da Secretaria de Agricultura, CAR (Cadastro Ambiental Rural) e Rotas Rurais (que entrega o endere\u00e7amento digital \u00e0s propriedades do campo) ningu\u00e9m discute! O CAR, o Cadastro Ambiental Rural \u00e9 uma das ferramentas mais importantes desenvolvidas pela SAA. S\u00f3 para se ter ideia, neste momento, 100% das propriedades do estado (mais de [&hellip;]<\/p>\n","protected":false},"author":7,"featured_media":10187,"comment_status":"closed","ping_status":"open","sticky":false,"template":"","format":"standard","meta":{"rop_custom_images_group":[],"rop_custom_messages_group":[],"rop_publish_now":"initial","rop_publish_now_accounts":[],"rop_publish_now_history":[],"rop_publish_now_status":"pending","footnotes":""},"categories":[194],"tags":[],"class_list":["post-10186","post","type-post","status-publish","format-standard","has-post-thumbnail","hentry","category-regia"],"amp_enabled":true,"_links":{"self":[{"href":"https:\/\/imais.online\/portal\/wp-json\/wp\/v2\/posts\/10186","targetHints":{"allow":["GET"]}}],"collection":[{"href":"https:\/\/imais.online\/portal\/wp-json\/wp\/v2\/posts"}],"about":[{"href":"https:\/\/imais.online\/portal\/wp-json\/wp\/v2\/types\/post"}],"author":[{"embeddable":true,"href":"https:\/\/imais.online\/portal\/wp-json\/wp\/v2\/users\/7"}],"replies":[{"embeddable":true,"href":"https:\/\/imais.online\/portal\/wp-json\/wp\/v2\/comments?post=10186"}],"version-history":[{"count":1,"href":"https:\/\/imais.online\/portal\/wp-json\/wp\/v2\/posts\/10186\/revisions"}],"predecessor-version":[{"id":10188,"href":"https:\/\/imais.online\/portal\/wp-json\/wp\/v2\/posts\/10186\/revisions\/10188"}],"wp:featuredmedia":[{"embeddable":true,"href":"https:\/\/imais.online\/portal\/wp-json\/wp\/v2\/media\/10187"}],"wp:attachment":[{"href":"https:\/\/imais.online\/portal\/wp-json\/wp\/v2\/media?parent=10186"}],"wp:term":[{"taxonomy":"category","embeddable":true,"href":"https:\/\/imais.online\/portal\/wp-json\/wp\/v2\/categories?post=10186"},{"taxonomy":"post_tag","embeddable":true,"href":"https:\/\/imais.online\/portal\/wp-json\/wp\/v2\/tags?post=10186"}],"curies":[{"name":"wp","href":"https:\/\/api.w.org\/{rel}","templated":true}]}}