{"id":10257,"date":"2022-11-13T11:47:00","date_gmt":"2022-11-13T14:47:00","guid":{"rendered":"https:\/\/imais.online\/portal\/?p=10257"},"modified":"2022-11-13T11:50:51","modified_gmt":"2022-11-13T14:50:51","slug":"governo-de-sp-sanciona-lei-do-novo-icms-educacional","status":"publish","type":"post","link":"https:\/\/imais.online\/portal\/governo-de-sp-sanciona-lei-do-novo-icms-educacional\/","title":{"rendered":"Governo de SP sanciona lei do novo ICMS Educacional"},"content":{"rendered":"<div class=\"imais-before-content-placement\" id=\"imais-4230295851\"><script async src=\"\/\/pagead2.googlesyndication.com\/pagead\/js\/adsbygoogle.js?client=ca-pub-8787528412751566\" crossorigin=\"anonymous\"><\/script><ins class=\"adsbygoogle\" style=\"display:block;\" data-ad-client=\"ca-pub-8787528412751566\" \ndata-ad-slot=\"\" \ndata-ad-format=\"auto\"><\/ins>\n<script> \n(adsbygoogle = window.adsbygoogle || []).push({}); \n<\/script>\n<\/div>\n<p class=\"has-text-align-center\">Legisla\u00e7\u00e3o oferece aos munic\u00edpios paulistas repasses financeiros com base na qualidade da educa\u00e7\u00e3o<\/p>\n\n\n\n<p>O governador Rodrigo Garcia sancionou nesta sexta-feira (11) a lei do novo ICMS Educacional. O projeto do Executivo altera os crit\u00e9rios de distribui\u00e7\u00e3o do produto da arrecada\u00e7\u00e3o do ICMS (Imposto de Circula\u00e7\u00e3o de Mercadoria de Servi\u00e7os) ao desempenho da educa\u00e7\u00e3o dos munic\u00edpios.<\/p>\n\n\n\n<p>\u201cGrandes avan\u00e7os na Educa\u00e7\u00e3o. Quanto mais voc\u00ea faz, mais percebe o que tem a ser feito. S\u00e3o Paulo \u00e9 S\u00e3o Paulo por isso, com novos desafios consegue avan\u00e7ar e a gente torce que o pr\u00f3ximo governo fa\u00e7a ainda mais, porque quem ganha com isso \u00e9 o Estado. \u00c9 muito mais por voc\u00eas do que circunstancialmente pela minha presen\u00e7a que eu assino e sanciono o novo ICMS Educacional\u201d, disse Rodrigo Garcia.<\/p>\n\n\n\n<p>A proposta estadual atende \u00e0s recentes normativas constitucionais e cria um novo mecanismo de distribui\u00e7\u00e3o do imposto baseado no desempenho educacional dos munic\u00edpios, chegando at\u00e9 13 p.p dos 35% previstos na cota municipal. Pelo projeto tamb\u00e9m, os munic\u00edpios que demonstrarem avan\u00e7os, especialmente aqueles com baixos n\u00edveis de aprendizagem, ser\u00e3o igualmente premiados.<\/p>\n\n\n\n<p>O c\u00e1lculo do novo ICMS Educacional considera alguns indicadores de desempenho como o IQEM (\u00cdndice de Qualidade da Educa\u00e7\u00e3o Municipal) constitu\u00eddo pela taxa de aprova\u00e7\u00e3o dos alunos do 1 \u00ba ao 5\u00ba ano do ensino fundamental; resultado e evolu\u00e7\u00e3o em avalia\u00e7\u00f5es de alfabetiza\u00e7\u00e3o e aprendizagem do Saresp (Sistema de Avalia\u00e7\u00e3o de Rendimento Escolar do Estado de S\u00e3o Paulo) dos alunos do 2\u00ba e 5\u00ba ano; e por um indicador que considera a popula\u00e7\u00e3o, o n\u00famero de matr\u00edculas na rede municipal e a quantidade de alunos vulner\u00e1veis no munic\u00edpio.<\/p>\n\n\n\n<p>A aplica\u00e7\u00e3o das avalia\u00e7\u00f5es do Saresp est\u00e1 prevista para o pr\u00f3ximo ano e os resultados em 2024. Com isso, o IPM (\u00cdndice de Participa\u00e7\u00e3o dos Munic\u00edpios) ser\u00e1 elaborado considerando o crit\u00e9rio educacional divulgado em 2024. A validade das novas regras para fins dos repasses do ICMS ter\u00e1 in\u00edcio a partir de 2025.<\/p>\n\n\n\n<p>J\u00e1 para garantir a validade estat\u00edstica das avalia\u00e7\u00f5es do IQEM do 1\u00ba a 5\u00ba ano do ensino fundamental ser\u00e1 necess\u00e1rio, no m\u00ednimo, 80% de participa\u00e7\u00e3o dos alunos da rede municipal. A nova legisla\u00e7\u00e3o prev\u00ea instrumentos de transi\u00e7\u00e3o para os munic\u00edpios se adequarem \u00e0s novas regras. O Governo do Estado dever\u00e1 propor, ainda, em at\u00e9 10 anos, a amplia\u00e7\u00e3o do escopo do IQEM, incorporando avalia\u00e7\u00e3o de desempenho e informa\u00e7\u00f5es do fluxo escolar dos anos finais do ensino fundamental da rede municipal.<\/p>\n","protected":false},"excerpt":{"rendered":"<p>Legisla\u00e7\u00e3o oferece aos munic\u00edpios paulistas repasses financeiros com base na qualidade da educa\u00e7\u00e3o O governador Rodrigo Garcia sancionou nesta sexta-feira (11) a lei do novo ICMS Educacional. O projeto do Executivo altera os crit\u00e9rios de distribui\u00e7\u00e3o do produto da arrecada\u00e7\u00e3o do ICMS (Imposto de Circula\u00e7\u00e3o de Mercadoria de Servi\u00e7os) ao desempenho da educa\u00e7\u00e3o dos munic\u00edpios. [&hellip;]<\/p>\n","protected":false},"author":7,"featured_media":10258,"comment_status":"closed","ping_status":"open","sticky":false,"template":"","format":"standard","meta":{"rop_custom_images_group":[],"rop_custom_messages_group":[],"rop_publish_now":"initial","rop_publish_now_accounts":[],"rop_publish_now_history":[],"rop_publish_now_status":"pending","footnotes":""},"categories":[195],"tags":[73],"class_list":["post-10257","post","type-post","status-publish","format-standard","has-post-thumbnail","hentry","category-sao-paulo","tag-featured"],"amp_enabled":true,"_links":{"self":[{"href":"https:\/\/imais.online\/portal\/wp-json\/wp\/v2\/posts\/10257","targetHints":{"allow":["GET"]}}],"collection":[{"href":"https:\/\/imais.online\/portal\/wp-json\/wp\/v2\/posts"}],"about":[{"href":"https:\/\/imais.online\/portal\/wp-json\/wp\/v2\/types\/post"}],"author":[{"embeddable":true,"href":"https:\/\/imais.online\/portal\/wp-json\/wp\/v2\/users\/7"}],"replies":[{"embeddable":true,"href":"https:\/\/imais.online\/portal\/wp-json\/wp\/v2\/comments?post=10257"}],"version-history":[{"count":1,"href":"https:\/\/imais.online\/portal\/wp-json\/wp\/v2\/posts\/10257\/revisions"}],"predecessor-version":[{"id":10259,"href":"https:\/\/imais.online\/portal\/wp-json\/wp\/v2\/posts\/10257\/revisions\/10259"}],"wp:featuredmedia":[{"embeddable":true,"href":"https:\/\/imais.online\/portal\/wp-json\/wp\/v2\/media\/10258"}],"wp:attachment":[{"href":"https:\/\/imais.online\/portal\/wp-json\/wp\/v2\/media?parent=10257"}],"wp:term":[{"taxonomy":"category","embeddable":true,"href":"https:\/\/imais.online\/portal\/wp-json\/wp\/v2\/categories?post=10257"},{"taxonomy":"post_tag","embeddable":true,"href":"https:\/\/imais.online\/portal\/wp-json\/wp\/v2\/tags?post=10257"}],"curies":[{"name":"wp","href":"https:\/\/api.w.org\/{rel}","templated":true}]}}