{"id":10264,"date":"2022-11-14T10:06:22","date_gmt":"2022-11-14T13:06:22","guid":{"rendered":"https:\/\/imais.online\/portal\/?p=10264"},"modified":"2022-11-14T10:06:24","modified_gmt":"2022-11-14T13:06:24","slug":"sp-homenageia-personalidades-negras-em-exposicao-coletiva-de-grafites","status":"publish","type":"post","link":"https:\/\/imais.online\/portal\/sp-homenageia-personalidades-negras-em-exposicao-coletiva-de-grafites\/","title":{"rendered":"SP homenageia personalidades negras em exposi\u00e7\u00e3o coletiva de grafites"},"content":{"rendered":"<div class=\"imais-before-content-placement\" id=\"imais-3795923631\"><script async src=\"\/\/pagead2.googlesyndication.com\/pagead\/js\/adsbygoogle.js?client=ca-pub-8787528412751566\" crossorigin=\"anonymous\"><\/script><ins class=\"adsbygoogle\" style=\"display:block;\" data-ad-client=\"ca-pub-8787528412751566\" \ndata-ad-slot=\"\" \ndata-ad-format=\"auto\"><\/ins>\n<script> \n(adsbygoogle = window.adsbygoogle || []).push({}); \n<\/script>\n<\/div>\n<p class=\"has-text-align-center\">A mostra \u00e9 uma das atividades que marcam o m\u00eas da consci\u00eancia negra<\/p>\n\n\n\n<p>O Museu da Imagem e do Som (MIS) est\u00e1 homenageando em novembro, m\u00eas da Consci\u00eancia Negra, 81 personalidades negras em uma megaexposi\u00e7\u00e3o coletiva de grafites. As obras, realizadas por 81 artistas da periferia de cidades paulistas, est\u00e3o expostas na sede do museu. Reprodu\u00e7\u00f5es dos trabalhos est\u00e3o espalhadas por quase uma centena de espa\u00e7os culturais paulistas, como o Museu Afro Brasil, o Memorial da Am\u00e9rica Latina, e as F\u00e1bricas de Cultura.<img decoding=\"async\" src=\"https:\/\/agenciabrasil.ebc.com.br\/ebc.png?id=1493582&amp;o=node\"><img decoding=\"async\" src=\"https:\/\/agenciabrasil.ebc.com.br\/ebc.gif?id=1493582&amp;o=node\"><\/p>\n\n\n\n<p>A exposi\u00e7\u00e3o faz parte da programa\u00e7\u00e3o da Virada da Consci\u00eancia Negra, composta por 220 atividades nos museus, bibliotecas, teatros, F\u00e1bricas de Cultura e institui\u00e7\u00f5es da Secretaria de Cultura e Economia Criativa do Estado de S\u00e3o Paulo.<\/p>\n\n\n\n<p>\u201c[A nossa inten\u00e7\u00e3o \u00e9] dar grande visibilidade aos artistas negros e suas obras de maneira a evidenciar a imensa contribui\u00e7\u00e3o que esses artistas deram para a cena cultural do nosso pa\u00eds ao longo do tempo. A ideia foi realizar atividades que sejam capazes de dar esta visibilidade, que \u00e9 uma visibilidade mais do que merecida, mais do que justa\u201d, destacou o secret\u00e1rio de Cultura e Economia Criativa, S\u00e9rgio S\u00e1 Leit\u00e3o, em entrevista a Ag\u00eancia Brasil.<\/p>\n\n\n\n<p>\u201c[Propusemos] atividades que estimulem o p\u00fablico a refletir sobre esse mal que \u00e9 o racismo, que infelizmente ainda persiste na sociedade brasileira, e \u00e9 um mal que precisa ser extirpado, que precisa ser combatido. A ideia \u00e9 que essas atividades convidem a popula\u00e7\u00e3o a pensar e refletir sobre a quest\u00e3o do racismo, mas com este sentido, de gerar indigna\u00e7\u00e3o em rela\u00e7\u00e3o ao racismo e gerar o rep\u00fadio ao racismo\u201d, acrescentou.<\/p>\n\n\n\n<p>Entre as personalidades negras homenageadas est\u00e1 Emanoel Ara\u00fajo, fundador, diretor e curador do Museu Afro Brasil, falecido no \u00faltimo dia 7 de setembro, reconhecido por defender, valorizar e dar visibilidade \u00e0 produ\u00e7\u00e3o afro-brasileira nos mais diversos campos. Tamb\u00e9m \u00e9 homenageada a cantora Elza Soares, falecida no in\u00edcio do ano, e refer\u00eancia da m\u00fasica negra.<\/p>\n\n\n\n<h2 class=\"wp-block-heading\">Grafite<\/h2>\n\n\n\n<p>De acordo com o secret\u00e1rio, a escolha do grafite se deu em raz\u00e3o da representatividade desse tipo de arte. \u201cO grafite \u00e9 essencialmente uma linguagem art\u00edstica urbana que nasce nas favelas e periferias e ganha o Mundo em que a grande maioria dos artistas \u00e9 negra. Ent\u00e3o portanto \u00e9 uma manifesta\u00e7\u00e3o ou \u00e9 uma linguagem de artes visuais que est\u00e1 muito associada a contribui\u00e7\u00e3o da comunidade negra para a arte e a cultura do nosso pa\u00eds\u201d.<\/p>\n\n\n\n<p>A escolha dos homenageados foi realizada pelo Conselho de Participa\u00e7\u00e3o e Desenvolvimento da Comunidade Negra (CPDCN) do estado de S\u00e3o Paulo, primeiro \u00f3rg\u00e3o do pa\u00eds criado para a defesa dos direitos da comunidade negra e enfrentamento ao racismo. De acordo com a Secretaria de Cultura do estado, as 81 personalidades negras foram selecionadas em raz\u00e3o da sua trajet\u00f3ria e biografia.<\/p>\n\n\n\n<p>A hist\u00f3ria de cada um dos homenageados pode ser lida&nbsp;<a href=\"https:\/\/drive.google.com\/file\/d\/1EXGKTG1XSNlmdZexdFoW6imwgPwiCOv7\/view\">aqui<\/a>. A exposi\u00e7\u00e3o ocorre, no MIS (Avenida Europa, 158) at\u00e9 29 de janeiro de 2023, de ter\u00e7a a sexta das 11h \u00e0s 19h. S\u00e1bados, domingos e feriados, das 10h \u00e0s 18h;. O ingresso \u00e9 gratuito.<\/p>\n","protected":false},"excerpt":{"rendered":"<p>A mostra \u00e9 uma das atividades que marcam o m\u00eas da consci\u00eancia negra O Museu da Imagem e do Som (MIS) est\u00e1 homenageando em novembro, m\u00eas da Consci\u00eancia Negra, 81 personalidades negras em uma megaexposi\u00e7\u00e3o coletiva de grafites. As obras, realizadas por 81 artistas da periferia de cidades paulistas, est\u00e3o expostas na sede do museu. [&hellip;]<\/p>\n","protected":false},"author":7,"featured_media":10265,"comment_status":"closed","ping_status":"open","sticky":false,"template":"","format":"standard","meta":{"rop_custom_images_group":[],"rop_custom_messages_group":[],"rop_publish_now":"initial","rop_publish_now_accounts":[],"rop_publish_now_history":[],"rop_publish_now_status":"pending","footnotes":""},"categories":[195],"tags":[73],"class_list":["post-10264","post","type-post","status-publish","format-standard","has-post-thumbnail","hentry","category-sao-paulo","tag-featured"],"amp_enabled":true,"_links":{"self":[{"href":"https:\/\/imais.online\/portal\/wp-json\/wp\/v2\/posts\/10264","targetHints":{"allow":["GET"]}}],"collection":[{"href":"https:\/\/imais.online\/portal\/wp-json\/wp\/v2\/posts"}],"about":[{"href":"https:\/\/imais.online\/portal\/wp-json\/wp\/v2\/types\/post"}],"author":[{"embeddable":true,"href":"https:\/\/imais.online\/portal\/wp-json\/wp\/v2\/users\/7"}],"replies":[{"embeddable":true,"href":"https:\/\/imais.online\/portal\/wp-json\/wp\/v2\/comments?post=10264"}],"version-history":[{"count":1,"href":"https:\/\/imais.online\/portal\/wp-json\/wp\/v2\/posts\/10264\/revisions"}],"predecessor-version":[{"id":10266,"href":"https:\/\/imais.online\/portal\/wp-json\/wp\/v2\/posts\/10264\/revisions\/10266"}],"wp:featuredmedia":[{"embeddable":true,"href":"https:\/\/imais.online\/portal\/wp-json\/wp\/v2\/media\/10265"}],"wp:attachment":[{"href":"https:\/\/imais.online\/portal\/wp-json\/wp\/v2\/media?parent=10264"}],"wp:term":[{"taxonomy":"category","embeddable":true,"href":"https:\/\/imais.online\/portal\/wp-json\/wp\/v2\/categories?post=10264"},{"taxonomy":"post_tag","embeddable":true,"href":"https:\/\/imais.online\/portal\/wp-json\/wp\/v2\/tags?post=10264"}],"curies":[{"name":"wp","href":"https:\/\/api.w.org\/{rel}","templated":true}]}}