{"id":10308,"date":"2022-11-17T14:50:35","date_gmt":"2022-11-17T17:50:35","guid":{"rendered":"https:\/\/imais.online\/portal\/?p=10308"},"modified":"2022-11-17T14:51:11","modified_gmt":"2022-11-17T17:51:11","slug":"bolsa-desaba-2-e-dolar-supera-r-550-apos-fala-de-lula-e-proposta-prever-furo-no-teto-de-gastos","status":"publish","type":"post","link":"https:\/\/imais.online\/portal\/bolsa-desaba-2-e-dolar-supera-r-550-apos-fala-de-lula-e-proposta-prever-furo-no-teto-de-gastos\/","title":{"rendered":"Bolsa desaba 2% e d\u00f3lar supera R$ 5,50 ap\u00f3s fala de Lula e proposta prever furo no teto de gastos"},"content":{"rendered":"<div class=\"imais-before-content-placement\" id=\"imais-3326688306\"><script async src=\"\/\/pagead2.googlesyndication.com\/pagead\/js\/adsbygoogle.js?client=ca-pub-8787528412751566\" crossorigin=\"anonymous\"><\/script><ins class=\"adsbygoogle\" style=\"display:block;\" data-ad-client=\"ca-pub-8787528412751566\" \ndata-ad-slot=\"\" \ndata-ad-format=\"auto\"><\/ins>\n<script> \n(adsbygoogle = window.adsbygoogle || []).push({}); \n<\/script>\n<\/div>\n<h2 class=\"wp-block-heading\">Discurso de presidente eleito e encaminhamento da PEC levam moeda norte-americana ao maior valor desde julho e Ibovespa ao menor patamar desde a v\u00e9spera do 1\u00ba turno<\/h2>\n\n\n\n<p>O mercado financeiro reagiu negativamente \u00e0 proposta de furo do teto de gastos para o pagamento do Bolsa Fam\u00edlia e \u00e0s\u00a0<strong>declara\u00e7\u00f5es do presidente eleito<\/strong>, Luiz In\u00e1cio Lula da Silva, sobre a rea\u00e7\u00e3o dos mercados a medidas de flexibiliza\u00e7\u00e3o fiscal.<\/p>\n\n\n\n<p>Logo na abertura da sess\u00e3o, a\u00a0<strong>moeda norte-americana chegou a disparar 2,76%, a R$ 5,5308<\/strong>, cota\u00e7\u00e3o\u00a0<strong>acima de R$ 5,50 pela primeira vez desde julho<\/strong>. O avan\u00e7o foi arrefecido e o d\u00f3lar era negociado a R$ 5,47 (+1,67%) no in\u00edcio da tarde, \u00e0s 13h30.<\/p>\n\n\n\n<p>J\u00e1 o Ibovespa,\u00a0<strong>principal \u00edndice do mercado acion\u00e1rio brasileiro<\/strong>, desaba mais de 2,3% nos primeiros neg\u00f3cios desta manh\u00e3, abaixo da marca de 108 mil pontos, o menor patamar desde o dia 29 de setembro,\u00a0<strong>v\u00e9spera do primeiro turno das elei\u00e7\u00f5es<\/strong>.<\/p>\n\n\n\n<p>O mau humor dos investidores surge ap\u00f3s Lula\u00a0<strong>criticar a regra do teto de gastos p\u00fablicos e questionar as rea\u00e7\u00f5es do mercado financeiro<\/strong>\u00a0a suas declara\u00e7\u00f5es. &#8220;O d\u00f3lar n\u00e3o aumenta e a Bolsa n\u00e3o cai por conta das pessoas s\u00e9rias, mas \u00e9 por conta dos especuladores que vivem especulando todo santo dia&#8221;, disse o presidente eleito.<\/p>\n\n\n\n<p>O movimento negativo tamb\u00e9m leva em conta o texto da\u00a0<strong>PEC da Transi\u00e7\u00e3o<\/strong>, que\u00a0<strong>deve chegar \u00e0 presid\u00eancia do Senado com a retirada do Bolsa Fam\u00edlia do teto de gastos para sempre<\/strong>. Segundo o relator-geral do Or\u00e7amento, \u00e9 invi\u00e1vel ter que produzir uma\u00a0<strong>PEC (proposta de emenda \u00e0 Constitui\u00e7\u00e3o)<\/strong>\u00a0a cada ano para garantir o benef\u00edcio \u00e0s fam\u00edlias.<\/p>\n\n\n\n<p>&#8220;A PEC tem sido o principal motor do descolamento do mercado local do exterior, em meio \u00e0 tentativa do governo eleito de inchar cada vez mais a pe\u00e7a, elevando o custo de transi\u00e7\u00e3o e demandando um waiver quase infinito para este mandato&#8221;, escreveu Jason Vieira, economista-chefe da Infinity Asset Management, em uma rede social.<\/p>\n\n\n\n<p>A equipe de analistas da Terra Investimentos tamb\u00e9m cita as indefini\u00e7\u00f5es da&nbsp;<strong>proposta com pedido de R$ 175 bilh\u00f5es em programas sociais fora do teto<\/strong>&nbsp;e que 40% das receitas extraordin\u00e1rias sejam destinadas a investimentos. &#8220;A PEC n\u00e3o define prazos ou detalhamentos, que ser\u00e3o determinados na LOA&#8221;, observam Eliz Sapucaia, Luis Eduardo Novaes e R\u00e9gis Chinchila.<\/p>\n\n\n\n<p>Diante do cen\u00e1rio de incertezas, Antonio Sanches, analista da Rico Investimentos, avalia que o\u00a0<strong>Ibovespa ainda acumula a valoriza\u00e7\u00e3o de mais de 7% nos \u00faltimos 12 meses<\/strong>\u00a0e faz um alerta: &#8220;Sabendo dessa informa\u00e7\u00e3o, voc\u00ea sente mais ou menos vontade de investir na Bolsa? Se voc\u00ea respondeu &#8216;mais&#8217;, talvez esteja cometendo o mesmo erro de muitos investidores.&#8221;<\/p>\n\n\n\n<p>Fonte R7 <\/p>\n","protected":false},"excerpt":{"rendered":"<p>Discurso de presidente eleito e encaminhamento da PEC levam moeda norte-americana ao maior valor desde julho e Ibovespa ao menor patamar desde a v\u00e9spera do 1\u00ba turno O mercado financeiro reagiu negativamente \u00e0 proposta de furo do teto de gastos para o pagamento do Bolsa Fam\u00edlia e \u00e0s\u00a0declara\u00e7\u00f5es do presidente eleito, Luiz In\u00e1cio Lula da [&hellip;]<\/p>\n","protected":false},"author":8,"featured_media":10309,"comment_status":"closed","ping_status":"open","sticky":false,"template":"","format":"standard","meta":{"rop_custom_images_group":[],"rop_custom_messages_group":[],"rop_publish_now":"initial","rop_publish_now_accounts":[],"rop_publish_now_history":[],"rop_publish_now_status":"pending","footnotes":""},"categories":[192],"tags":[73],"class_list":["post-10308","post","type-post","status-publish","format-standard","has-post-thumbnail","hentry","category-economia","tag-featured"],"amp_enabled":true,"_links":{"self":[{"href":"https:\/\/imais.online\/portal\/wp-json\/wp\/v2\/posts\/10308","targetHints":{"allow":["GET"]}}],"collection":[{"href":"https:\/\/imais.online\/portal\/wp-json\/wp\/v2\/posts"}],"about":[{"href":"https:\/\/imais.online\/portal\/wp-json\/wp\/v2\/types\/post"}],"author":[{"embeddable":true,"href":"https:\/\/imais.online\/portal\/wp-json\/wp\/v2\/users\/8"}],"replies":[{"embeddable":true,"href":"https:\/\/imais.online\/portal\/wp-json\/wp\/v2\/comments?post=10308"}],"version-history":[{"count":2,"href":"https:\/\/imais.online\/portal\/wp-json\/wp\/v2\/posts\/10308\/revisions"}],"predecessor-version":[{"id":10311,"href":"https:\/\/imais.online\/portal\/wp-json\/wp\/v2\/posts\/10308\/revisions\/10311"}],"wp:featuredmedia":[{"embeddable":true,"href":"https:\/\/imais.online\/portal\/wp-json\/wp\/v2\/media\/10309"}],"wp:attachment":[{"href":"https:\/\/imais.online\/portal\/wp-json\/wp\/v2\/media?parent=10308"}],"wp:term":[{"taxonomy":"category","embeddable":true,"href":"https:\/\/imais.online\/portal\/wp-json\/wp\/v2\/categories?post=10308"},{"taxonomy":"post_tag","embeddable":true,"href":"https:\/\/imais.online\/portal\/wp-json\/wp\/v2\/tags?post=10308"}],"curies":[{"name":"wp","href":"https:\/\/api.w.org\/{rel}","templated":true}]}}