{"id":1037,"date":"2021-08-30T09:54:59","date_gmt":"2021-08-30T12:54:59","guid":{"rendered":"https:\/\/imais.online\/portal\/?p=1037"},"modified":"2021-08-30T09:55:01","modified_gmt":"2021-08-30T12:55:01","slug":"super-danca-dos-famosos-tiago-leifert-chora-na-despedida-e-presta-homenagem-a-faustao","status":"publish","type":"post","link":"https:\/\/imais.online\/portal\/super-danca-dos-famosos-tiago-leifert-chora-na-despedida-e-presta-homenagem-a-faustao\/","title":{"rendered":"Super Dan\u00e7a dos Famosos: Tiago Leifert chora na despedida e presta homenagem a Faust\u00e3o"},"content":{"rendered":"<div class=\"imais-before-content-placement\" id=\"imais-1017123228\"><script async src=\"\/\/pagead2.googlesyndication.com\/pagead\/js\/adsbygoogle.js?client=ca-pub-8787528412751566\" crossorigin=\"anonymous\"><\/script><ins class=\"adsbygoogle\" style=\"display:block;\" data-ad-client=\"ca-pub-8787528412751566\" \ndata-ad-slot=\"\" \ndata-ad-format=\"auto\"><\/ins>\n<script> \n(adsbygoogle = window.adsbygoogle || []).push({}); \n<\/script>\n<\/div>\n<p>Neste domingo, 29 de agosto,\u00a0aconteceu a grande final da \u201cSuper Dan\u00e7a dos Famosos\u201d, com a vit\u00f3ria de Paolla Oliveira e do professor Leandro Azevedo. A competi\u00e7\u00e3o tamb\u00e9m marcou a despedida de\u00a0Tiago Leifert\u00a0da apresenta\u00e7\u00e3o do programa, j\u00e1 que entrou para substituir\u00a0Fausto Silva, que deixou a emissora. No pr\u00f3ximo domingo, 05 de setembro, estreia o \u201cDoming\u00e3o com Huck\u201d, apresentado por\u00a0Luciano Huck.<\/p>\n\n\n\n<p>E no final da competi\u00e7\u00e3o, antes de anunciar o resultado final, Leifert resolveu agradecer a oportunidade: \u201cNosso carinho a todos os artistas, todos professores, professoras que passaram por aqui. Parab\u00e9ns a toda equipe t\u00e9cnica. Voc\u00eas s\u00e3o muito bons\u201d, disse ele, sendo tomado pela emo\u00e7\u00e3o e caindo no choro. Logo se recuperou e lembrou todas as vezes que foi chamado para substituir algum apresentador da emissora.<\/p>\n\n\n\n<p>\u201cNa minha carreira eu tive que substituir a Glenda (Kozlowski), o L\u00e9o Batista, o Tino Marcos, o Bial e o Faust\u00e3o. N\u00e3o sei se eu rio ou se eu choro. E foi tudo mais especial por causa de voc\u00eas da equipe. Foi muito f\u00e1cil. Achei que ia ser t\u00e3o dif\u00edcil, mas voc\u00eas fizeram parecer f\u00e1cil. Eu cheguei aqui e foi s\u00f3 me divertir. Cheguei aqui e falei umas groselhas pra c\u00e2mera e deu tudo certo. Meu muito obrigado a todos voc\u00eas e audi\u00eancia do domingo por todo carinho. Voc\u00eas foram muito legais comigo desde o come\u00e7o\u201d<\/p>\n\n\n\n<p>Ainda enxugando as l\u00e1grimas, o apresentador deixou a parte final de sua fala para um agradecimento e homenagem especial a uma pessoa.<\/p>\n\n\n\n<blockquote class=\"wp-block-quote is-layout-flow wp-block-quote-is-layout-flow\"><p>\u201cMeu beijo final a voc\u00ea Faust\u00e3o. Faust\u00e3o \u00e9 meu amigo. Me acompanha desde os 16 anos de idade, desde a primeira vez que peguei em um microfone profissionalmente no \u2018Desafio ao Galo\u2019, programa que ele trabalhou no futebol de v\u00e1rzea. S\u00f3 consegui estar aqui porque era o Faust\u00e3o, porque que eu sei que estou com ele e ele est\u00e1 aqui comigo o tempo inteiro. Muito obrigado pela oportunidade. Sou apenas um coadjuvante\u201d<\/p><\/blockquote>\n\n\n\n<p>Passada a emo\u00e7\u00e3o e os aplausos ao antigo comandante do programa, Tiago brincou: \u201cChega! Toda vez vai chorar em toda final de reality? Pelo amor de Deus!\u201d, disse ele ainda desejando boa sorte a Luciano Huck e\u00a0Marcos Mion, que estreiam na pr\u00f3ximo final de semana.<\/p>\n\n\n\n<p>Foto Reprodu\u00e7\u00e3o Rede Globo<\/p>\n","protected":false},"excerpt":{"rendered":"<p>Neste domingo, 29 de agosto,\u00a0aconteceu a grande final da \u201cSuper Dan\u00e7a dos Famosos\u201d, com a vit\u00f3ria de Paolla Oliveira e do professor Leandro Azevedo. A competi\u00e7\u00e3o tamb\u00e9m marcou a despedida de\u00a0Tiago Leifert\u00a0da apresenta\u00e7\u00e3o do programa, j\u00e1 que entrou para substituir\u00a0Fausto Silva, que deixou a emissora. No pr\u00f3ximo domingo, 05 de setembro, estreia o \u201cDoming\u00e3o com [&hellip;]<\/p>\n","protected":false},"author":8,"featured_media":1038,"comment_status":"closed","ping_status":"open","sticky":false,"template":"","format":"standard","meta":{"rop_custom_images_group":[],"rop_custom_messages_group":[],"rop_publish_now":"initial","rop_publish_now_accounts":[],"rop_publish_now_history":[],"rop_publish_now_status":"pending","footnotes":""},"categories":[16],"tags":[],"class_list":["post-1037","post","type-post","status-publish","format-standard","has-post-thumbnail","hentry","category-entertainment"],"amp_enabled":true,"_links":{"self":[{"href":"https:\/\/imais.online\/portal\/wp-json\/wp\/v2\/posts\/1037","targetHints":{"allow":["GET"]}}],"collection":[{"href":"https:\/\/imais.online\/portal\/wp-json\/wp\/v2\/posts"}],"about":[{"href":"https:\/\/imais.online\/portal\/wp-json\/wp\/v2\/types\/post"}],"author":[{"embeddable":true,"href":"https:\/\/imais.online\/portal\/wp-json\/wp\/v2\/users\/8"}],"replies":[{"embeddable":true,"href":"https:\/\/imais.online\/portal\/wp-json\/wp\/v2\/comments?post=1037"}],"version-history":[{"count":1,"href":"https:\/\/imais.online\/portal\/wp-json\/wp\/v2\/posts\/1037\/revisions"}],"predecessor-version":[{"id":1039,"href":"https:\/\/imais.online\/portal\/wp-json\/wp\/v2\/posts\/1037\/revisions\/1039"}],"wp:featuredmedia":[{"embeddable":true,"href":"https:\/\/imais.online\/portal\/wp-json\/wp\/v2\/media\/1038"}],"wp:attachment":[{"href":"https:\/\/imais.online\/portal\/wp-json\/wp\/v2\/media?parent=1037"}],"wp:term":[{"taxonomy":"category","embeddable":true,"href":"https:\/\/imais.online\/portal\/wp-json\/wp\/v2\/categories?post=1037"},{"taxonomy":"post_tag","embeddable":true,"href":"https:\/\/imais.online\/portal\/wp-json\/wp\/v2\/tags?post=1037"}],"curies":[{"name":"wp","href":"https:\/\/api.w.org\/{rel}","templated":true}]}}