{"id":10398,"date":"2022-11-23T14:22:51","date_gmt":"2022-11-23T17:22:51","guid":{"rendered":"https:\/\/imais.online\/portal\/?p=10398"},"modified":"2022-11-23T14:22:52","modified_gmt":"2022-11-23T17:22:52","slug":"fundacao-toyota-do-brasil-reune-moda-sustentavel-estilo-e-beleza-em-desfile-do-projeto-retornar","status":"publish","type":"post","link":"https:\/\/imais.online\/portal\/fundacao-toyota-do-brasil-reune-moda-sustentavel-estilo-e-beleza-em-desfile-do-projeto-retornar\/","title":{"rendered":"Funda\u00e7\u00e3o Toyota do Brasil re\u00fane moda sustent\u00e1vel, estilo e beleza em desfile do projeto ReTornar"},"content":{"rendered":"<div class=\"imais-before-content-placement\" id=\"imais-3664503829\"><script async src=\"\/\/pagead2.googlesyndication.com\/pagead\/js\/adsbygoogle.js?client=ca-pub-8787528412751566\" crossorigin=\"anonymous\"><\/script><ins class=\"adsbygoogle\" style=\"display:block;\" data-ad-client=\"ca-pub-8787528412751566\" \ndata-ad-slot=\"\" \ndata-ad-format=\"auto\"><\/ins>\n<script> \n(adsbygoogle = window.adsbygoogle || []).push({}); \n<\/script>\n<\/div>\n<p class=\"has-text-align-center\"><em>Na ocasi\u00e3o, <\/em><em>foi anunciada a parceria com a ONG Menos1lixo de educa\u00e7\u00e3o ambiental para produ\u00e7\u00e3o de embalagens com tecido reciclado<\/em><\/p>\n\n\n\n<p>A f\u00e1brica da Toyota de Sorocaba se transformou em uma imensa passarela para o primeiro desfile oficial do ReTornar, projeto de <em>Upcycling <\/em>da Funda\u00e7\u00e3o Toyota do Brasil, na tarde de quinta-feira, 17 de novembro, em S\u00e3o Paulo.<\/p>\n\n\n\n<p>Doze modelos volunt\u00e1rios da montadora deram um show de beleza, estilo, diversidade e inclus\u00e3o, ao desfilarem com as mochilas, ecobags, bolsas de academia, necessaire, pochetes, entre muitas outras pe\u00e7as \u00fanicas, feitas a partir de res\u00edduos das ind\u00fastrias t\u00eaxtil, automotivas e seus parceiros. Os produtos exibidos durante o desfile foram feitos pelas m\u00e3os de 50 costureiras da Cooperativa Uni Arte Costura e da Associa\u00e7\u00e3o Social Comunidade de Amor (ASCA). \u201cN\u00f3s estamos muito felizes com a realiza\u00e7\u00e3o desse desfile, pois estamos unidos em um prop\u00f3sito comum de desenvolvimento social, econ\u00f4mico, al\u00e9m de ser muito gratificante ver as nossas pe\u00e7as feitas com tanto carinho e dedica\u00e7\u00e3o ganhando vida e novas finalidades ap\u00f3s serem transformadas\u201d, disse a modelista Judite Fernanda Simionato, da Uniarte.<\/p>\n\n\n\n<figure class=\"wp-block-image size-large\"><img loading=\"lazy\" decoding=\"async\" width=\"1024\" height=\"576\" src=\"https:\/\/imais.online\/portal\/wp-content\/uploads\/2022\/11\/IMG_968029926-1024x576.jpg\" alt=\"\" class=\"wp-image-10400\" srcset=\"https:\/\/imais.online\/portal\/wp-content\/uploads\/2022\/11\/IMG_968029926-1024x576.jpg 1024w, https:\/\/imais.online\/portal\/wp-content\/uploads\/2022\/11\/IMG_968029926-300x169.jpg 300w, https:\/\/imais.online\/portal\/wp-content\/uploads\/2022\/11\/IMG_968029926-768x432.jpg 768w, https:\/\/imais.online\/portal\/wp-content\/uploads\/2022\/11\/IMG_968029926-1536x864.jpg 1536w, https:\/\/imais.online\/portal\/wp-content\/uploads\/2022\/11\/IMG_968029926-2048x1152.jpg 2048w\" sizes=\"auto, (max-width: 1024px) 100vw, 1024px\" \/><figcaption>Jo\u00e3o Novembrini\/ Egr\u00e9gora Criativa<\/figcaption><\/figure>\n\n\n\n<figure class=\"wp-block-image size-large is-resized\"><img loading=\"lazy\" decoding=\"async\" src=\"https:\/\/imais.online\/portal\/wp-content\/uploads\/2022\/11\/IMG_973629923-1024x645.jpg\" alt=\"\" class=\"wp-image-10401\" width=\"740\" height=\"466\" srcset=\"https:\/\/imais.online\/portal\/wp-content\/uploads\/2022\/11\/IMG_973629923-1024x645.jpg 1024w, https:\/\/imais.online\/portal\/wp-content\/uploads\/2022\/11\/IMG_973629923-300x189.jpg 300w, https:\/\/imais.online\/portal\/wp-content\/uploads\/2022\/11\/IMG_973629923-768x484.jpg 768w, https:\/\/imais.online\/portal\/wp-content\/uploads\/2022\/11\/IMG_973629923-1536x968.jpg 1536w, https:\/\/imais.online\/portal\/wp-content\/uploads\/2022\/11\/IMG_973629923-2048x1291.jpg 2048w\" sizes=\"auto, (max-width: 740px) 100vw, 740px\" \/><figcaption>Jo\u00e3o Novembrini\/ Egr\u00e9gora Criativa<\/figcaption><\/figure>\n\n\n\n<figure class=\"wp-block-image size-large\"><img loading=\"lazy\" decoding=\"async\" width=\"1024\" height=\"629\" src=\"https:\/\/imais.online\/portal\/wp-content\/uploads\/2022\/11\/IMG_986729922-1024x629.jpg\" alt=\"\" class=\"wp-image-10402\" srcset=\"https:\/\/imais.online\/portal\/wp-content\/uploads\/2022\/11\/IMG_986729922-1024x629.jpg 1024w, https:\/\/imais.online\/portal\/wp-content\/uploads\/2022\/11\/IMG_986729922-300x184.jpg 300w, https:\/\/imais.online\/portal\/wp-content\/uploads\/2022\/11\/IMG_986729922-768x472.jpg 768w, https:\/\/imais.online\/portal\/wp-content\/uploads\/2022\/11\/IMG_986729922-1536x944.jpg 1536w, https:\/\/imais.online\/portal\/wp-content\/uploads\/2022\/11\/IMG_986729922-2048x1259.jpg 2048w\" sizes=\"auto, (max-width: 1024px) 100vw, 1024px\" \/><figcaption>Jo\u00e3o Novembrini\/ Egr\u00e9gora Criativa<\/figcaption><\/figure>\n\n\n\n<figure class=\"wp-block-image size-large\"><img loading=\"lazy\" decoding=\"async\" width=\"1024\" height=\"641\" src=\"https:\/\/imais.online\/portal\/wp-content\/uploads\/2022\/11\/IMG_939329927-1024x641.jpg\" alt=\"\" class=\"wp-image-10403\" srcset=\"https:\/\/imais.online\/portal\/wp-content\/uploads\/2022\/11\/IMG_939329927-1024x641.jpg 1024w, https:\/\/imais.online\/portal\/wp-content\/uploads\/2022\/11\/IMG_939329927-300x188.jpg 300w, https:\/\/imais.online\/portal\/wp-content\/uploads\/2022\/11\/IMG_939329927-768x481.jpg 768w, https:\/\/imais.online\/portal\/wp-content\/uploads\/2022\/11\/IMG_939329927-1536x962.jpg 1536w, https:\/\/imais.online\/portal\/wp-content\/uploads\/2022\/11\/IMG_939329927-2048x1283.jpg 2048w\" sizes=\"auto, (max-width: 1024px) 100vw, 1024px\" \/><figcaption>Jo\u00e3o Novembrini\/ Egr\u00e9gora Criativa<\/figcaption><\/figure>\n\n\n\n<p><strong>O ReTornar<\/strong><\/p>\n\n\n\n<p>Al\u00e9m da linha de acess\u00f3rios, res\u00edduos de materiais de Airbags, tecidos automotivos, uniformes e cintos de seguran\u00e7a tamb\u00e9m se transformam em mat\u00e9ria-prima para a linha destinada aos pets, que foi toda exposta em um estande no local do evento. Todos os acess\u00f3rios e as roupinhas pet podem ser comprados no e-commerce do projeto <a href=\"https:\/\/s2211.imxsnd17.com\/link.php?code=bDpodHRwcyUzQSUyRiUyRnd3dy5wcm9qZXRvcmV0b3JuYXIuY29tLmJyJTJGOjI4NDgzNDUyMTE6Y29udGV1ZG9AaW1haXMub25saW5lOjYyOTExYToyZA==\">Link<\/a>.<\/p>\n\n\n\n<p>\u201cCom o nosso primeiro desfile, temos a ideia de valorizar ainda mais o trabalho que vem sendo feito por essas mulheres, tornando os produtos conhecidos e desejados pelo p\u00fablico, o que promove a gera\u00e7\u00e3o de trabalho e renda para elas\u201d, ressalta Luciana Kamimura, coordenadora de Governan\u00e7a Corporativa, Projetos e Parcerias Institucionais na FTB e respons\u00e1vel pelo Projeto ReTornar, da Funda\u00e7\u00e3o Toyota.<\/p>\n\n\n\n<p>Conectado ao Objetivo de Desenvolvimento Sustent\u00e1vel (ODS) 12, o ReTornar incentiva o empoderamento e a melhoria de vida de mulheres de comunidades no entorno das f\u00e1bricas da Toyota por meio do consumo e da produ\u00e7\u00e3o respons\u00e1veis.<\/p>\n\n\n\n<p>Desde o in\u00edcio do projeto, no ano de 2011, deixaram de ser descartados mais de 17 toneladas de res\u00edduos por meio dessa ressignifica\u00e7\u00e3o de materiais, sendo produzidos mais de 105 mil brindes e impactando pelo menos 1.500 pessoas. A Funda\u00e7\u00e3o Toyota do Brasil investe na qualifica\u00e7\u00e3o do trabalho das costureiras, al\u00e9m de comprar os produtos produzidos, assistindo cerca de 50 mulheres atualmente. Por ano, 70 novas costureiras s\u00e3o formadas pelo ReTornar, por meio de bolsas de estudos patrocinadas para alunas da ASCA.<br><\/p>\n\n\n\n<p><strong>Parceria com a ONG Menos1Lixo<\/strong><\/p>\n\n\n\n<p>Al\u00e9m da apresenta\u00e7\u00e3o da linha de acess\u00f3rios do projeto ReTornar, a FTB anunciou, na tarde de ontem, a parceria com a <a href=\"https:\/\/s2211.imxsnd17.com\/link.php?code=bDpodHRwcyUzQSUyRiUyRnd3dy5tZW5vczFsaXhvLmNvbS5iciUyRjoyODQ4MzQ1MjExOmNvbnRldWRvQGltYWlzLm9ubGluZTo0OTkxYmI6MmQ=\">Menos1Lixo<\/a>, plataforma de educa\u00e7\u00e3o ambiental criada pela influenciadora e ativista ambiental Fe Cortez.<\/p>\n\n\n\n<p>A partir de agora, o copinho sustent\u00e1vel, marca registrada da Menos1Lixo, poder\u00e1 ser adquirido junto com embalagem, confeccionada com material reciclado, produzida pelo ReTornar. No lugar da caixinha de papel, o consumidor poder\u00e1 optar por um dos tr\u00eas modelos (saquinho, necessaire redonda e estojo porta-talher) criados pelas costureiras do Projeto e que podem ser reaproveitados para outras finalidades.<\/p>\n\n\n\n<p>&nbsp;&#8220;Lixo \u00e9 um erro de design. Por isso precisamos que o desenvolvimento de solu\u00e7\u00f5es e produtos j\u00e1 contemplem sua reinser\u00e7\u00e3o na cadeia produtiva. Para aquilo que j\u00e1 est\u00e1 a\u00ed, precisamos de muita criatividade para novos usos no p\u00f3s consumo, como \u00e9 o caso dessa nossa parceria do Menos1Lixo com projeto Retornar e apoio da Funda\u00e7\u00e3o Toyota&#8221;, diz Fe Cortez, ativista ambiental e idealizadora da Menos1Lixo).&nbsp;<\/p>\n\n\n\n<p>A rede cresceu e hoje soma mais de 200 revendedores por todo o Brasil, cujo resultado \u00e9 a redu\u00e7\u00e3o de 2.2 bilh\u00f5es de copos descart\u00e1veis, com mais de 800 empresas que j\u00e1 compraram os copinhos para suas equipes e clientes.<\/p>\n","protected":false},"excerpt":{"rendered":"<p>Na ocasi\u00e3o, foi anunciada a parceria com a ONG Menos1lixo de educa\u00e7\u00e3o ambiental para produ\u00e7\u00e3o de embalagens com tecido reciclado A f\u00e1brica da Toyota de Sorocaba se transformou em uma imensa passarela para o primeiro desfile oficial do ReTornar, projeto de Upcycling da Funda\u00e7\u00e3o Toyota do Brasil, na tarde de quinta-feira, 17 de novembro, em [&hellip;]<\/p>\n","protected":false},"author":7,"featured_media":10399,"comment_status":"closed","ping_status":"open","sticky":false,"template":"","format":"standard","meta":{"rop_custom_images_group":[],"rop_custom_messages_group":[],"rop_publish_now":"initial","rop_publish_now_accounts":[],"rop_publish_now_history":[],"rop_publish_now_status":"pending","footnotes":""},"categories":[230],"tags":[],"class_list":["post-10398","post","type-post","status-publish","format-standard","has-post-thumbnail","hentry","category-interior"],"amp_enabled":true,"_links":{"self":[{"href":"https:\/\/imais.online\/portal\/wp-json\/wp\/v2\/posts\/10398","targetHints":{"allow":["GET"]}}],"collection":[{"href":"https:\/\/imais.online\/portal\/wp-json\/wp\/v2\/posts"}],"about":[{"href":"https:\/\/imais.online\/portal\/wp-json\/wp\/v2\/types\/post"}],"author":[{"embeddable":true,"href":"https:\/\/imais.online\/portal\/wp-json\/wp\/v2\/users\/7"}],"replies":[{"embeddable":true,"href":"https:\/\/imais.online\/portal\/wp-json\/wp\/v2\/comments?post=10398"}],"version-history":[{"count":1,"href":"https:\/\/imais.online\/portal\/wp-json\/wp\/v2\/posts\/10398\/revisions"}],"predecessor-version":[{"id":10404,"href":"https:\/\/imais.online\/portal\/wp-json\/wp\/v2\/posts\/10398\/revisions\/10404"}],"wp:featuredmedia":[{"embeddable":true,"href":"https:\/\/imais.online\/portal\/wp-json\/wp\/v2\/media\/10399"}],"wp:attachment":[{"href":"https:\/\/imais.online\/portal\/wp-json\/wp\/v2\/media?parent=10398"}],"wp:term":[{"taxonomy":"category","embeddable":true,"href":"https:\/\/imais.online\/portal\/wp-json\/wp\/v2\/categories?post=10398"},{"taxonomy":"post_tag","embeddable":true,"href":"https:\/\/imais.online\/portal\/wp-json\/wp\/v2\/tags?post=10398"}],"curies":[{"name":"wp","href":"https:\/\/api.w.org\/{rel}","templated":true}]}}