{"id":10501,"date":"2022-11-30T14:51:05","date_gmt":"2022-11-30T17:51:05","guid":{"rendered":"https:\/\/imais.online\/portal\/?p=10501"},"modified":"2022-11-30T14:51:06","modified_gmt":"2022-11-30T17:51:06","slug":"gratuidade-no-transporte-publico-e-aprovada-para-idosos-em-sao-paulo","status":"publish","type":"post","link":"https:\/\/imais.online\/portal\/gratuidade-no-transporte-publico-e-aprovada-para-idosos-em-sao-paulo\/","title":{"rendered":"Gratuidade no transporte p\u00fablico \u00e9 aprovada para idosos em S\u00e3o Paulo"},"content":{"rendered":"<div class=\"imais-before-content-placement\" id=\"imais-154807795\"><script async src=\"\/\/pagead2.googlesyndication.com\/pagead\/js\/adsbygoogle.js?client=ca-pub-8787528412751566\" crossorigin=\"anonymous\"><\/script><ins class=\"adsbygoogle\" style=\"display:block;\" data-ad-client=\"ca-pub-8787528412751566\" \ndata-ad-slot=\"\" \ndata-ad-format=\"auto\"><\/ins>\n<script> \n(adsbygoogle = window.adsbygoogle || []).push({}); \n<\/script>\n<\/div>\n<p class=\"has-text-align-center\">Projeto confere benef\u00edcio a pessoas entre 60 e 65 anos<\/p>\n\n\n\n<p>A Assembleia Legislativa do Estado de S\u00e3o Paulo (Alesp) aprovou, em sess\u00e3o extraordin\u00e1ria, projeto de lei que autoriza o Executivo a conceder gratuidade no transporte p\u00fablico metropolitano para pessoas entre 60 e 65 anos.&nbsp;<img decoding=\"async\" src=\"https:\/\/agenciabrasil.ebc.com.br\/ebc.png?id=1496164&amp;o=node\"><img decoding=\"async\" src=\"https:\/\/agenciabrasil.ebc.com.br\/ebc.gif?id=1496164&amp;o=node\"><\/p>\n\n\n\n<p>De acordo com o texto, o Projeto de Lei 608\/2022 autoriza a gratuidade do transporte por meio de bilhete eletr\u00f4nico de uso pessoal e intransfer\u00edvel, que poder\u00e1 ser suspenso ou cancelado caso haja uso indevido. Ap\u00f3s conclu\u00eddo o tr\u00e2mite interno na Assembleia, a medida seguir\u00e1 para san\u00e7\u00e3o ou veto, total ou parcial, do governador Rodrigo Garcia, o que deve acontecer at\u00e9 o fim desta semana.<\/p>\n\n\n\n<h2 class=\"wp-block-heading\">Limita\u00e7\u00e3o<\/h2>\n\n\n\n<p>Os parlamentares alteraram o projeto original, enviado pelo governador, que previa a gratuidade da passagem apenas para pessoas de 60 a 65 anos em situa\u00e7\u00e3o de pobreza e extrema pobreza inscritas no Cad\u00danico, do governo federal.<\/p>\n\n\n\n<p>Essa exig\u00eancia foi retirada do texto, por meio de um projeto substituto, que diz que o Poder Executivo estabelecer\u00e1 as normas complementares necess\u00e1rias \u00e0 execu\u00e7\u00e3o da lei. A autoriza\u00e7\u00e3o concedida pela Alesp ao Executivo est\u00e1 prevista no Estatuto do Idoso, de 2003, que j\u00e1 tem a gratuidade para pessoas com 65 anos ou mais em todo o Brasil.<\/p>\n","protected":false},"excerpt":{"rendered":"<p>Projeto confere benef\u00edcio a pessoas entre 60 e 65 anos A Assembleia Legislativa do Estado de S\u00e3o Paulo (Alesp) aprovou, em sess\u00e3o extraordin\u00e1ria, projeto de lei que autoriza o Executivo a conceder gratuidade no transporte p\u00fablico metropolitano para pessoas entre 60 e 65 anos.&nbsp; De acordo com o texto, o Projeto de Lei 608\/2022 autoriza [&hellip;]<\/p>\n","protected":false},"author":7,"featured_media":10502,"comment_status":"closed","ping_status":"open","sticky":false,"template":"","format":"standard","meta":{"rop_custom_images_group":[],"rop_custom_messages_group":[],"rop_publish_now":"initial","rop_publish_now_accounts":[],"rop_publish_now_history":[],"rop_publish_now_status":"pending","footnotes":""},"categories":[195],"tags":[73],"class_list":["post-10501","post","type-post","status-publish","format-standard","has-post-thumbnail","hentry","category-sao-paulo","tag-featured"],"amp_enabled":true,"_links":{"self":[{"href":"https:\/\/imais.online\/portal\/wp-json\/wp\/v2\/posts\/10501","targetHints":{"allow":["GET"]}}],"collection":[{"href":"https:\/\/imais.online\/portal\/wp-json\/wp\/v2\/posts"}],"about":[{"href":"https:\/\/imais.online\/portal\/wp-json\/wp\/v2\/types\/post"}],"author":[{"embeddable":true,"href":"https:\/\/imais.online\/portal\/wp-json\/wp\/v2\/users\/7"}],"replies":[{"embeddable":true,"href":"https:\/\/imais.online\/portal\/wp-json\/wp\/v2\/comments?post=10501"}],"version-history":[{"count":1,"href":"https:\/\/imais.online\/portal\/wp-json\/wp\/v2\/posts\/10501\/revisions"}],"predecessor-version":[{"id":10503,"href":"https:\/\/imais.online\/portal\/wp-json\/wp\/v2\/posts\/10501\/revisions\/10503"}],"wp:featuredmedia":[{"embeddable":true,"href":"https:\/\/imais.online\/portal\/wp-json\/wp\/v2\/media\/10502"}],"wp:attachment":[{"href":"https:\/\/imais.online\/portal\/wp-json\/wp\/v2\/media?parent=10501"}],"wp:term":[{"taxonomy":"category","embeddable":true,"href":"https:\/\/imais.online\/portal\/wp-json\/wp\/v2\/categories?post=10501"},{"taxonomy":"post_tag","embeddable":true,"href":"https:\/\/imais.online\/portal\/wp-json\/wp\/v2\/tags?post=10501"}],"curies":[{"name":"wp","href":"https:\/\/api.w.org\/{rel}","templated":true}]}}