{"id":10504,"date":"2022-12-01T06:41:05","date_gmt":"2022-12-01T09:41:05","guid":{"rendered":"https:\/\/imais.online\/portal\/?p=10504"},"modified":"2022-12-01T06:41:07","modified_gmt":"2022-12-01T09:41:07","slug":"mortalidade-por-aids-cai-78-desde-1995-em-sao-paulo","status":"publish","type":"post","link":"https:\/\/imais.online\/portal\/mortalidade-por-aids-cai-78-desde-1995-em-sao-paulo\/","title":{"rendered":"Mortalidade por Aids cai 78% desde 1995 em S\u00e3o Paulo"},"content":{"rendered":"<div class=\"imais-before-content-placement\" id=\"imais-1544959196\"><script async src=\"\/\/pagead2.googlesyndication.com\/pagead\/js\/adsbygoogle.js?client=ca-pub-8787528412751566\" crossorigin=\"anonymous\"><\/script><ins class=\"adsbygoogle\" style=\"display:block;\" data-ad-client=\"ca-pub-8787528412751566\" \ndata-ad-slot=\"\" \ndata-ad-format=\"auto\"><\/ins>\n<script> \n(adsbygoogle = window.adsbygoogle || []).push({}); \n<\/script>\n<\/div>\n<p class=\"has-text-align-center\">Esta quinta-feira \u00e9 marcada pelo Dia Mundial da Luta contra a Aids<\/p>\n\n\n\n<p>Levantamento da Funda\u00e7\u00e3o Seade, \u00f3rg\u00e3o do governo paulista, mostra que a mortalidade por Aids no estado caiu 78% desde 1995, ano do pico de mortes pela doen\u00e7a. Na d\u00e9cada de 1990 foram&nbsp;7.739 mortes, sendo 5.850 homens. Em 2021, foram 1.719 mortes, sendo 1.237 entre a popula\u00e7\u00e3o masculina. A taxa de mortalidade era de 22,9 \u00f3bitos por 100 mil habitantes em 1995; 7,6 em 2010; e chegou a 3,8 em 2021.<img decoding=\"async\" src=\"https:\/\/agenciabrasil.ebc.com.br\/ebc.png?id=1496200&amp;o=node\"><img decoding=\"async\" src=\"https:\/\/agenciabrasil.ebc.com.br\/ebc.gif?id=1496200&amp;o=node\"><\/p>\n\n\n\n<p>No in\u00edcio dos anos 90, quase 90% das v\u00edtimas eram pessoas com menos de 44 anos. Ao longo do tempo, com a novos tratamentos e melhoria da qualidade de vida, esse percentual foi se alterando. No ano passado, as pessoas com mais de 45 anos responderam por quase 60% das mortes. A idade m\u00e9dia ao morrer ampliou-se gradativamente, em 2021, chegou a 49 anos para elas e 47 para eles.<\/p>\n\n\n\n<p>A divulga\u00e7\u00e3o dos n\u00fameros marcam o&nbsp; Dia Mundial de Luta contra a Aids, celebrado amanh\u00e3, dia 1\u00ba de dezembro.<\/p>\n\n\n\n<h2 class=\"wp-block-heading\">Dados municipais<\/h2>\n\n\n\n<p>O n\u00famero de novos casos de HIV na cidade de S\u00e3o Paulo caiu pelo quinto ano consecutivo. A redu\u00e7\u00e3o \u00e9 de 37,5% em 2021 na compara\u00e7\u00e3o com 2016, segundo dados do Boletim Epidemiol\u00f3gico 2021, divulgado pela Coordenadoria de Infec\u00e7\u00f5es Sexualmente Transmiss\u00edveis (IST)\/Aids, da Secretaria Municipal da Sa\u00fade. No ano passado foram registrados 2.351 casos e em 2016 foram 3.761 registros.<\/p>\n\n\n\n<p>Em 2020, foram registrados 2.518 novos casos de HIV. Em 2019, foram 2.972; em 2018, 3.285; em 2017, foram 3.713 novos casos. Segundo a prefeitura, desde o primeiro registro da doen\u00e7a, em 1981, n\u00e3o se observava uma queda nas notifica\u00e7\u00f5es por mais de tr\u00eas anos seguidos. Os registros de Aids apresentam a mesma tend\u00eancia, mas, nesse caso, j\u00e1 s\u00e3o seis anos em queda no munic\u00edpio.<\/p>\n\n\n\n<p>A taxa de mortalidade por 100 mil habitantes tamb\u00e9m se mant\u00e9m em queda. No ano passado, o \u00edndice ficou em 4,3. Na compara\u00e7\u00e3o com 2016, quando a taxa era de 6,3, houve uma redu\u00e7\u00e3o de 31,7% no per\u00edodo.<\/p>\n\n\n\n<h2 class=\"wp-block-heading\">Centro de reabilita\u00e7\u00e3o<\/h2>\n\n\n\n<p>Marcando a data, foi lan\u00e7ado, no Instituto de Infectologia Em\u00edlio Ribas, o marco zero das instala\u00e7\u00f5es do Centro de Reabilita\u00e7\u00e3o S\u00e9rgio Tardelli para pacientes com HIV. O projeto \u00e9 uma parceria entre o hospital, o governo do estado e a Ag\u00eancia de Not\u00edcias da Aids, iniciativa criada por Roseli Tardelli, irm\u00e3 do homenageado. A nova estrutura ficar\u00e1 em um pr\u00e9dio anexo ao ambulat\u00f3rio do hospital.&nbsp;<\/p>\n\n\n\n<p>S\u00e9rgio Tardelli morreu em novembro de 1994. Como paciente de HIV, ele acionou a justi\u00e7a para ter reconhecido o direito de ser atendido pelos planos de sa\u00fade. Inicialmente, o tratamento fora negado. Ao ganhar a a\u00e7\u00e3o, outros pacientes passaram a ser beneficiados. Roseli, jornalista, fundou a ag\u00eancia de not\u00edcias em 2003 com a ideia de dar visibilidade ao tema e contribuir com a dissemina\u00e7\u00e3o de informa\u00e7\u00f5es sobre o tema, al\u00e9m de combater o preconceito.<\/p>\n\n\n\n<p>O centro de reabilita\u00e7\u00e3o ser\u00e1 constru\u00eddo em uma \u00e1rea de mil metros quadrados cedida pelo hospital. A ag\u00eancia, por sua vez, de acordo com informa\u00e7\u00f5es do site, buscar\u00e1 parceiros da iniciativa privada para compra de equipamentos de reabilita\u00e7\u00e3o, como esteiras, aparelhos de ultrassom, esta\u00e7\u00e3o de muscula\u00e7\u00e3o, pranchas e barras paralelas, entre outros.&nbsp;<\/p>\n\n\n\n<p>O espa\u00e7o passar\u00e1 por uma reforma, sob responsabilidade da Secretaria de Estado da Sa\u00fade de S\u00e3o Paulo e que far\u00e1 parte do pacote da terceira e \u00faltima etapa da reforma do hospital. A previs\u00e3o \u00e9 que a unidade comece a funcionar em um ano.<\/p>\n\n\n\n<h2 class=\"wp-block-heading\">Atendimento<\/h2>\n\n\n\n<p>O plano \u00e9 que quem precisar receber atendimento no centro de reabilita\u00e7\u00e3o, ser\u00e1 recebido por equipes multiprofissionais do Em\u00edlio Ribas. S\u00e3o profissionais como fisioterapeutas, fonoaudi\u00f3logos, terapeutas ocupacionais e psic\u00f3logos, al\u00e9m do grupo de Neuroci\u00eancia; do grupo de Lipodistrofia, s\u00edndrome que atinge pacientes com HIV e que causa desequil\u00edbrio na distribui\u00e7\u00e3o de gordura pelo corpo; do Setor de Medicina do Trabalho.<\/p>\n\n\n\n<p>Pelo menos 70 atendimentos por dia poder\u00e3o ser realizados. O Ambulat\u00f3rio do Em\u00edlio Ribas oferece acompanhamento a 8 mil pacientes, sendo que 75% deles s\u00e3o Pessoas Vivendo com HIV (PVHIV), uma parte deles convive com complica\u00e7\u00f5es neurol\u00f3gicas, motoras, cognitivas e respirat\u00f3rias.<\/p>\n\n\n\n<p>O centro tamb\u00e9m poder\u00e1 receber pacientes de outras doen\u00e7as atendidas no Em\u00edlio Ribas, como covid-19 e HTLV, um v\u00edrus considerado \u201cprimo\u201d do HIV e que pode causar doen\u00e7a neurol\u00f3gica grave.&nbsp;<\/p>\n\n\n\n<h2 class=\"wp-block-heading\">Programa\u00e7\u00e3o<\/h2>\n\n\n\n<p>Para marcar o Dia Mundial de Luta contra a Aids, o Centro de Refer\u00eancia e Treinamento-DST\/AIDS-SP, da secretaria de Sa\u00fade, vai realizar a a\u00e7\u00e3o Menos Discrimina\u00e7\u00e3o e Mais Respeito com a participa\u00e7\u00e3o de munic\u00edpios e da sociedade civil. Um dos eventos ocorrer\u00e1 no Anfiteatro Jo\u00e3o Yunes da Faculdade de Sa\u00fade P\u00fablica da USP, das 9h \u00e0s 16h.<\/p>\n\n\n\n<p>Outra a\u00e7\u00e3o \u00e9 a Campanha Fique Sabendo, que distribuir\u00e1 200 mil testes para detec\u00e7\u00e3o de HIV e s\u00edfilis em 632 munic\u00edpios. Ser\u00e3o cerca de 900 a\u00e7\u00f5es no estado com envolvimento de 4 mil unidades de sa\u00fade.<\/p>\n\n\n\n<p>A prefeitura de S\u00e3o Paulo, por sua vez, promove a campanha Dezembro Vermelho com uma s\u00e9rie de atividades na capital, como testagem r\u00e1pida, semin\u00e1rio e premia\u00e7\u00f5es. A programa\u00e7\u00e3o completa pode ser conferida no&nbsp;<a href=\"https:\/\/www.prefeitura.sp.gov.br\/cidade\/secretarias\/saude\/istaids\/\" target=\"_blank\" rel=\"noreferrer noopener\">site da secretaria<\/a>&nbsp;de Sa\u00fade.<\/p>\n","protected":false},"excerpt":{"rendered":"<p>Esta quinta-feira \u00e9 marcada pelo Dia Mundial da Luta contra a Aids Levantamento da Funda\u00e7\u00e3o Seade, \u00f3rg\u00e3o do governo paulista, mostra que a mortalidade por Aids no estado caiu 78% desde 1995, ano do pico de mortes pela doen\u00e7a. Na d\u00e9cada de 1990 foram&nbsp;7.739 mortes, sendo 5.850 homens. Em 2021, foram 1.719 mortes, sendo 1.237 [&hellip;]<\/p>\n","protected":false},"author":7,"featured_media":10505,"comment_status":"closed","ping_status":"open","sticky":false,"template":"","format":"standard","meta":{"rop_custom_images_group":[],"rop_custom_messages_group":[],"rop_publish_now":"initial","rop_publish_now_accounts":[],"rop_publish_now_history":[],"rop_publish_now_status":"pending","footnotes":""},"categories":[195],"tags":[73],"class_list":["post-10504","post","type-post","status-publish","format-standard","has-post-thumbnail","hentry","category-sao-paulo","tag-featured"],"amp_enabled":true,"_links":{"self":[{"href":"https:\/\/imais.online\/portal\/wp-json\/wp\/v2\/posts\/10504","targetHints":{"allow":["GET"]}}],"collection":[{"href":"https:\/\/imais.online\/portal\/wp-json\/wp\/v2\/posts"}],"about":[{"href":"https:\/\/imais.online\/portal\/wp-json\/wp\/v2\/types\/post"}],"author":[{"embeddable":true,"href":"https:\/\/imais.online\/portal\/wp-json\/wp\/v2\/users\/7"}],"replies":[{"embeddable":true,"href":"https:\/\/imais.online\/portal\/wp-json\/wp\/v2\/comments?post=10504"}],"version-history":[{"count":1,"href":"https:\/\/imais.online\/portal\/wp-json\/wp\/v2\/posts\/10504\/revisions"}],"predecessor-version":[{"id":10506,"href":"https:\/\/imais.online\/portal\/wp-json\/wp\/v2\/posts\/10504\/revisions\/10506"}],"wp:featuredmedia":[{"embeddable":true,"href":"https:\/\/imais.online\/portal\/wp-json\/wp\/v2\/media\/10505"}],"wp:attachment":[{"href":"https:\/\/imais.online\/portal\/wp-json\/wp\/v2\/media?parent=10504"}],"wp:term":[{"taxonomy":"category","embeddable":true,"href":"https:\/\/imais.online\/portal\/wp-json\/wp\/v2\/categories?post=10504"},{"taxonomy":"post_tag","embeddable":true,"href":"https:\/\/imais.online\/portal\/wp-json\/wp\/v2\/tags?post=10504"}],"curies":[{"name":"wp","href":"https:\/\/api.w.org\/{rel}","templated":true}]}}