{"id":10683,"date":"2022-12-14T14:07:29","date_gmt":"2022-12-14T17:07:29","guid":{"rendered":"https:\/\/imais.online\/portal\/?p=10683"},"modified":"2022-12-14T14:07:31","modified_gmt":"2022-12-14T17:07:31","slug":"gastos-com-saude-aumentam-20-na-regiao-metropolitana-de-campinas-em-2022-diz-estudo","status":"publish","type":"post","link":"https:\/\/imais.online\/portal\/gastos-com-saude-aumentam-20-na-regiao-metropolitana-de-campinas-em-2022-diz-estudo\/","title":{"rendered":"Gastos com sa\u00fade aumentam 20% na Regi\u00e3o Metropolitana de Campinas em 2022, diz estudo"},"content":{"rendered":"<div class=\"imais-before-content-placement\" id=\"imais-3871907544\"><script async src=\"\/\/pagead2.googlesyndication.com\/pagead\/js\/adsbygoogle.js?client=ca-pub-8787528412751566\" crossorigin=\"anonymous\"><\/script><ins class=\"adsbygoogle\" style=\"display:block;\" data-ad-client=\"ca-pub-8787528412751566\" \ndata-ad-slot=\"\" \ndata-ad-format=\"auto\"><\/ins>\n<script> \n(adsbygoogle = window.adsbygoogle || []).push({}); \n<\/script>\n<\/div>\n<h2 class=\"wp-block-heading\">Pesquisa engloba despesas relacionadas a medicamentos, curativos, planos de sa\u00fade, plano odontol\u00f3gico e outros servi\u00e7os m\u00e9dicos.<\/h2>\n\n\n\n<p>Um levantamento do \u00cdndice de Potencial de Consumo (IPC) Maps revelou que os\u00a0gastos com sa\u00fade na Regi\u00e3o Metropolitana de\u00a0Campinas\u00a0(RMC) aumentaram 20% este ano.\u00a0De acordo com a pesquisa, as despesas est\u00e3o relacionadas a\u00a0medicamentos, curativos, planos de sa\u00fade, plano odontol\u00f3gico e outros servi\u00e7os m\u00e9dicos.<\/p>\n\n\n\n<p>A alta dos pre\u00e7os \u00e9 sentida por toda a popula\u00e7\u00e3o, em especial pelas fam\u00edlias com menor poder aquisitivo. Gabrielle Souza, de 32 anos, convive com uma doen\u00e7a rara que compromete os nervos e gasta a maior parte do sal\u00e1rio de aposentadoria que recebe em medicamentos.<\/p>\n\n\n\n<p>Ela descobriu a doen\u00e7a h\u00e1 seis anos. Desde ent\u00e3o, convive com dores, fraqueza e utiliza uma bengala para se locomover. Toma v\u00e1rios rem\u00e9dios, mas o que mais pesa no bolso \u00e9 justamente o que combate as dores.<\/p>\n\n\n\n<blockquote class=\"wp-block-quote is-layout-flow wp-block-quote-is-layout-flow\"><p>&#8220;Acho que \u00e9 uns 60%, 70% do que eu ganho\u201d, diz. O medicamento gen\u00e9rico custa em torno de R$ 130, e s\u00e3o pelo menos duas caixas por semana.<\/p><\/blockquote>\n\n\n\n<h2 class=\"wp-block-heading\">R$ 8,5 bilh\u00f5es<\/h2>\n\n\n\n<p>De acordo com a pesquisa do IPC Maps, o gasto m\u00e9dio com sa\u00fade em 2021 foi de R$ 7,1 bilh\u00f5es. Neste ano, o valor saltou para R$ 8,5 bilh\u00f5es.<\/p>\n\n\n\n<p>O coordenador do estudo explica que o aumento dos custos na RMC \u00e9 quase o dobro da m\u00e9dia nacional.<\/p>\n\n\n\n<blockquote class=\"wp-block-quote is-layout-flow wp-block-quote-is-layout-flow\"><p>\u201cA quest\u00e3o da infla\u00e7\u00e3o interfere, e tamb\u00e9m a quest\u00e3o do envelhecimento da popula\u00e7\u00e3o. Porque quando voc\u00ea tem 50 anos, o custo de um seguro sa\u00fade \u00e9 um. Quando voc\u00ea vai ficando mais velho, esse custo sobe exponencialmente\u201d, explica o especialista.<\/p><\/blockquote>\n\n\n\n<h2 class=\"wp-block-heading\">Preven\u00e7\u00e3o \u00e9 economia<\/h2>\n\n\n\n<p>J\u00e1 que contra a infla\u00e7\u00e3o n\u00e3o tem rem\u00e9dio, h\u00e1 quem decida investir na preven\u00e7\u00e3o.<\/p>\n\n\n\n<p>\u00c9 o caso da educadora Raquel Oliveira. Ela, que j\u00e1 foi obesa, resolveu emagrecer para reduzir os riscos para a sa\u00fade. Atualmente com 54 anos, ela conta que viu a m\u00e3e falecer aos 44 anos por conta da obesidade.<\/p>\n\n\n\n<blockquote class=\"wp-block-quote is-layout-flow wp-block-quote-is-layout-flow\"><p>\u201cEu tomei uma decis\u00e3o, que era mudar meu estilo de vida. A minha alimenta\u00e7\u00e3o, sair do sedentarismo. Eu n\u00e3o gasto com a sa\u00fade, para falar a verdade, gra\u00e7as a Deus. Eu gasto com passeio de esporte\u201d, conta.<\/p><\/blockquote>\n\n\n\n<p>Fonte G1 Campinas<\/p>\n","protected":false},"excerpt":{"rendered":"<p>Pesquisa engloba despesas relacionadas a medicamentos, curativos, planos de sa\u00fade, plano odontol\u00f3gico e outros servi\u00e7os m\u00e9dicos. Um levantamento do \u00cdndice de Potencial de Consumo (IPC) Maps revelou que os\u00a0gastos com sa\u00fade na Regi\u00e3o Metropolitana de\u00a0Campinas\u00a0(RMC) aumentaram 20% este ano.\u00a0De acordo com a pesquisa, as despesas est\u00e3o relacionadas a\u00a0medicamentos, curativos, planos de sa\u00fade, plano odontol\u00f3gico e [&hellip;]<\/p>\n","protected":false},"author":8,"featured_media":10684,"comment_status":"closed","ping_status":"open","sticky":false,"template":"","format":"standard","meta":{"rop_custom_images_group":[],"rop_custom_messages_group":[],"rop_publish_now":"initial","rop_publish_now_accounts":[],"rop_publish_now_history":[],"rop_publish_now_status":"pending","footnotes":""},"categories":[194],"tags":[73],"class_list":["post-10683","post","type-post","status-publish","format-standard","has-post-thumbnail","hentry","category-regia","tag-featured"],"amp_enabled":true,"_links":{"self":[{"href":"https:\/\/imais.online\/portal\/wp-json\/wp\/v2\/posts\/10683","targetHints":{"allow":["GET"]}}],"collection":[{"href":"https:\/\/imais.online\/portal\/wp-json\/wp\/v2\/posts"}],"about":[{"href":"https:\/\/imais.online\/portal\/wp-json\/wp\/v2\/types\/post"}],"author":[{"embeddable":true,"href":"https:\/\/imais.online\/portal\/wp-json\/wp\/v2\/users\/8"}],"replies":[{"embeddable":true,"href":"https:\/\/imais.online\/portal\/wp-json\/wp\/v2\/comments?post=10683"}],"version-history":[{"count":1,"href":"https:\/\/imais.online\/portal\/wp-json\/wp\/v2\/posts\/10683\/revisions"}],"predecessor-version":[{"id":10685,"href":"https:\/\/imais.online\/portal\/wp-json\/wp\/v2\/posts\/10683\/revisions\/10685"}],"wp:featuredmedia":[{"embeddable":true,"href":"https:\/\/imais.online\/portal\/wp-json\/wp\/v2\/media\/10684"}],"wp:attachment":[{"href":"https:\/\/imais.online\/portal\/wp-json\/wp\/v2\/media?parent=10683"}],"wp:term":[{"taxonomy":"category","embeddable":true,"href":"https:\/\/imais.online\/portal\/wp-json\/wp\/v2\/categories?post=10683"},{"taxonomy":"post_tag","embeddable":true,"href":"https:\/\/imais.online\/portal\/wp-json\/wp\/v2\/tags?post=10683"}],"curies":[{"name":"wp","href":"https:\/\/api.w.org\/{rel}","templated":true}]}}