{"id":10764,"date":"2022-12-17T08:31:49","date_gmt":"2022-12-17T11:31:49","guid":{"rendered":"https:\/\/imais.online\/portal\/?p=10764"},"modified":"2022-12-17T08:31:50","modified_gmt":"2022-12-17T11:31:50","slug":"apos-aprovacao-do-parlamento-paulista-executivo-sanciona-lei-que-amplia-auxilio-para-desempregados","status":"publish","type":"post","link":"https:\/\/imais.online\/portal\/apos-aprovacao-do-parlamento-paulista-executivo-sanciona-lei-que-amplia-auxilio-para-desempregados\/","title":{"rendered":"Ap\u00f3s aprova\u00e7\u00e3o do Parlamento paulista, Executivo sanciona lei que amplia aux\u00edlio para desempregados"},"content":{"rendered":"<div class=\"imais-before-content-placement\" id=\"imais-3138323613\"><script async src=\"\/\/pagead2.googlesyndication.com\/pagead\/js\/adsbygoogle.js?client=ca-pub-8787528412751566\" crossorigin=\"anonymous\"><\/script><ins class=\"adsbygoogle\" style=\"display:block;\" data-ad-client=\"ca-pub-8787528412751566\" \ndata-ad-slot=\"\" \ndata-ad-format=\"auto\"><\/ins>\n<script> \n(adsbygoogle = window.adsbygoogle || []).push({}); \n<\/script>\n<\/div>\n<p class=\"has-text-align-center\"><em>Medida aprovada pela Alesp torna permanente tamb\u00e9m bolsa-aux\u00edlio a estudantes da Famema<\/em><br>\u00a0<\/p>\n\n\n\n<p>O governo do Estado de S\u00e3o Paulo sancionou, nesta quinta-feira (15), a lei aprovada pela Assembleia Legislativa do Estado de S\u00e3o Paulo que amplia para at\u00e9 1 sal\u00e1rio m\u00ednimo o aux\u00edlio recebido pelos benefici\u00e1rios do programa Bolsa Trabalho.<br><br>A medida, que recebeu aval do Plen\u00e1rio da Assembleia Legislativa na \u00faltima ter\u00e7a-feira, dia 13, tamb\u00e9m aumenta a possibilidade de pessoas atendidas. De acordo com a agora <a href=\"https:\/\/s2212.envioscomunicacao.com\/link.php?code=bDpodHRwcyUzQSUyRiUyRnd3dy5hbC5zcC5nb3YuYnIlMkZub3JtYSUyRjIwNjM0MDoxMzU2OTQ3NzY3OmNvbnRldWRvQGltYWlzLm9ubGluZTozM2Q3Mzg6MzE=\">Lei 17.610\/22<\/a>, do total de bolsas oferecidas, pelo menos 2% ser\u00e3o voltadas para egressos do sistema penitenci\u00e1rio do Estado e, pelo menos 3%, ser\u00e3o para pessoas com defici\u00eancia. Antes, o percentual era limitado a 2% e 3%, respectivamente.<br><br>A nova norma altera a <a href=\"https:\/\/s2212.envioscomunicacao.com\/link.php?code=bDpodHRwcyUzQSUyRiUyRnd3dy5hbC5zcC5nb3YuYnIlMkZub3JtYSUyRjc5ODI6MTM1Njk0Nzc2Nzpjb250ZXVkb0BpbWFpcy5vbmxpbmU6ZjY2YzE2OjMx\">Lei 10.321\/99<\/a>, que criou o Programa de Aux\u00edlio Desemprego &#8211; como era chamado o Bolsa Trabalho &#8211; e a <a href=\"https:\/\/s2212.envioscomunicacao.com\/link.php?code=bDpodHRwcyUzQSUyRiUyRnd3dy5hbC5zcC5nb3YuYnIlMkZub3JtYSUyRjE5ODQyMDoxMzU2OTQ3NzY3OmNvbnRldWRvQGltYWlzLm9ubGluZTozYjM5MjU6MzE=\">Lei 17.372\/21<\/a>, que criou o programa Bolsa do Povo. respons\u00e1vel por aumentar o valor do aux\u00edlio de R\uff04 210 para R\uff04 450 durante os anos de 2021 e 2022, por conta da pandemia.<br><br>A nova medida torna permanente a amplia\u00e7\u00e3o do valor pago pela Bolsa Trabalho, que come\u00e7ar\u00e1 em R\uff04 450, podendo chegar a at\u00e9 1 sal\u00e1rio m\u00ednimo. De acordo com a medida, o programa passar\u00e1 a ser coordenado pela Secretaria de Estado de Desenvolvimento Econ\u00f4mico, contando com a participa\u00e7\u00e3o de organiza\u00e7\u00f5es n\u00e3o governamentais.<br><br>O Bolsa Trabalho \u00e9 parte do programa Bolsa do Povo, aprovado pela Alesp em 2021, que tem como objetivo oferecer ocupa\u00e7\u00e3o, renda e qualifica\u00e7\u00e3o profissional para a popula\u00e7\u00e3o desempregada.<br><br>O benef\u00edcio consiste na concess\u00e3o da bolsa, que poder\u00e1 agora chegar a at\u00e9 um sal\u00e1rio m\u00ednimo, entrega de cesta b\u00e1sica e oferta de cursos de qualifica\u00e7\u00e3o profissional. O benefici\u00e1rio do programa presta servi\u00e7os para \u00f3rg\u00e3os p\u00fablicos, como escolas, secretarias, autarquias, entre outros.<br><br>A jornada de trabalho prevista pelo projeto ser\u00e1 de 4 horas por dia, totalizando 20 horas semanais. Cada benefici\u00e1rio poder\u00e1 receber o aux\u00edlio por, no m\u00e1ximo, cinco meses.<br><br><strong>Famema<\/strong><br><br>A <a href=\"https:\/\/s2212.envioscomunicacao.com\/link.php?code=bDpodHRwcyUzQSUyRiUyRnd3dy5hbC5zcC5nb3YuYnIlMkZub3JtYSUyRjIwNjM0MDoxMzU2OTQ3NzY3OmNvbnRldWRvQGltYWlzLm9ubGluZTozM2Q3Mzg6MzE=\">Lei 17.610\/22<\/a> torna permanente tamb\u00e9m o programa Bolsa Aux\u00edlio Perman\u00eancia voltado aos estudantes em situa\u00e7\u00e3o de vulnerabilidade socioecon\u00f4mica da Faculdade de Medicina de Mar\u00edlia (Famema).<br><br>A medida altera a <a href=\"https:\/\/s2212.envioscomunicacao.com\/link.php?code=bDpodHRwcyUzQSUyRiUyRnd3dy5hbC5zcC5nb3YuYnIlMkZub3JtYSUyRjIwMTA0MToxMzU2OTQ3NzY3OmNvbnRldWRvQGltYWlzLm9ubGluZToyOTRjZDQ6MzE=\">Lei 17.462\/21<\/a>, que define as regras para que os universit\u00e1rios consigam obter o benef\u00edcio. De acordo com o projeto, a bolsa dever\u00e1 agora ser administrada anualmente.<\/p>\n","protected":false},"excerpt":{"rendered":"<p>Medida aprovada pela Alesp torna permanente tamb\u00e9m bolsa-aux\u00edlio a estudantes da Famema\u00a0 O governo do Estado de S\u00e3o Paulo sancionou, nesta quinta-feira (15), a lei aprovada pela Assembleia Legislativa do Estado de S\u00e3o Paulo que amplia para at\u00e9 1 sal\u00e1rio m\u00ednimo o aux\u00edlio recebido pelos benefici\u00e1rios do programa Bolsa Trabalho. A medida, que recebeu aval [&hellip;]<\/p>\n","protected":false},"author":7,"featured_media":10765,"comment_status":"closed","ping_status":"open","sticky":false,"template":"","format":"standard","meta":{"rop_custom_images_group":[],"rop_custom_messages_group":[],"rop_publish_now":"initial","rop_publish_now_accounts":[],"rop_publish_now_history":[],"rop_publish_now_status":"pending","footnotes":""},"categories":[195],"tags":[73],"class_list":["post-10764","post","type-post","status-publish","format-standard","has-post-thumbnail","hentry","category-sao-paulo","tag-featured"],"amp_enabled":true,"_links":{"self":[{"href":"https:\/\/imais.online\/portal\/wp-json\/wp\/v2\/posts\/10764","targetHints":{"allow":["GET"]}}],"collection":[{"href":"https:\/\/imais.online\/portal\/wp-json\/wp\/v2\/posts"}],"about":[{"href":"https:\/\/imais.online\/portal\/wp-json\/wp\/v2\/types\/post"}],"author":[{"embeddable":true,"href":"https:\/\/imais.online\/portal\/wp-json\/wp\/v2\/users\/7"}],"replies":[{"embeddable":true,"href":"https:\/\/imais.online\/portal\/wp-json\/wp\/v2\/comments?post=10764"}],"version-history":[{"count":1,"href":"https:\/\/imais.online\/portal\/wp-json\/wp\/v2\/posts\/10764\/revisions"}],"predecessor-version":[{"id":10766,"href":"https:\/\/imais.online\/portal\/wp-json\/wp\/v2\/posts\/10764\/revisions\/10766"}],"wp:featuredmedia":[{"embeddable":true,"href":"https:\/\/imais.online\/portal\/wp-json\/wp\/v2\/media\/10765"}],"wp:attachment":[{"href":"https:\/\/imais.online\/portal\/wp-json\/wp\/v2\/media?parent=10764"}],"wp:term":[{"taxonomy":"category","embeddable":true,"href":"https:\/\/imais.online\/portal\/wp-json\/wp\/v2\/categories?post=10764"},{"taxonomy":"post_tag","embeddable":true,"href":"https:\/\/imais.online\/portal\/wp-json\/wp\/v2\/tags?post=10764"}],"curies":[{"name":"wp","href":"https:\/\/api.w.org\/{rel}","templated":true}]}}