{"id":10834,"date":"2022-12-21T13:04:42","date_gmt":"2022-12-21T16:04:42","guid":{"rendered":"https:\/\/imais.online\/portal\/?p=10834"},"modified":"2022-12-21T13:04:43","modified_gmt":"2022-12-21T16:04:43","slug":"pedro-paulo-rangel-morre-aos-74-anos-no-rio-de-janeiro","status":"publish","type":"post","link":"https:\/\/imais.online\/portal\/pedro-paulo-rangel-morre-aos-74-anos-no-rio-de-janeiro\/","title":{"rendered":"Pedro Paulo Rangel morre, aos 74 anos, no Rio de Janeiro"},"content":{"rendered":"<div class=\"imais-before-content-placement\" id=\"imais-3330829926\"><script async src=\"\/\/pagead2.googlesyndication.com\/pagead\/js\/adsbygoogle.js?client=ca-pub-8787528412751566\" crossorigin=\"anonymous\"><\/script><ins class=\"adsbygoogle\" style=\"display:block;\" data-ad-client=\"ca-pub-8787528412751566\" \ndata-ad-slot=\"\" \ndata-ad-format=\"auto\"><\/ins>\n<script> \n(adsbygoogle = window.adsbygoogle || []).push({}); \n<\/script>\n<\/div>\n<h2 class=\"wp-block-heading\">O ator estava internado no CTI desde 30 de novembro para tratar uma descompensa\u00e7\u00e3o do quadro de enfisema pulmonar<\/h2>\n\n\n\n<p>Pedro Paulo Rangel morreu na madrugada desta quarta-feira (21), no Rio de Janeiro. O ator, de 74 anos, estava internado na CTI (Centro de Tratamento Intensivo) da Casa de Sa\u00fade S\u00e3o Jos\u00e9 desde 30 de novembro para tratar uma descompensa\u00e7\u00e3o do quadro de enfisema pulmonar. A informa\u00e7\u00e3o foi confirmada pela assessoria de imprensa do hospital para a equipe da&nbsp;<strong>Record TV<\/strong>.<\/p>\n\n\n\n<p>No dia 14 de novembro, Pep\u00ea, como \u00e9 chamado pelos amigos, chegou a postar uma foto na cama do hospital. &#8220;Fora do CTI, mas ainda sem previs\u00e3o de alta&#8221;, escreveu ele na \u00e9poca.<\/p>\n\n\n\n<p>Pedro Paulo Rangel era carioca e nasceu em 29 de junho de 1948. Quando crian\u00e7a, morava no bairro do Rio Comprido, na zona norte da cidade, onde teve os primeiros contatos com o teatro, aos 11 anos.<\/p>\n\n\n\n<p>O ator iniciou sua trajet\u00f3ria na televis\u00e3o em 1969, na Rede Tupi. Desde ent\u00e3o, participou de diversos sucessos da dramaturgia brasileira, como&nbsp;<em>O&nbsp;Cravo e a Rosa<\/em>,&nbsp;<em>Vale Tudo<\/em>,&nbsp;<em>A Grande Fam\u00edlia<\/em>,&nbsp;<em>Gabriela<\/em>,&nbsp;<em>Torre de Babel<\/em>&nbsp;e muito mais.<\/p>\n\n\n\n<p>O \u00faltimo trabalho do ator foi na s\u00e9rie\u00a0<em>Independ\u00eancia<\/em>, exibida entre setembro e dezembro deste ano e dirigida por Luiz Fernando Carvalho.<\/p>\n\n\n\n<p>Fonte R7 <\/p>\n","protected":false},"excerpt":{"rendered":"<p>O ator estava internado no CTI desde 30 de novembro para tratar uma descompensa\u00e7\u00e3o do quadro de enfisema pulmonar Pedro Paulo Rangel morreu na madrugada desta quarta-feira (21), no Rio de Janeiro. O ator, de 74 anos, estava internado na CTI (Centro de Tratamento Intensivo) da Casa de Sa\u00fade S\u00e3o Jos\u00e9 desde 30 de novembro [&hellip;]<\/p>\n","protected":false},"author":8,"featured_media":10835,"comment_status":"closed","ping_status":"open","sticky":false,"template":"","format":"standard","meta":{"rop_custom_images_group":[],"rop_custom_messages_group":[],"rop_publish_now":"initial","rop_publish_now_accounts":[],"rop_publish_now_history":[],"rop_publish_now_status":"pending","footnotes":""},"categories":[237],"tags":[],"class_list":["post-10834","post","type-post","status-publish","format-standard","has-post-thumbnail","hentry","category-luto"],"amp_enabled":true,"_links":{"self":[{"href":"https:\/\/imais.online\/portal\/wp-json\/wp\/v2\/posts\/10834","targetHints":{"allow":["GET"]}}],"collection":[{"href":"https:\/\/imais.online\/portal\/wp-json\/wp\/v2\/posts"}],"about":[{"href":"https:\/\/imais.online\/portal\/wp-json\/wp\/v2\/types\/post"}],"author":[{"embeddable":true,"href":"https:\/\/imais.online\/portal\/wp-json\/wp\/v2\/users\/8"}],"replies":[{"embeddable":true,"href":"https:\/\/imais.online\/portal\/wp-json\/wp\/v2\/comments?post=10834"}],"version-history":[{"count":1,"href":"https:\/\/imais.online\/portal\/wp-json\/wp\/v2\/posts\/10834\/revisions"}],"predecessor-version":[{"id":10836,"href":"https:\/\/imais.online\/portal\/wp-json\/wp\/v2\/posts\/10834\/revisions\/10836"}],"wp:featuredmedia":[{"embeddable":true,"href":"https:\/\/imais.online\/portal\/wp-json\/wp\/v2\/media\/10835"}],"wp:attachment":[{"href":"https:\/\/imais.online\/portal\/wp-json\/wp\/v2\/media?parent=10834"}],"wp:term":[{"taxonomy":"category","embeddable":true,"href":"https:\/\/imais.online\/portal\/wp-json\/wp\/v2\/categories?post=10834"},{"taxonomy":"post_tag","embeddable":true,"href":"https:\/\/imais.online\/portal\/wp-json\/wp\/v2\/tags?post=10834"}],"curies":[{"name":"wp","href":"https:\/\/api.w.org\/{rel}","templated":true}]}}