{"id":10872,"date":"2022-12-24T10:05:32","date_gmt":"2022-12-24T13:05:32","guid":{"rendered":"https:\/\/imais.online\/portal\/?p=10872"},"modified":"2022-12-24T10:05:33","modified_gmt":"2022-12-24T13:05:33","slug":"filha-de-pele-publica-foto-com-o-rei-no-hospital-seguimos-na-luta","status":"publish","type":"post","link":"https:\/\/imais.online\/portal\/filha-de-pele-publica-foto-com-o-rei-no-hospital-seguimos-na-luta\/","title":{"rendered":"Filha de Pel\u00e9 publica foto com o Rei no hospital: &#8216;Seguimos na luta&#8217;"},"content":{"rendered":"<div class=\"imais-before-content-placement\" id=\"imais-87979039\"><script async src=\"\/\/pagead2.googlesyndication.com\/pagead\/js\/adsbygoogle.js?client=ca-pub-8787528412751566\" crossorigin=\"anonymous\"><\/script><ins class=\"adsbygoogle\" style=\"display:block;\" data-ad-client=\"ca-pub-8787528412751566\" \ndata-ad-slot=\"\" \ndata-ad-format=\"auto\"><\/ins>\n<script> \n(adsbygoogle = window.adsbygoogle || []).push({}); \n<\/script>\n<\/div>\n<h2 class=\"wp-block-heading\">Kely Nascimento postou uma imagem abra\u00e7ada com seu pai nas redes sociais<\/h2>\n\n\n\n<p>Kely Nascimento, filha de\u00a0Pel\u00e9,\u00a0usou sua rede social para falar sobre o estado do Rei do Futebol, no Hospital Albert Einstein, em S\u00e3o Paulo, ap\u00f3s dois dias sem divulga\u00e7\u00e3o de boletim m\u00e9dico. Em foto publicada na noite desta sexta-feira, Kely diz que Pel\u00e9 &#8216;segue na luta&#8217; contra um c\u00e2ncer metast\u00e1tico, ou seja, generalizado.<br><br>&#8211; Seguimos aqui, na luta e na f\u00e9. Mais uma noite juntos &#8211; postou a filha de Pel\u00e9.<\/p>\n\n\n\n<p>O \u00faltimo boletim m\u00e9dico de Pel\u00e9 foi publicado pelo Hospital Albert Einstein na quarta-feira, dia 21, quando a nota oficial\u00a0apontou piora no quadro geral do Rei ao falar em &#8220;progress\u00e3o da doen\u00e7a oncol\u00f3gica&#8221; e que o ex-jogador de 82 anos de idade requer maiores cuidados com disfun\u00e7\u00f5es renal e card\u00edaca.<\/p>\n\n\n\n<p>ENTENDA A SITUA\u00c7\u00c3O DE PEL\u00c9<\/p>\n\n\n\n<p>Em janeiro deste ano, o corpo m\u00e9dico fez o diagn\u00f3stico de c\u00e2ncer metast\u00e1tico, ou seja, generalizado. O tumor prim\u00e1rio no intestino se expandiu para outros \u00f3rg\u00e3os do corpo de Pel\u00e9, como o f\u00edgado e o pulm\u00e3o.<\/p>\n\n\n\n<p>O \u00eddolo do futebol mundial tamb\u00e9m sofre com problemas de locomo\u00e7\u00e3o desde 2018, quando passou por uma cirurgia no quadril. Pel\u00e9, que completou 82 anos no dia 23 de outubro, tamb\u00e9m realizou uma cirurgia de retirada de um c\u00e1lculo renal em 2019.<\/p>\n\n\n\n<p>Pel\u00e9 foi internado no come\u00e7o de novembro no Albert Einstein para reavalia\u00e7\u00e3o da quimioterapia e teve uma infec\u00e7\u00e3o respirat\u00f3ria diagnosticada. Dias depois, o hospital informou que a resposta do ex-jogador ao tratamento havia sido &#8216;adequada&#8217;.<\/p>\n\n\n\n<p>Fonte Lance<\/p>\n","protected":false},"excerpt":{"rendered":"<p>Kely Nascimento postou uma imagem abra\u00e7ada com seu pai nas redes sociais Kely Nascimento, filha de\u00a0Pel\u00e9,\u00a0usou sua rede social para falar sobre o estado do Rei do Futebol, no Hospital Albert Einstein, em S\u00e3o Paulo, ap\u00f3s dois dias sem divulga\u00e7\u00e3o de boletim m\u00e9dico. Em foto publicada na noite desta sexta-feira, Kely diz que Pel\u00e9 &#8216;segue [&hellip;]<\/p>\n","protected":false},"author":8,"featured_media":10873,"comment_status":"closed","ping_status":"open","sticky":false,"template":"","format":"standard","meta":{"rop_custom_images_group":[],"rop_custom_messages_group":[],"rop_publish_now":"initial","rop_publish_now_accounts":[],"rop_publish_now_history":[],"rop_publish_now_status":"pending","footnotes":""},"categories":[19],"tags":[],"class_list":["post-10872","post","type-post","status-publish","format-standard","has-post-thumbnail","hentry","category-sports"],"amp_enabled":true,"_links":{"self":[{"href":"https:\/\/imais.online\/portal\/wp-json\/wp\/v2\/posts\/10872","targetHints":{"allow":["GET"]}}],"collection":[{"href":"https:\/\/imais.online\/portal\/wp-json\/wp\/v2\/posts"}],"about":[{"href":"https:\/\/imais.online\/portal\/wp-json\/wp\/v2\/types\/post"}],"author":[{"embeddable":true,"href":"https:\/\/imais.online\/portal\/wp-json\/wp\/v2\/users\/8"}],"replies":[{"embeddable":true,"href":"https:\/\/imais.online\/portal\/wp-json\/wp\/v2\/comments?post=10872"}],"version-history":[{"count":1,"href":"https:\/\/imais.online\/portal\/wp-json\/wp\/v2\/posts\/10872\/revisions"}],"predecessor-version":[{"id":10874,"href":"https:\/\/imais.online\/portal\/wp-json\/wp\/v2\/posts\/10872\/revisions\/10874"}],"wp:featuredmedia":[{"embeddable":true,"href":"https:\/\/imais.online\/portal\/wp-json\/wp\/v2\/media\/10873"}],"wp:attachment":[{"href":"https:\/\/imais.online\/portal\/wp-json\/wp\/v2\/media?parent=10872"}],"wp:term":[{"taxonomy":"category","embeddable":true,"href":"https:\/\/imais.online\/portal\/wp-json\/wp\/v2\/categories?post=10872"},{"taxonomy":"post_tag","embeddable":true,"href":"https:\/\/imais.online\/portal\/wp-json\/wp\/v2\/tags?post=10872"}],"curies":[{"name":"wp","href":"https:\/\/api.w.org\/{rel}","templated":true}]}}