{"id":10902,"date":"2022-12-27T14:57:03","date_gmt":"2022-12-27T17:57:03","guid":{"rendered":"https:\/\/imais.online\/portal\/?p=10902"},"modified":"2022-12-27T14:57:04","modified_gmt":"2022-12-27T17:57:04","slug":"defesa-civil-alerta-para-chuvas-intensas-a-partir-de-hoje-no-estado-de-sp","status":"publish","type":"post","link":"https:\/\/imais.online\/portal\/defesa-civil-alerta-para-chuvas-intensas-a-partir-de-hoje-no-estado-de-sp\/","title":{"rendered":"Defesa Civil alerta para chuvas intensas a partir de hoje no estado de SP"},"content":{"rendered":"<div class=\"imais-before-content-placement\" id=\"imais-207457415\"><script async src=\"\/\/pagead2.googlesyndication.com\/pagead\/js\/adsbygoogle.js?client=ca-pub-8787528412751566\" crossorigin=\"anonymous\"><\/script><ins class=\"adsbygoogle\" style=\"display:block;\" data-ad-client=\"ca-pub-8787528412751566\" \ndata-ad-slot=\"\" \ndata-ad-format=\"auto\"><\/ins>\n<script> \n(adsbygoogle = window.adsbygoogle || []).push({}); \n<\/script>\n<\/div>\n<p><strong>Segundo o \u00f3rg\u00e3o, o alerta de temporal permanece at\u00e9 sexta-feira (30); veja a previs\u00e3o<\/strong><\/p>\n\n\n\n<p>Chuvas intensas, acompanhadas de raios, granizos e fortes rajadas de vento,\u00a0devem atingir todo o estado de S\u00e3o Paulo a partir de\u00a0hoje\u00a0(27), informou a Defesa Civil do Estado de S\u00e3o Paulo. Segundo o \u00f3rg\u00e3o, o alerta de temporal permanece at\u00e9\u00a0sexta-feira (30).<\/p>\n\n\n\n<p>A chuva deve ser intensa principalmente nas regi\u00f5es de Campinas e Sorocaba, onde o acumulado esperado \u00e9 de 155 mm. J\u00e1 na capital paulista e regi\u00e3o metropolitana de S\u00e3o Paulo, al\u00e9m das regi\u00f5es de Ara\u00e7atuba, S\u00e3o Jos\u00e9 do Rio Preto e S\u00e3o Jos\u00e9 dos Campos s\u00e3o esperados acumulados de 120 mm.<\/p>\n\n\n\n<p>Nas regi\u00f5es de Presidente Prudente e Mar\u00edlia, o acumulado de chuva deve atingir 100 mm. Tamb\u00e9m s\u00e3o esperadas chuvas intensas em Franca, Ribeir\u00e3o Preto e Barretos (125 mm); na Baixada Santista (130mm); em Itapeva e Registro (135mm); em Araraquara e Bauru (140 mm); no Vale do Para\u00edba (145 mm); e na Serra da Mantiqueira (150 mm).<\/p>\n\n\n\n<p>A Defesa Civil alerta que, com a chuva forte e intensa, existe risco de transtornos como deslizamentos, desabamentos, alagamentos e enchentes. A recomenda\u00e7\u00e3o do \u00f3rg\u00e3o \u00e9 para que a popula\u00e7\u00e3o fique atenta a qualquer sinal de perigo e n\u00e3o atravesse ou adentre em \u00e1reas inundadas, nem enfrente enxurradas j\u00e1 que a for\u00e7a da \u00e1gua pode arrastar uma pessoa ou um ve\u00edculo.<\/p>\n\n\n\n<p>As pessoas que moram em \u00e1rea de risco devem ficar atentas aos sinais de movimenta\u00e7\u00e3o do solo, como postes e \u00e1rvores inclinadas, rachaduras nas paredes e portas e janelas emperradas. Diante desses sinais, a popula\u00e7\u00e3o deve sair imediatamente do local e acionar a Defesa Civil pelo n\u00famero 199.<\/p>\n\n\n\n<p>Para obter mais orienta\u00e7\u00f5es sobre o que fazer antes, durante e depois das chuvas&nbsp;ou ap\u00f3s qualquer tipo de desastre,&nbsp;a Defesa Civil mant\u00e9m o aplicativo Alerta SP, dispon\u00edvel para&nbsp;<em>download&nbsp;<\/em>nos sistemas Android e IOS.<\/p>\n\n\n\n<p>Alertas de risco s\u00e3o enviados pelo SMS 40199. Para isso, basta enviar uma mensagem com o CEP da localidade desejada para o n\u00famero 40199.<\/p>\n\n\n\n<p><\/p>\n","protected":false},"excerpt":{"rendered":"<p>Segundo o \u00f3rg\u00e3o, o alerta de temporal permanece at\u00e9 sexta-feira (30); veja a previs\u00e3o Chuvas intensas, acompanhadas de raios, granizos e fortes rajadas de vento,\u00a0devem atingir todo o estado de S\u00e3o Paulo a partir de\u00a0hoje\u00a0(27), informou a Defesa Civil do Estado de S\u00e3o Paulo. Segundo o \u00f3rg\u00e3o, o alerta de temporal permanece at\u00e9\u00a0sexta-feira (30). A [&hellip;]<\/p>\n","protected":false},"author":8,"featured_media":10903,"comment_status":"closed","ping_status":"open","sticky":false,"template":"","format":"standard","meta":{"rop_custom_images_group":[],"rop_custom_messages_group":[],"rop_publish_now":"initial","rop_publish_now_accounts":[],"rop_publish_now_history":[],"rop_publish_now_status":"pending","footnotes":""},"categories":[195],"tags":[73],"class_list":["post-10902","post","type-post","status-publish","format-standard","has-post-thumbnail","hentry","category-sao-paulo","tag-featured"],"amp_enabled":true,"_links":{"self":[{"href":"https:\/\/imais.online\/portal\/wp-json\/wp\/v2\/posts\/10902","targetHints":{"allow":["GET"]}}],"collection":[{"href":"https:\/\/imais.online\/portal\/wp-json\/wp\/v2\/posts"}],"about":[{"href":"https:\/\/imais.online\/portal\/wp-json\/wp\/v2\/types\/post"}],"author":[{"embeddable":true,"href":"https:\/\/imais.online\/portal\/wp-json\/wp\/v2\/users\/8"}],"replies":[{"embeddable":true,"href":"https:\/\/imais.online\/portal\/wp-json\/wp\/v2\/comments?post=10902"}],"version-history":[{"count":1,"href":"https:\/\/imais.online\/portal\/wp-json\/wp\/v2\/posts\/10902\/revisions"}],"predecessor-version":[{"id":10904,"href":"https:\/\/imais.online\/portal\/wp-json\/wp\/v2\/posts\/10902\/revisions\/10904"}],"wp:featuredmedia":[{"embeddable":true,"href":"https:\/\/imais.online\/portal\/wp-json\/wp\/v2\/media\/10903"}],"wp:attachment":[{"href":"https:\/\/imais.online\/portal\/wp-json\/wp\/v2\/media?parent=10902"}],"wp:term":[{"taxonomy":"category","embeddable":true,"href":"https:\/\/imais.online\/portal\/wp-json\/wp\/v2\/categories?post=10902"},{"taxonomy":"post_tag","embeddable":true,"href":"https:\/\/imais.online\/portal\/wp-json\/wp\/v2\/tags?post=10902"}],"curies":[{"name":"wp","href":"https:\/\/api.w.org\/{rel}","templated":true}]}}