{"id":10916,"date":"2022-12-28T14:44:35","date_gmt":"2022-12-28T17:44:35","guid":{"rendered":"https:\/\/imais.online\/portal\/?p=10916"},"modified":"2022-12-28T14:44:38","modified_gmt":"2022-12-28T17:44:38","slug":"governo-de-sp-sanciona-orcamento-de-r-317-bilhoes-para-2023","status":"publish","type":"post","link":"https:\/\/imais.online\/portal\/governo-de-sp-sanciona-orcamento-de-r-317-bilhoes-para-2023\/","title":{"rendered":"Governo de SP sanciona or\u00e7amento de R$ 317 bilh\u00f5es para 2023"},"content":{"rendered":"<div class=\"imais-before-content-placement\" id=\"imais-3517693664\"><script async src=\"\/\/pagead2.googlesyndication.com\/pagead\/js\/adsbygoogle.js?client=ca-pub-8787528412751566\" crossorigin=\"anonymous\"><\/script><ins class=\"adsbygoogle\" style=\"display:block;\" data-ad-client=\"ca-pub-8787528412751566\" \ndata-ad-slot=\"\" \ndata-ad-format=\"auto\"><\/ins>\n<script> \n(adsbygoogle = window.adsbygoogle || []).push({}); \n<\/script>\n<\/div>\n<h2 class=\"wp-block-heading\">Maior or\u00e7amento do pa\u00eds, valor \u00e9 10,7% maior que o enviado em 2022. Receita poder\u00e1 mudar de acordo com arrecada\u00e7\u00e3o<\/h2>\n\n\n\n<p>O Governo de S\u00e3o Paulo sancionou o\u00a0<strong>or\u00e7amento para o ano de 2023 no valor de R$ 317 bilh\u00f5es<\/strong>, 10,7% maior que o enviado em 2022. Est\u00e3o inclu\u00eddos nesse total os recursos pr\u00f3prios das autarquias, funda\u00e7\u00f5es e empresas dependentes, al\u00e9m do or\u00e7amento para a seguridade social. O valor confere a S\u00e3o Paulo o maior or\u00e7amento do Brasil, al\u00e9m de investimento recorde de R$ 31 bilh\u00f5es tamb\u00e9m no pr\u00f3ximo ano.<\/p>\n\n\n\n<p>O or\u00e7amento para 2023 da Secretaria da Educa\u00e7\u00e3o totaliza R$ 49,5 bilh\u00f5es, incluindo verba para implementar a educa\u00e7\u00e3o de ensino integral, entre outras pol\u00edticas p\u00fablicas do Estado. Para a \u00e1rea da sa\u00fade foram destinados R$ 29,4 bilh\u00f5es, com destaque para o programa Santas Casas Sustent\u00e1veis.<\/p>\n\n\n\n<p>A seguran\u00e7a p\u00fablica ter\u00e1 or\u00e7amento de R$ 27 bilh\u00f5es, enquanto transportes metropolitanos, R$ 13 bilh\u00f5es. A \u00e1rea de desenvolvimento social, que tem o Bolsa do Povo entre seus principais programas, ter\u00e1 cerca de R$ 1,7 bilh\u00e3o. A habita\u00e7\u00e3o, por sua vez, contar\u00e1 com R$ 1,4 bilh\u00e3o para andamento das pol\u00edticas habitacionais paulistas.<\/p>\n\n\n\n<p>A LOA (Lei Or\u00e7ament\u00e1ria Anual) de 2023 foi publicada nesta ter\u00e7a-feira (27) no Di\u00e1rio Oficial e traz detalhes da destina\u00e7\u00e3o das verbas, considerando as altera\u00e7\u00f5es incorporadas pelos deputados estaduais e prioridades do governador eleito, Tarc\u00edsio de Freitas. Durante o exerc\u00edcio de 2023, a receita poder\u00e1 ser alterada de acordo com a efetiva arrecada\u00e7\u00e3o.<\/p>\n\n\n\n<h3 class=\"wp-block-heading\">Alesp aprova novo or\u00e7amento<\/h3>\n\n\n\n<p>A Alesp (Assembleia Legislativa de S\u00e3o Paulo) aprovou na ter\u00e7a-feira (20) o novo or\u00e7amento de R$ 317 bilh\u00f5es para S\u00e3o Paulo em 2023, confirmando o maior valor estadual do pa\u00eds no primeiro ano de governo de Tarc\u00edsio de Freitas (Republicanos).<\/p>\n\n\n\n<p>A proposta foi aprovada com 41 votos favor\u00e1veis e oito contr\u00e1rios (todos do PT). O texto final considerou a compila\u00e7\u00e3o de 21,3 mil emendas parlamentares, dos resultados de dezenas de audi\u00eancias p\u00fablicas realizadas ao longo do ano e tamb\u00e9m das prioridades do governo eleito.<\/p>\n\n\n\n<p>Entre as mudan\u00e7as solicitadas pela equipe de transi\u00e7\u00e3o, a principal foi a destina\u00e7\u00e3o de R$ 200 milh\u00f5es para o programa Bolsa do Povo Estudante, destinado a garantir a perman\u00eancia na escola de alunos da rede p\u00fablica estadual. Na \u00e1rea de sa\u00fade, foi aprovado o direcionamento de R$ 30 milh\u00f5es adicionais para os atendimentos do programa Mutir\u00f5es de Sa\u00fade.<\/p>\n\n\n\n<p>O documento final da Alesp contou tamb\u00e9m com altera\u00e7\u00f5es decorrentes de leis aprovadas recentemente pelo Legislativo. Entre as mudan\u00e7as est\u00e3o as modifica\u00e7\u00f5es feitas devido ao aumento das emendas que deputadas e deputados estaduais puderam indicar para 2023, que subiu de 0,30% para 0,45% da receita corrente l\u00edquida do Or\u00e7amento.<\/p>\n\n\n\n<p>Fonte R7 <\/p>\n","protected":false},"excerpt":{"rendered":"<p>Maior or\u00e7amento do pa\u00eds, valor \u00e9 10,7% maior que o enviado em 2022. Receita poder\u00e1 mudar de acordo com arrecada\u00e7\u00e3o O Governo de S\u00e3o Paulo sancionou o\u00a0or\u00e7amento para o ano de 2023 no valor de R$ 317 bilh\u00f5es, 10,7% maior que o enviado em 2022. Est\u00e3o inclu\u00eddos nesse total os recursos pr\u00f3prios das autarquias, funda\u00e7\u00f5es [&hellip;]<\/p>\n","protected":false},"author":8,"featured_media":10917,"comment_status":"closed","ping_status":"open","sticky":false,"template":"","format":"standard","meta":{"rop_custom_images_group":[],"rop_custom_messages_group":[],"rop_publish_now":"initial","rop_publish_now_accounts":[],"rop_publish_now_history":[],"rop_publish_now_status":"pending","footnotes":""},"categories":[18],"tags":[73],"class_list":["post-10916","post","type-post","status-publish","format-standard","has-post-thumbnail","hentry","category-politics","tag-featured"],"amp_enabled":true,"_links":{"self":[{"href":"https:\/\/imais.online\/portal\/wp-json\/wp\/v2\/posts\/10916","targetHints":{"allow":["GET"]}}],"collection":[{"href":"https:\/\/imais.online\/portal\/wp-json\/wp\/v2\/posts"}],"about":[{"href":"https:\/\/imais.online\/portal\/wp-json\/wp\/v2\/types\/post"}],"author":[{"embeddable":true,"href":"https:\/\/imais.online\/portal\/wp-json\/wp\/v2\/users\/8"}],"replies":[{"embeddable":true,"href":"https:\/\/imais.online\/portal\/wp-json\/wp\/v2\/comments?post=10916"}],"version-history":[{"count":1,"href":"https:\/\/imais.online\/portal\/wp-json\/wp\/v2\/posts\/10916\/revisions"}],"predecessor-version":[{"id":10918,"href":"https:\/\/imais.online\/portal\/wp-json\/wp\/v2\/posts\/10916\/revisions\/10918"}],"wp:featuredmedia":[{"embeddable":true,"href":"https:\/\/imais.online\/portal\/wp-json\/wp\/v2\/media\/10917"}],"wp:attachment":[{"href":"https:\/\/imais.online\/portal\/wp-json\/wp\/v2\/media?parent=10916"}],"wp:term":[{"taxonomy":"category","embeddable":true,"href":"https:\/\/imais.online\/portal\/wp-json\/wp\/v2\/categories?post=10916"},{"taxonomy":"post_tag","embeddable":true,"href":"https:\/\/imais.online\/portal\/wp-json\/wp\/v2\/tags?post=10916"}],"curies":[{"name":"wp","href":"https:\/\/api.w.org\/{rel}","templated":true}]}}