{"id":10994,"date":"2023-01-03T14:05:12","date_gmt":"2023-01-03T17:05:12","guid":{"rendered":"https:\/\/imais.online\/portal\/?p=10994"},"modified":"2023-01-03T14:05:14","modified_gmt":"2023-01-03T17:05:14","slug":"sp-mais-de-5-milhoes-de-veiculos-passam-pelas-rodovias-no-ano-novo","status":"publish","type":"post","link":"https:\/\/imais.online\/portal\/sp-mais-de-5-milhoes-de-veiculos-passam-pelas-rodovias-no-ano-novo\/","title":{"rendered":"SP: mais de 5 milh\u00f5es de ve\u00edculos passam pelas rodovias no Ano-Novo"},"content":{"rendered":"<div class=\"imais-before-content-placement\" id=\"imais-1892018336\"><script async src=\"\/\/pagead2.googlesyndication.com\/pagead\/js\/adsbygoogle.js?client=ca-pub-8787528412751566\" crossorigin=\"anonymous\"><\/script><ins class=\"adsbygoogle\" style=\"display:block;\" data-ad-client=\"ca-pub-8787528412751566\" \ndata-ad-slot=\"\" \ndata-ad-format=\"auto\"><\/ins>\n<script> \n(adsbygoogle = window.adsbygoogle || []).push({}); \n<\/script>\n<\/div>\n<p class=\"has-text-align-center\">N\u00famero inclui as estradas privatizadas e as administradas pelo DER<\/p>\n\n\n\n<p>As rodovias que d\u00e3o acesso \u00e0 capital paulista, ao litoral e ao interior do estado registraram movimento de 5 milh\u00f5es de ve\u00edculos durante o feriado de Ano-Novo. Segundo balan\u00e7o da Ag\u00eancia de Transporte do Estado de S\u00e3o Paulo (Artesp), o n\u00famero inclui o movimento nas estradas concedidas \u00e0 iniciativa privada e nas administradas pelo Departamento de Estradas de Rodagem (DER) at\u00e9 a tarde de ontem (2).<img decoding=\"async\" src=\"https:\/\/agenciabrasil.ebc.com.br\/ebc.png?id=1501621&amp;o=node\"><img decoding=\"async\" src=\"https:\/\/agenciabrasil.ebc.com.br\/ebc.gif?id=1501621&amp;o=node\"><\/p>\n\n\n\n<p>Pelo Corredor Ayrton Senna-Carvalho Pinto, que vai em dire\u00e7\u00e3o \u00e0 regi\u00e3o de Taubat\u00e9, no interior do estado, passaram mais de 800 mil ve\u00edculos.<\/p>\n\n\n\n<p>O Sistema Anchieta-Imigrantes, que liga a capital ao litoral, registrou movimento de 582,9 mil ve\u00edculos. A Rodovia dos Tamoios, que liga o Vale do Para\u00edba ao litoral norte, recebeu 99,9 mil motoristas.<\/p>\n\n\n\n<p>O Sistema Anhanguera-Bandeirantes, que vai na dire\u00e7\u00e3o da regi\u00e3o de Campinas, no interior paulista, foi usado por 578 mil ve\u00edculos. As rodovias Castello Branco e Raposo Tavares, que passam pela zona oeste da Grande S\u00e3o Paulo at\u00e9 a regi\u00e3o de Sorocaba, tamb\u00e9m no interior, receberam 468 mil ve\u00edculos ao longo do feriado.<\/p>\n\n\n\n<p>A Rodovia Padre Manoel da N\u00f3brega, que vai na dire\u00e7\u00e3o do litoral sul do estado, teve movimento de 529 mil ve\u00edculos.<\/p>\n\n\n\n<p>O Rodoanel foi usado por cerca de 1 milh\u00e3o de ve\u00edculos.<\/p>\n\n\n\n<h2 class=\"wp-block-heading\">Atendimentos<\/h2>\n\n\n\n<p>As 20 operadoras que administram 11,1 mil quil\u00f4metros de rodovias concedidas no estado de S\u00e3o Paulo fizeram, de quinta-feira (29) a domingo (1\u00ba), 719 atendimentos pr\u00e9-hospitalares, 4,9 mil atendimentos com guincho e 5,2 mil socorros mec\u00e2nicos.&nbsp;<\/p>\n","protected":false},"excerpt":{"rendered":"<p>N\u00famero inclui as estradas privatizadas e as administradas pelo DER As rodovias que d\u00e3o acesso \u00e0 capital paulista, ao litoral e ao interior do estado registraram movimento de 5 milh\u00f5es de ve\u00edculos durante o feriado de Ano-Novo. Segundo balan\u00e7o da Ag\u00eancia de Transporte do Estado de S\u00e3o Paulo (Artesp), o n\u00famero inclui o movimento nas [&hellip;]<\/p>\n","protected":false},"author":7,"featured_media":10995,"comment_status":"closed","ping_status":"open","sticky":false,"template":"","format":"standard","meta":{"rop_custom_images_group":[],"rop_custom_messages_group":[],"rop_publish_now":"initial","rop_publish_now_accounts":[],"rop_publish_now_history":[],"rop_publish_now_status":"pending","footnotes":""},"categories":[195],"tags":[73],"class_list":["post-10994","post","type-post","status-publish","format-standard","has-post-thumbnail","hentry","category-sao-paulo","tag-featured"],"amp_enabled":true,"_links":{"self":[{"href":"https:\/\/imais.online\/portal\/wp-json\/wp\/v2\/posts\/10994","targetHints":{"allow":["GET"]}}],"collection":[{"href":"https:\/\/imais.online\/portal\/wp-json\/wp\/v2\/posts"}],"about":[{"href":"https:\/\/imais.online\/portal\/wp-json\/wp\/v2\/types\/post"}],"author":[{"embeddable":true,"href":"https:\/\/imais.online\/portal\/wp-json\/wp\/v2\/users\/7"}],"replies":[{"embeddable":true,"href":"https:\/\/imais.online\/portal\/wp-json\/wp\/v2\/comments?post=10994"}],"version-history":[{"count":1,"href":"https:\/\/imais.online\/portal\/wp-json\/wp\/v2\/posts\/10994\/revisions"}],"predecessor-version":[{"id":10996,"href":"https:\/\/imais.online\/portal\/wp-json\/wp\/v2\/posts\/10994\/revisions\/10996"}],"wp:featuredmedia":[{"embeddable":true,"href":"https:\/\/imais.online\/portal\/wp-json\/wp\/v2\/media\/10995"}],"wp:attachment":[{"href":"https:\/\/imais.online\/portal\/wp-json\/wp\/v2\/media?parent=10994"}],"wp:term":[{"taxonomy":"category","embeddable":true,"href":"https:\/\/imais.online\/portal\/wp-json\/wp\/v2\/categories?post=10994"},{"taxonomy":"post_tag","embeddable":true,"href":"https:\/\/imais.online\/portal\/wp-json\/wp\/v2\/tags?post=10994"}],"curies":[{"name":"wp","href":"https:\/\/api.w.org\/{rel}","templated":true}]}}