{"id":10997,"date":"2023-01-03T14:06:49","date_gmt":"2023-01-03T17:06:49","guid":{"rendered":"https:\/\/imais.online\/portal\/?p=10997"},"modified":"2023-01-03T14:06:51","modified_gmt":"2023-01-03T17:06:51","slug":"pagamento-do-ipva-comeca-em-11-de-janeiro-em-sao-paulo","status":"publish","type":"post","link":"https:\/\/imais.online\/portal\/pagamento-do-ipva-comeca-em-11-de-janeiro-em-sao-paulo\/","title":{"rendered":"Pagamento do IPVA come\u00e7a em 11 de janeiro em S\u00e3o Paulo"},"content":{"rendered":"<div class=\"imais-before-content-placement\" id=\"imais-2405591801\"><script async src=\"\/\/pagead2.googlesyndication.com\/pagead\/js\/adsbygoogle.js?client=ca-pub-8787528412751566\" crossorigin=\"anonymous\"><\/script><ins class=\"adsbygoogle\" style=\"display:block;\" data-ad-client=\"ca-pub-8787528412751566\" \ndata-ad-slot=\"\" \ndata-ad-format=\"auto\"><\/ins>\n<script> \n(adsbygoogle = window.adsbygoogle || []).push({}); \n<\/script>\n<\/div>\n<p class=\"has-text-align-center\">Quem pagar o imposto \u00e0 vista ter\u00e1 um desconto de 3%<\/p>\n\n\n\n<p>Come\u00e7a no dia 11 de janeiro o pagamento do IPVA 2023 (Imposto de Propriedade de Ve\u00edculos Automotores) do estado de S\u00e3o Paulo. O calend\u00e1rio foi divulgado pela Secretaria da Fazenda, que anunciou tamb\u00e9m o parcelamento do valor em at\u00e9 cinco vezes. Quem decidir pagar o imposto \u00e0 vista ter\u00e1 um desconto de 3%.<img decoding=\"async\" src=\"https:\/\/agenciabrasil.ebc.com.br\/ebc.png?id=1501597&amp;o=node\"><img decoding=\"async\" src=\"https:\/\/agenciabrasil.ebc.com.br\/ebc.gif?id=1501597&amp;o=node\"><\/p>\n\n\n\n<p>As al\u00edquotas do imposto para ve\u00edculos novos e usados continuam iguais \u00e0s do ano de 2020: 4% do valor do ve\u00edculo para carros de passeio; 2% para motocicletas e similares, caminhonetes cabine simples, micro-\u00f4nibus, \u00f4nibus e maquin\u00e1rio pesado; 1,5% para caminh\u00f5es; 1% para os ve\u00edculos de locadoras.<\/p>\n\n\n\n<p>Este ano, o governo do estado permite que, dependendo do valor do IPVA, o sistema calcule automaticamente o n\u00famero de parcelas em tr\u00eas, em quatro ou em cinco parcelas, iguais e consecutivas. Cada parcela precisa ter o valor m\u00ednimo de R$ 68,52, o que corresponde a duas Unidades Fiscais do Estado de S\u00e3o Paulo (Ufes).<\/p>\n\n\n\n<p>O n\u00famero utilizado para c\u00e1lculo do imposto \u00e9 o valor venal do autom\u00f3vel para 2023, que est\u00e1 dispon\u00edvel no site da Secretaria de Fazenda.<\/p>\n\n\n\n<p>O estado de S\u00e3o Paulo conta com uma frota estimada em 27 milh\u00f5es de ve\u00edculos, e para 17,9 milh\u00f5es de ve\u00edculos \u00e9 exigido o pagamento do IPVA. Se atrasar, o contribuinte fica sujeito a multa de 0,33% por dia de atraso e juros de mora com base na taxa Selic, que \u00e9 utilizada como refer\u00eancia para os demais juros da economia. Depois de 60 dias, o percentual da multa fica em 20% do valor do IPVA.<\/p>\n\n\n\n<h2 class=\"wp-block-heading\">Calend\u00e1rio de pagamento<\/h2>\n\n\n\n<p>&#8211; Cota \u00fanica em janeiro com desconto de 3%;<\/p>\n\n\n\n<p>&#8211; Cota \u00fanica em fevereiro, sem desconto;<\/p>\n\n\n\n<p>Parcelamento, sem desconto, cota m\u00ednima de R$ 68,52<\/p>\n\n\n\n<p>&#8211; Em 3 vezes, de janeiro a mar\u00e7o (entre R$ 205,56 e R$ 274,07);<\/p>\n\n\n\n<p>&#8211; Em 4 vezes, de janeiro a abril (entre R$ 274,08 e R$ 342,5);<\/p>\n\n\n\n<p>&#8211; Em 5 vezes, de janeiro a maio (acima de R$ 342,60).<\/p>\n","protected":false},"excerpt":{"rendered":"<p>Quem pagar o imposto \u00e0 vista ter\u00e1 um desconto de 3% Come\u00e7a no dia 11 de janeiro o pagamento do IPVA 2023 (Imposto de Propriedade de Ve\u00edculos Automotores) do estado de S\u00e3o Paulo. O calend\u00e1rio foi divulgado pela Secretaria da Fazenda, que anunciou tamb\u00e9m o parcelamento do valor em at\u00e9 cinco vezes. Quem decidir pagar [&hellip;]<\/p>\n","protected":false},"author":7,"featured_media":10998,"comment_status":"closed","ping_status":"open","sticky":false,"template":"","format":"standard","meta":{"rop_custom_images_group":[],"rop_custom_messages_group":[],"rop_publish_now":"initial","rop_publish_now_accounts":[],"rop_publish_now_history":[],"rop_publish_now_status":"pending","footnotes":""},"categories":[195],"tags":[],"class_list":["post-10997","post","type-post","status-publish","format-standard","has-post-thumbnail","hentry","category-sao-paulo"],"amp_enabled":true,"_links":{"self":[{"href":"https:\/\/imais.online\/portal\/wp-json\/wp\/v2\/posts\/10997","targetHints":{"allow":["GET"]}}],"collection":[{"href":"https:\/\/imais.online\/portal\/wp-json\/wp\/v2\/posts"}],"about":[{"href":"https:\/\/imais.online\/portal\/wp-json\/wp\/v2\/types\/post"}],"author":[{"embeddable":true,"href":"https:\/\/imais.online\/portal\/wp-json\/wp\/v2\/users\/7"}],"replies":[{"embeddable":true,"href":"https:\/\/imais.online\/portal\/wp-json\/wp\/v2\/comments?post=10997"}],"version-history":[{"count":1,"href":"https:\/\/imais.online\/portal\/wp-json\/wp\/v2\/posts\/10997\/revisions"}],"predecessor-version":[{"id":10999,"href":"https:\/\/imais.online\/portal\/wp-json\/wp\/v2\/posts\/10997\/revisions\/10999"}],"wp:featuredmedia":[{"embeddable":true,"href":"https:\/\/imais.online\/portal\/wp-json\/wp\/v2\/media\/10998"}],"wp:attachment":[{"href":"https:\/\/imais.online\/portal\/wp-json\/wp\/v2\/media?parent=10997"}],"wp:term":[{"taxonomy":"category","embeddable":true,"href":"https:\/\/imais.online\/portal\/wp-json\/wp\/v2\/categories?post=10997"},{"taxonomy":"post_tag","embeddable":true,"href":"https:\/\/imais.online\/portal\/wp-json\/wp\/v2\/tags?post=10997"}],"curies":[{"name":"wp","href":"https:\/\/api.w.org\/{rel}","templated":true}]}}