{"id":11000,"date":"2023-01-03T14:13:40","date_gmt":"2023-01-03T17:13:40","guid":{"rendered":"https:\/\/imais.online\/portal\/?p=11000"},"modified":"2023-01-03T14:13:42","modified_gmt":"2023-01-03T17:13:42","slug":"governo-de-sp-faz-primeira-reuniao-com-novo-secretariado-no-palacio-dos-bandeirantes","status":"publish","type":"post","link":"https:\/\/imais.online\/portal\/governo-de-sp-faz-primeira-reuniao-com-novo-secretariado-no-palacio-dos-bandeirantes\/","title":{"rendered":"Governo de SP faz primeira reuni\u00e3o com novo secretariado no Pal\u00e1cio dos Bandeirantes"},"content":{"rendered":"<div class=\"imais-before-content-placement\" id=\"imais-3968729680\"><script async src=\"\/\/pagead2.googlesyndication.com\/pagead\/js\/adsbygoogle.js?client=ca-pub-8787528412751566\" crossorigin=\"anonymous\"><\/script><ins class=\"adsbygoogle\" style=\"display:block;\" data-ad-client=\"ca-pub-8787528412751566\" \ndata-ad-slot=\"\" \ndata-ad-format=\"auto\"><\/ins>\n<script> \n(adsbygoogle = window.adsbygoogle || []).push({}); \n<\/script>\n<\/div>\n<p class=\"has-text-align-center\">Governador Tarc\u00edsio de Freitas avaliou o in\u00edcio da gest\u00e3o e elencou prioridades para as primeiras semanas de trabalho<\/p>\n\n\n\n<p>O Governador Tarc\u00edsio de Freitas se reuniu pela primeira vez com o secretariado nesta segunda-feira (2), no Pal\u00e1cio dos Bandeirantes, onde fez o primeiro diagn\u00f3stico do Governo do Estado e das prioridades para os primeiros dias de trabalho. Ap\u00f3s o encontro, Tarc\u00edsio concedeu entrevista coletiva e falou das medidas que ser\u00e3o adotadas para garantir efici\u00eancia da gest\u00e3o estadual.<\/p>\n\n\n\n<p>\u201cFizemos um balan\u00e7o do que estabelecemos como compromisso na campanha, entendemos que o cumprimento desses compromissos, das promessas, \u00e9 uma ferramenta poderosa para vencer desconfian\u00e7as. Vamos ver nos pr\u00f3ximos dias a designa\u00e7\u00e3o de gerentes para determinados projetos e tamb\u00e9m falamos da quest\u00e3o de infraestrutura, dos primeiros projetos e primeiras entregas, como o leil\u00e3o do Rodoanel. Discutimos como iremos dar os contornos aos primeiros estudos que vamos contratar, como privatiza\u00e7\u00e3o da EMAE e desestatiza\u00e7\u00e3o da Sabesp, objetivos que vamos perseguir ao longo do tempo\u201d, falou Tarc\u00edsio de Freitas.<\/p>\n\n\n\n<p>Durante a reuni\u00e3o, os secret\u00e1rios apresentaram algumas das entregas que ser\u00e3o feitas durante os 100 primeiros dias de governo e o governador se colocou \u00e0 disposi\u00e7\u00e3o para ouvir as sugest\u00f5es de cada \u00e1rea. Entre as prioridades da gest\u00e3o est\u00e3o, por exemplo, o atendimento a pessoas em situa\u00e7\u00e3o de rua e o aumento da percep\u00e7\u00e3o de seguran\u00e7a da popula\u00e7\u00e3o, al\u00e9m da conclus\u00e3o de obras inacabadas.<\/p>\n\n\n\n<p><strong>Estrutura administrativa<\/strong><\/p>\n\n\n\n<p>A nova organiza\u00e7\u00e3o administrativa do Governo do Estado est\u00e1 regulamentada por um decreto publicado no Di\u00e1rio Oficial. Pela primeira vez na hist\u00f3ria S\u00e3o Paulo passa a contar com uma Secretaria de Pol\u00edticas para a Mulher, que ter\u00e1 como secret\u00e1ria a vereadora da capital Sonaira Fernandes. A pasta vai tratar de temas que envolvem combate \u00e0 viol\u00eancia, sa\u00fade da mulher e a participa\u00e7\u00e3o da mulher em atividades de empreendedorismo.<\/p>\n\n\n\n<p>As mudan\u00e7as est\u00e3o na denomina\u00e7\u00e3o das secretarias. A de Governo passa a contar com Rela\u00e7\u00f5es Institucionais. A de Desenvolvimento Regional passa a ser Secretaria de Comunica\u00e7\u00e3o. Neg\u00f3cios Internacionais substitui Rela\u00e7\u00f5es Internacionais. A Secretaria de Or\u00e7amento e Gest\u00e3o passa a ser denominada como de Gest\u00e3o e Governo Digital. A pasta de Projetos e A\u00e7\u00f5es Estrat\u00e9gicas se transformar\u00e1 em Secretaria de Parcerias em Investimentos.<\/p>\n\n\n\n<p>Infraestrutura e Meio Ambiente agora passa a ser Secretaria de Meio Ambiente, Infraestrutura e Log\u00edstica. Habita\u00e7\u00e3o incluir\u00e1 Desenvolvimento Urbano. A Secretaria de Ci\u00eancia, Pesquisa e Desenvolvimento em Sa\u00fade se transforma em Secretaria de Ci\u00eancia, Tecnologia e Inova\u00e7\u00e3o. E a pasta de Log\u00edstica e Transportes abre espa\u00e7o para a cria\u00e7\u00e3o da Secretaria de Pol\u00edticas para a Mulher.<\/p>\n\n\n\n<p>Fazenda e Planejamento, Sa\u00fade, Esportes, Cultura, Educa\u00e7\u00e3o, Seguran\u00e7a P\u00fablica e Administra\u00e7\u00e3o Penitenci\u00e1ria seguem como as mesmas caracter\u00edsticas, assim como Casa Civil, Casa Militar e Defesa Civil. Todas as realoca\u00e7\u00f5es or\u00e7ament\u00e1rias foram detalhadas no decreto publicado neste domingo (1\u00ba) em edi\u00e7\u00e3o extra do Di\u00e1rio Oficial.<\/p>\n","protected":false},"excerpt":{"rendered":"<p>Governador Tarc\u00edsio de Freitas avaliou o in\u00edcio da gest\u00e3o e elencou prioridades para as primeiras semanas de trabalho O Governador Tarc\u00edsio de Freitas se reuniu pela primeira vez com o secretariado nesta segunda-feira (2), no Pal\u00e1cio dos Bandeirantes, onde fez o primeiro diagn\u00f3stico do Governo do Estado e das prioridades para os primeiros dias de [&hellip;]<\/p>\n","protected":false},"author":7,"featured_media":11001,"comment_status":"closed","ping_status":"open","sticky":false,"template":"","format":"standard","meta":{"rop_custom_images_group":[],"rop_custom_messages_group":[],"rop_publish_now":"initial","rop_publish_now_accounts":[],"rop_publish_now_history":[],"rop_publish_now_status":"pending","footnotes":""},"categories":[195],"tags":[],"class_list":["post-11000","post","type-post","status-publish","format-standard","has-post-thumbnail","hentry","category-sao-paulo"],"amp_enabled":true,"_links":{"self":[{"href":"https:\/\/imais.online\/portal\/wp-json\/wp\/v2\/posts\/11000","targetHints":{"allow":["GET"]}}],"collection":[{"href":"https:\/\/imais.online\/portal\/wp-json\/wp\/v2\/posts"}],"about":[{"href":"https:\/\/imais.online\/portal\/wp-json\/wp\/v2\/types\/post"}],"author":[{"embeddable":true,"href":"https:\/\/imais.online\/portal\/wp-json\/wp\/v2\/users\/7"}],"replies":[{"embeddable":true,"href":"https:\/\/imais.online\/portal\/wp-json\/wp\/v2\/comments?post=11000"}],"version-history":[{"count":1,"href":"https:\/\/imais.online\/portal\/wp-json\/wp\/v2\/posts\/11000\/revisions"}],"predecessor-version":[{"id":11002,"href":"https:\/\/imais.online\/portal\/wp-json\/wp\/v2\/posts\/11000\/revisions\/11002"}],"wp:featuredmedia":[{"embeddable":true,"href":"https:\/\/imais.online\/portal\/wp-json\/wp\/v2\/media\/11001"}],"wp:attachment":[{"href":"https:\/\/imais.online\/portal\/wp-json\/wp\/v2\/media?parent=11000"}],"wp:term":[{"taxonomy":"category","embeddable":true,"href":"https:\/\/imais.online\/portal\/wp-json\/wp\/v2\/categories?post=11000"},{"taxonomy":"post_tag","embeddable":true,"href":"https:\/\/imais.online\/portal\/wp-json\/wp\/v2\/tags?post=11000"}],"curies":[{"name":"wp","href":"https:\/\/api.w.org\/{rel}","templated":true}]}}