{"id":11020,"date":"2023-01-04T14:50:34","date_gmt":"2023-01-04T17:50:34","guid":{"rendered":"https:\/\/imais.online\/portal\/?p=11020"},"modified":"2023-01-04T14:50:35","modified_gmt":"2023-01-04T17:50:35","slug":"analise-criacao-de-moeda-unica-no-mercosul-e-mais-uma-enxadada-de-haddad","status":"publish","type":"post","link":"https:\/\/imais.online\/portal\/analise-criacao-de-moeda-unica-no-mercosul-e-mais-uma-enxadada-de-haddad\/","title":{"rendered":"An\u00e1lise: cria\u00e7\u00e3o de moeda \u00fanica no Mercosul \u00e9 mais uma enxadada de Haddad"},"content":{"rendered":"<div class=\"imais-before-content-placement\" id=\"imais-2377737782\"><script async src=\"\/\/pagead2.googlesyndication.com\/pagead\/js\/adsbygoogle.js?client=ca-pub-8787528412751566\" crossorigin=\"anonymous\"><\/script><ins class=\"adsbygoogle\" style=\"display:block;\" data-ad-client=\"ca-pub-8787528412751566\" \ndata-ad-slot=\"\" \ndata-ad-format=\"auto\"><\/ins>\n<script> \n(adsbygoogle = window.adsbygoogle || []).push({}); \n<\/script>\n<\/div>\n<h2 class=\"wp-block-heading\">Fus\u00e3o monet\u00e1ria entre pa\u00edses do bloco \u00e9 ideia invi\u00e1vel sob v\u00e1rios aspectos, e refor\u00e7a a falta de um projeto do ministro da Fazenda<\/h2>\n\n\n\n<p>A cada enxadada, uma minhoca. T\u00eam sido assim as declara\u00e7\u00f5es do ministro da Fazenda, Fernando Haddad. Pode parecer implic\u00e2ncia, mas o ex-prefeito n\u00e3o reeleito de S\u00e3o Paulo, principal escudeiro de Lula, s\u00f3 nos brinda com frases evasivas e confusas, que em nada colaboram para um clima de seguran\u00e7a sobre o futuro econ\u00f4mico do pais.<\/p>\n\n\n\n<p>A \u00faltima sinaliza\u00e7\u00e3o, desastrosa, pronunciada na ter\u00e7a-feira (3), se deu durante encontro do ministro com o embaixador da Argentina no Brasil, Daniel Scioli. Eles simplesmente tornaram p\u00fablica a inten\u00e7\u00e3o de criar uma moeda comum para o Mercosul. \u00c9 isso mesmo: somos obrigados a imaginar uma fus\u00e3o entre o real, os pesos e bol\u00edvares.<\/p>\n\n\n\n<p>Parece um pesadelo ou del\u00edrio, que n\u00e3o guarda nenhuma semelhan\u00e7a com o esfor\u00e7o dos pa\u00edses europeus na cria\u00e7\u00e3o do euro, implantado em 1999, ap\u00f3s d\u00e9cadas de preparativos e extensas negocia\u00e7\u00f5es. A compara\u00e7\u00e3o, portanto, \u00e9 esdruxula, seja pelas carater\u00edsticas das fortes economias envolvidas entre pa\u00edses de economia minimamente parelhas e expressiva estabilidade fiscal e monet\u00e1ria.<\/p>\n\n\n\n<p>Como \u00e9 poss\u00edvel sugerir a ideia de moeda \u00fanica entre economias t\u00e3o d\u00edspares, para n\u00e3o dizer ca\u00f3ticas, repletas de incongru\u00eancias de PIB, renda per capita, \u00edndices de infla\u00e7\u00e3o, desigualdades sociais e governan\u00e7a fiscal? Da Argentina, com sua infla\u00e7\u00e3o descontrolada e crises c\u00edclicas, nem se fala.<\/p>\n\n\n\n<p>\u00c9 uma ideia t\u00e3o esdr\u00faxula quanto imposs\u00edvel de colocar em pr\u00e1tica. Mas essa proposta, por si s\u00f3, ainda no terceiro dia de governo, parece uma amea\u00e7a, mais que um deboche com nossa intelig\u00eancia.<\/p>\n\n\n\n<p>Em respeito aos fatos, \u00e9 preciso lembrar que o ex-ministro Paulo Guedes chegou a defender, de passagem, a implementa\u00e7\u00e3o dessa \u201cmoeda \u00fanica\u201d, logo descartada e lan\u00e7ada ao esquecimento. Ningu\u00e9m imaginava que essa curiosa gambiarra monet\u00e1ria voltaria \u00e0 cena, num cen\u00e1rio ainda mais degradado nos \u00faltimos anos.<\/p>\n\n\n\n<p>Disseram Haddad e Scioli que a inten\u00e7\u00e3o \u00e9 a de fortalecer o Mercosul e seus pa\u00edses. Quase d\u00e1 pregui\u00e7a, mas \u00e9 preciso deixar bem claro: esse projeto tem tanta chance de vingar quanto a picanha com cerveja na mesa de todo brasileiro. Bobagem gastar energia com isso, em meio aos tantos desafios que emparedam esses vizinhos de desfort\u00fanios. Se n\u00e3o \u00e9 galhofa, \u00e9 burrice mesmo. Ou falta do que fazer.<\/p>\n\n\n\n<p>Fonte R7 <\/p>\n","protected":false},"excerpt":{"rendered":"<p>Fus\u00e3o monet\u00e1ria entre pa\u00edses do bloco \u00e9 ideia invi\u00e1vel sob v\u00e1rios aspectos, e refor\u00e7a a falta de um projeto do ministro da Fazenda A cada enxadada, uma minhoca. T\u00eam sido assim as declara\u00e7\u00f5es do ministro da Fazenda, Fernando Haddad. Pode parecer implic\u00e2ncia, mas o ex-prefeito n\u00e3o reeleito de S\u00e3o Paulo, principal escudeiro de Lula, s\u00f3 [&hellip;]<\/p>\n","protected":false},"author":8,"featured_media":11021,"comment_status":"closed","ping_status":"open","sticky":false,"template":"","format":"standard","meta":{"rop_custom_images_group":[],"rop_custom_messages_group":[],"rop_publish_now":"initial","rop_publish_now_accounts":[],"rop_publish_now_history":[],"rop_publish_now_status":"pending","footnotes":""},"categories":[192],"tags":[],"class_list":["post-11020","post","type-post","status-publish","format-standard","has-post-thumbnail","hentry","category-economia"],"amp_enabled":true,"_links":{"self":[{"href":"https:\/\/imais.online\/portal\/wp-json\/wp\/v2\/posts\/11020","targetHints":{"allow":["GET"]}}],"collection":[{"href":"https:\/\/imais.online\/portal\/wp-json\/wp\/v2\/posts"}],"about":[{"href":"https:\/\/imais.online\/portal\/wp-json\/wp\/v2\/types\/post"}],"author":[{"embeddable":true,"href":"https:\/\/imais.online\/portal\/wp-json\/wp\/v2\/users\/8"}],"replies":[{"embeddable":true,"href":"https:\/\/imais.online\/portal\/wp-json\/wp\/v2\/comments?post=11020"}],"version-history":[{"count":1,"href":"https:\/\/imais.online\/portal\/wp-json\/wp\/v2\/posts\/11020\/revisions"}],"predecessor-version":[{"id":11022,"href":"https:\/\/imais.online\/portal\/wp-json\/wp\/v2\/posts\/11020\/revisions\/11022"}],"wp:featuredmedia":[{"embeddable":true,"href":"https:\/\/imais.online\/portal\/wp-json\/wp\/v2\/media\/11021"}],"wp:attachment":[{"href":"https:\/\/imais.online\/portal\/wp-json\/wp\/v2\/media?parent=11020"}],"wp:term":[{"taxonomy":"category","embeddable":true,"href":"https:\/\/imais.online\/portal\/wp-json\/wp\/v2\/categories?post=11020"},{"taxonomy":"post_tag","embeddable":true,"href":"https:\/\/imais.online\/portal\/wp-json\/wp\/v2\/tags?post=11020"}],"curies":[{"name":"wp","href":"https:\/\/api.w.org\/{rel}","templated":true}]}}