{"id":11030,"date":"2023-01-04T15:01:43","date_gmt":"2023-01-04T18:01:43","guid":{"rendered":"https:\/\/imais.online\/portal\/?p=11030"},"modified":"2023-01-04T15:01:45","modified_gmt":"2023-01-04T18:01:45","slug":"morre-rita-de-cassia-uma-das-maiores-cantoras-e-compositoras-do-brasil","status":"publish","type":"post","link":"https:\/\/imais.online\/portal\/morre-rita-de-cassia-uma-das-maiores-cantoras-e-compositoras-do-brasil\/","title":{"rendered":"Morre Rita de C\u00e1ssia, uma das maiores cantoras e compositoras do Brasil"},"content":{"rendered":"<div class=\"imais-before-content-placement\" id=\"imais-2744691223\"><script async src=\"\/\/pagead2.googlesyndication.com\/pagead\/js\/adsbygoogle.js?client=ca-pub-8787528412751566\" crossorigin=\"anonymous\"><\/script><ins class=\"adsbygoogle\" style=\"display:block;\" data-ad-client=\"ca-pub-8787528412751566\" \ndata-ad-slot=\"\" \ndata-ad-format=\"auto\"><\/ins>\n<script> \n(adsbygoogle = window.adsbygoogle || []).push({}); \n<\/script>\n<\/div>\n<h2 class=\"wp-block-heading\">Autora de &#8216;Meu Vaqueiro, Meu Pe\u00e3o&#8217; e &#8216;Saga de Um Vaqueiro&#8217; estava internada em um hospital particular de Fortaleza<\/h2>\n\n\n\n<p>Rita de C\u00e1ssia, 50 anos, uma das maiores cantoras do Brasil e&nbsp;<strong>autora de cl\u00e1ssicos do forr\u00f3 eletr\u00f4nico como &#8220;Meu Vaqueiro, Meu Pe\u00e3o&#8221; e &#8220;Saga de Um Vaqueiro&#8221;<\/strong>, morreu na noite desta ter\u00e7a-feira (3), em Fortaleza, Cear\u00e1. A artista estava internada em uma Unidade de Tratamento Intensiva (UTI) de um hospital particular.&nbsp;<\/p>\n\n\n\n<p>A cantora lutava contra o diagn\u00f3stico de fibrose pulmonar. A doen\u00e7a \u00e9 caracterizada quando o pulm\u00e3o do indiv\u00edduo fica com cicatrizes no tecido ou passa a ser mais endurecido. A enfermidade reduz a capacidade de expans\u00e3o do \u00f3rg\u00e3o no processo de respira\u00e7\u00e3o.<\/p>\n\n\n\n<p>Nas redes sociais, amigos, f\u00e3s e artistas do forr\u00f3 lamentaram a triste partida da cantora.&nbsp;A compositora ficou conhecida nacionalmente pelas letras impulsionadas nas vozes de vocalistas da banda Mastruz com Leite. A forrozeira \u00e9 natural de Alto Santo, no Cear\u00e1. Ainda n\u00e3o h\u00e1 informa\u00e7\u00f5es sobre vel\u00f3rio ou sepultamento.&nbsp;<\/p>\n\n\n\n<h2 class=\"wp-block-heading\"><strong>Entenda o que \u00e9 fibrose pulmonar, doen\u00e7a que causou a morte da cantora<\/strong><\/h2>\n\n\n\n<p>Segundo o Minist\u00e9rio da Sa\u00fade do Brasil,&nbsp;<strong>a fibrose pulmonar idiop\u00e1tica&nbsp;<\/strong>\u00e9 uma forma cr\u00f4nica e progressiva de pneumonia; ou seja, uma forma da doen\u00e7a que n\u00e3o se cura rapidamente e avan\u00e7a pelos pulm\u00f5es.<\/p>\n\n\n\n<p>A doen\u00e7a tamb\u00e9m causa fibroses (cicatrizes) nos pulm\u00f5es, que levam ao endurecimento dos tecidos pulmonares, dificultando assim a respira\u00e7\u00e3o. Segundo o Minist\u00e9rio da Sa\u00fade, o termo idiop\u00e1tico, que d\u00e1 nome \u00e0 doen\u00e7a, \u00e9 utilizado quando as causas da enfermidade s\u00e3o desconhecidas.<\/p>\n\n\n\n<p>Os principais sintomas s\u00e3o tosse (normalmente \u00e9 seca), falta de ar e fadiga ao realizar pequenos esfor\u00e7os, que costumam piorar com o passar do tempo. A ocorr\u00eancia desta doen\u00e7a \u00e9 mais comum em homens com mais de 50 anos e pode estar associada ao tabagismo.<\/p>\n\n\n\n<h2 class=\"wp-block-heading\"><strong>Como prevenir?<\/strong><\/h2>\n\n\n\n<p>De acordo com o Minist\u00e9rio da Sa\u00fade, acredita-se que a doen\u00e7a pulmonar pode ter rela\u00e7\u00e3o com o tabagismo, mas, atualmente, a causa certa da doen\u00e7a \u00e9 desconhecida.<\/p>\n\n\n\n<h2 class=\"wp-block-heading\"><strong>Evolu\u00e7\u00e3o da doen\u00e7a<\/strong><\/h2>\n\n\n\n<p>Na maioria das vezes, a evolu\u00e7\u00e3o da doen\u00e7a \u00e9 lenta e progressiva, levando \u00e0 grave insufici\u00eancia respirat\u00f3ria (dificuldade de respirar) e podendo evoluir para \u00f3bito (morte). N\u00e3o existem estudos descrevendo o n\u00famero de pacientes acometidos pela doen\u00e7a no Brasil.<\/p>\n\n\n\n<h2 class=\"wp-block-heading\"><strong>Uma hist\u00f3ria de sucesso<\/strong><\/h2>\n\n\n\n<p>Rita de C\u00e1ssia \u00e9 considerada&nbsp;<strong>&#8220;A Maior Compositora de Forr\u00f3 do Brasil&#8221;, por ter mais de 500 composi\u00e7\u00f5es sem parcerias, e muitas delas gravadas por v\u00e1rios interpretes e bandas de sucesso em todo o Brasil<\/strong>. A sua primeira composi\u00e7\u00e3o gravada foi &#8220;Brilho da Lua&#8221;, no ano de 1992 pela cantora Eliane, se tornando um sucesso absoluto e sendo a m\u00fasica mais executada em Fortaleza. Logo em seguida foi &#8220;Sonho Real&#8221;, gravada pela Banda Mastruz com Leite, que j\u00e1 come\u00e7ava a despontar com muito sucesso no Cear\u00e1 e em outros estados.<\/p>\n\n\n\n<figure class=\"wp-block-image\"><img decoding=\"async\" src=\"https:\/\/a10mais.com\/uploads\/imagens\/8f11c5b5-6527-4c44-8ea8-f08ac59b8ae9-1672796008.jpeg\" alt=\"\"\/><figcaption> Rita de C\u00e1ssia \u00e9 autora de cl\u00e1ssicos do forr\u00f3 eletr\u00f4nico como &#8220;Meu Vaqueiro, Meu Pe\u00e3o&#8221; e &#8220;Saga de Um Vaqueiro&#8221;Reprodu\u00e7\u00e3o <\/figcaption><\/figure>\n\n\n\n<p>Em 1993 Mastruz com Leite gravou &#8220;Meu Vaqueiro, Meu Pe\u00e3o&#8221;, que \u00e9 uma explos\u00e3o de sucesso em todo Brasil e torna-se o principal hino do nosso forr\u00f3 moderno. E a partir da\u00ed come\u00e7a o estrelato de Rita de C\u00e1ssia como compositora, j\u00e1 ganhando o diploma &#8220;Destaque de Melhor Compositora do Cear\u00e1 1993&#8221;. O forr\u00f3 come\u00e7ava a tomar conta de todo Nordeste com a nova linguagem rom\u00e2ntica, a Poesia. A forma direta de falar de amor come\u00e7ou a dar certo, e Rita de C\u00e1ssia usando todo o seu talento e carisma, continuava compondo can\u00e7\u00f5es lind\u00edssimas e recebia muitos elogios todos os dias de v\u00e1rios locutores, bandas, cr\u00edticos e principalmente dos jovens que passaram a gostar do forr\u00f3 com esta grande revolu\u00e7\u00e3o.<\/p>\n\n\n\n<p>Em 1994, ganhou o pr\u00eamio &#8220;Destaque da Regi\u00e3o Vale do Jaguaribe&#8221; como melhor compositora. Al\u00e9m disso, j\u00e1 estava em 8\u00b0 lugar entre os melhores compositores do Pa\u00eds. Assim recebendo em 1995 os parab\u00e9ns do Ecad (Escrit\u00f3rio Central de Arrecada\u00e7\u00e3o e Distribui\u00e7\u00e3o), por ter sido primeiro lugar em execu\u00e7\u00e3o no Brasil juntamente com a Somzoom St\u00fadio. Foi tamb\u00e9m neste mesmo ano, que foi gravado o primeiro Cd intitulado &#8220;Rita de C\u00e1ssia, Redondo e Banda Som do Norte&#8221;. No ano de 2000, seus m\u00e9ritos tamb\u00e9m foram reconhecidos no evento &#8220;Xx &#8211; O S\u00e9culo das Mulheres&#8221;, promovido pelo Jornal Folha do Com\u00e9rcio. Neste mesmo evento, ela foi homenageada e recebeu o t\u00edtulo de &#8220;Compositora do S\u00e9culo Xx&#8221;.<\/p>\n\n\n\n<p>Em 2002, teve novamente a explos\u00e3o de suas composi\u00e7\u00f5es com a m\u00fasica &#8220;Jeito de Amar&#8221; (J\u00e1 Tomei Porres por Voc\u00ea), gravado nas vozes de Solange Almeida e Xandy Avi\u00e3o da Banda Avi\u00f5es do Forr\u00f3. Em 2010 Rita de C\u00e1ssia recebeu na Cidade de Campina Grande-Pb durante &#8220;O Maior S\u00e3o Jo\u00e3o do Mundo&#8221;, o &#8220;Pr\u00eamio Jackson e Gonzag\u00e3o&#8221;, juntamente com os t\u00edtulos de &#8220;A Maior Compositora de Forr\u00f3 do Brasil&#8221; e a m\u00fasica &#8220;Saga de Um Vaqueiro&#8221; como Melhor M\u00fasica da D\u00e9cada.<\/p>\n\n\n\n<p>No decorrer de sua carreira, Rita de C\u00e1ssia gravou 12 Cds em parceria com seu irm\u00e3o Redondo e a Banda Som do Norte, 05 Cds Voz e Viol\u00e3o, 01 Dvd Ac\u00fastico, 01 Cd em comemora\u00e7\u00e3o aos 20 anos de carreira, 01 Cd Rita de C\u00e1ssia Ao Vivo \u00a0em 2010 e 01 Cd com 13 m\u00fasicas in\u00e9ditas intitulado &#8220;Cuide de ser Feliz&#8221; em 2015.<\/p>\n\n\n\n<p>Fonte A10mais <\/p>\n","protected":false},"excerpt":{"rendered":"<p>Autora de &#8216;Meu Vaqueiro, Meu Pe\u00e3o&#8217; e &#8216;Saga de Um Vaqueiro&#8217; estava internada em um hospital particular de Fortaleza Rita de C\u00e1ssia, 50 anos, uma das maiores cantoras do Brasil e&nbsp;autora de cl\u00e1ssicos do forr\u00f3 eletr\u00f4nico como &#8220;Meu Vaqueiro, Meu Pe\u00e3o&#8221; e &#8220;Saga de Um Vaqueiro&#8221;, morreu na noite desta ter\u00e7a-feira (3), em Fortaleza, Cear\u00e1. [&hellip;]<\/p>\n","protected":false},"author":8,"featured_media":11031,"comment_status":"closed","ping_status":"open","sticky":false,"template":"","format":"standard","meta":{"rop_custom_images_group":[],"rop_custom_messages_group":[],"rop_publish_now":"initial","rop_publish_now_accounts":[],"rop_publish_now_history":[],"rop_publish_now_status":"pending","footnotes":""},"categories":[237],"tags":[],"class_list":["post-11030","post","type-post","status-publish","format-standard","has-post-thumbnail","hentry","category-luto"],"amp_enabled":true,"_links":{"self":[{"href":"https:\/\/imais.online\/portal\/wp-json\/wp\/v2\/posts\/11030","targetHints":{"allow":["GET"]}}],"collection":[{"href":"https:\/\/imais.online\/portal\/wp-json\/wp\/v2\/posts"}],"about":[{"href":"https:\/\/imais.online\/portal\/wp-json\/wp\/v2\/types\/post"}],"author":[{"embeddable":true,"href":"https:\/\/imais.online\/portal\/wp-json\/wp\/v2\/users\/8"}],"replies":[{"embeddable":true,"href":"https:\/\/imais.online\/portal\/wp-json\/wp\/v2\/comments?post=11030"}],"version-history":[{"count":1,"href":"https:\/\/imais.online\/portal\/wp-json\/wp\/v2\/posts\/11030\/revisions"}],"predecessor-version":[{"id":11032,"href":"https:\/\/imais.online\/portal\/wp-json\/wp\/v2\/posts\/11030\/revisions\/11032"}],"wp:featuredmedia":[{"embeddable":true,"href":"https:\/\/imais.online\/portal\/wp-json\/wp\/v2\/media\/11031"}],"wp:attachment":[{"href":"https:\/\/imais.online\/portal\/wp-json\/wp\/v2\/media?parent=11030"}],"wp:term":[{"taxonomy":"category","embeddable":true,"href":"https:\/\/imais.online\/portal\/wp-json\/wp\/v2\/categories?post=11030"},{"taxonomy":"post_tag","embeddable":true,"href":"https:\/\/imais.online\/portal\/wp-json\/wp\/v2\/tags?post=11030"}],"curies":[{"name":"wp","href":"https:\/\/api.w.org\/{rel}","templated":true}]}}