{"id":11091,"date":"2023-01-08T14:11:07","date_gmt":"2023-01-08T17:11:07","guid":{"rendered":"https:\/\/imais.online\/portal\/?p=11091"},"modified":"2023-01-08T14:11:09","modified_gmt":"2023-01-08T17:11:09","slug":"roberto-dinamite-idolo-do-vasco-morre-aos-68-anos-de-cancer","status":"publish","type":"post","link":"https:\/\/imais.online\/portal\/roberto-dinamite-idolo-do-vasco-morre-aos-68-anos-de-cancer\/","title":{"rendered":"Roberto Dinamite, \u00eddolo do Vasco, morre aos 68 anos de c\u00e2ncer"},"content":{"rendered":"<div class=\"imais-before-content-placement\" id=\"imais-903505827\"><script async src=\"\/\/pagead2.googlesyndication.com\/pagead\/js\/adsbygoogle.js?client=ca-pub-8787528412751566\" crossorigin=\"anonymous\"><\/script><ins class=\"adsbygoogle\" style=\"display:block;\" data-ad-client=\"ca-pub-8787528412751566\" \ndata-ad-slot=\"\" \ndata-ad-format=\"auto\"><\/ins>\n<script> \n(adsbygoogle = window.adsbygoogle || []).push({}); \n<\/script>\n<\/div>\n<h2 class=\"wp-block-heading\">Ex-jogador do Cruz-maltino enfrentava um tumor no intestino e n\u00e3o resistiu \u00e0s complica\u00e7\u00f5es da doen\u00e7a descoberta em 2021<\/h2>\n\n\n\n<p>O ex-jogador Roberto Dinamite morreu, aos 68 anos, neste domingo (8). O \u00eddolo do Vasco da Gama lutava contra um c\u00e2ncer no intestino e n\u00e3o resistiu \u00e0s complica\u00e7\u00f5es da doen\u00e7a. A informa\u00e7\u00e3o foi confirmada pelo Vasco da Gama.<\/p>\n\n\n\n<p>No \u00faltimo s\u00e1bado (7), o \u00eddolo vasca\u00edno teve complica\u00e7\u00f5es da doen\u00e7a, descoberta no fim de 2021, e precisou ser internado no Hospital da Unimed, no Rio de Janeiro. Hoje de manh\u00e3, ele n\u00e3o resistiu e morreu.<\/p>\n\n\n\n<p>&#8220;\u00c9 com o mais profundo pesar que o Vasco da Gama recebe a informa\u00e7\u00e3o que o #MaiorDeTodos nos deixou neste domingo. Carlos Roberto de Oliveira, o Dinamite, dedicou 29 dos seus 68 anos ao Clube, como atleta e Presidente. Te amaremos para sempre, Calu&#8221;, disse o time carioca&nbsp;<strong>(veja a nota na \u00edntegra abaixo)<\/strong>.<\/p>\n\n\n\n<p>Ainda n\u00e3o h\u00e1 informa\u00e7\u00f5es sobre o vel\u00f3rio, mas o clube carioca sugeriu que o vel\u00f3rio ocorresse em S\u00e3o Janu\u00e1rio, o est\u00e1dio do Vasco da Gama.<\/p>\n\n\n\n<h3 class=\"wp-block-heading\">\u00cddolo do Vasco<\/h3>\n\n\n\n<p><em><\/em><\/p>\n\n\n\n<figure class=\"wp-block-image\"><img decoding=\"async\" src=\"https:\/\/img.r7.com\/images\/reproducao-facebook-roberto-dinamite-1500-08012023124003345?dimensions=442x241&amp;&amp;&amp;&amp;resize=442x241&amp;crop=671x366+0+88&amp;&amp;&amp;resize=442x241&amp;crop=671x366+0+88\" alt=\"'O Roberto era o Vasco', disse clube Cruz-maltino\" title=\"'O Roberto era o Vasco', disse clube Cruz-maltino\"\/><figcaption>&#8216;O Roberto era o Vasco&#8217;, disse clube Cruz-maltino<br>REPRODU\u00c7\u00c3O\/FACEBOOK<\/figcaption><\/figure>\n\n\n\n<p>Nascido em Duque de Caxias em 15 de abril de 1954, Carlos Roberto de Oliveira viu seu destino se cruzar com o Vasco em 1969. O &#8220;olheiro&#8221; Gradim de Caxias apresentou o jovem de 15 anos (na \u00e9poca conhecido pelo ep\u00edteto de &#8220;Calu&#8221; e que jogava no clube amador S\u00e3o Bento) para fazer um teste em S\u00e3o Janu\u00e1rio sob o comando de C\u00e9lio de Souza, t\u00e9cnico dos juvenis do Cruz-Maltino. Logo se destacou por seus gols de cabe\u00e7a e pela coloca\u00e7\u00e3o na \u00e1rea.<\/p>\n\n\n\n<p>Dinamite fez 708 gols pela equipe de Vasco e, entre 2008 e 2014, foi presidente do clube. O clube deixou em vida uma homenagem ao camisa 10: uma est\u00e1tua que fica atr\u00e1s de um dos gols de S\u00e3o Janu\u00e1rio.<\/p>\n\n\n\n<p>Dinamite tamb\u00e9m deixa o legado de ser o maior artilheiro da hist\u00f3ria do Campeonato Brasileiro, com 190 gols marcados na competi\u00e7\u00e3o, e do Campeonato Carioca, com 284 gols.&nbsp;<\/p>\n\n\n\n<p>Al\u00e9m do Cruz-Maltino, o craque ainda teve passagens pelo Barcelona (ESP) e defendeu a Portuguesa e o Campo Grande. Atuou tamb\u00e9m pela Sele\u00e7\u00e3o Brasileira na Copa de 1978 e esteve no grupo de convocados de 1982. Fora de campo, foi eleito vereador em 1992 e posteriormente teve cinco mandatos como deputado estadual.<\/p>\n\n\n\n<figure class=\"wp-block-image\"><img decoding=\"async\" src=\"https:\/\/img.r7.com\/images\/reproducao-facebook-roberto-dinamite-1500-08012023123710065?dimensions=771x420\" alt=\"Roberto Dinamite recebeu diversas homenagens pela passagem hist\u00f3rica pelo Vasco\" title=\"Roberto Dinamite recebeu diversas homenagens pela passagem hist\u00f3rica pelo Vasco\"\/><figcaption>Roberto Dinamite recebeu diversas homenagens pela passagem hist\u00f3rica pelo Vasco<br>REPRODU\u00c7\u00c3O\/FACEBOOK<\/figcaption><\/figure>\n\n\n\n<p>O Vasco da Gama emitiu um comunicado oficial em que resume assim a rela\u00e7\u00e3o entre o ent\u00e3o jogador e o clube: &#8220;O Roberto era Vasco. O Vasco era Roberto&#8221;. O time carioca tamb\u00e9m afirmou ser com &#8220;inestim\u00e1vel pesar&#8221; a necessidade de informar a morte do \u00eddolo.<\/p>\n\n\n\n<h3 class=\"wp-block-heading\">Nota oficial do Vasco<\/h3>\n\n\n\n<p><em><\/em><\/p>\n\n\n\n<p><em>&#8220;O Vasco da Gama comunica com inestim\u00e1vel pesar o falecimento do maior \u00eddolo da hist\u00f3ria do clube, Carlos Roberto de Oliveira, o Dinamite, aos 68 anos em decorr\u00eancia a um c\u00e2ncer no intestino.<\/em><\/p>\n\n\n\n<p><em>Natural da cidade de Duque de Caxias, na Baixada Fluminense, Roberto Dinamite demonstrou intimidade com a bola logo na inf\u00e2ncia e chegou ao Vasco da Gama, ainda nas categorias de base, no ano de 1969. Tr\u00eas anos depois, o ent\u00e3o \u201cCalu\u201d (como era conhecido desde as partidas que disputava ainda no seu bairro de nascen\u00e7a) chegou aos profissionais do Gigante. No dia 14 de novembro de 1971, em um confronto contra o Bahia pelo Campeonato Brasileiro, o jovem de dezessete anos fez, pela primeira vez, aquilo que vira a repetir em outras 1109 oportunidades.<\/em><\/p>\n\n\n\n<p><em>N\u00e3o demorou muito para que a torcida vasca\u00edna o visse explodir. No dia 25 de novembro, contra o Internacional, no Maracan\u00e3, Roberto venceu advers\u00e1rios com facilidade e marcou o seu primeiro gol como profissional pelo clube. Uma verdadeira explos\u00e3o, como destacou o Jornal dos Sports, e que se repetiu por outras 707 vezes. Roberto ent\u00e3o virou um s\u00edmbolo de Vasco da Gama. Gera\u00e7\u00f5es foram criadas considerando uma verdadeira simbiose entre os dois.<\/em><\/p>\n\n\n\n<p><em>O Roberto era Vasco. O Vasco era Roberto. Em 1974, Dinamite foi o verdadeiro ponto de arranque rumo ao primeiro t\u00edtulo de Campeonato Brasileiro do Clube, sendo o artilheiro da competi\u00e7\u00e3o com 16 gols marcados. Nos anos seguintes, a consagra\u00e7\u00e3o com artilharias nacionais e estaduais. Al\u00e9m das convoca\u00e7\u00f5es para as Copas do Mundo de 1978 e 1982. Na primeira oportunidade, Roberto foi o artilheiro da Sele\u00e7\u00e3o Brasileira no mundial.<\/em><\/p>\n\n\n\n<p><em>No in\u00edcio da d\u00e9cada de 80, Roberto Dinamite deixou o Vasco da Gama rumo ao Barcelona (ESP). Mas a separa\u00e7\u00e3o durou apenas tr\u00eas meses e logo o artilheiro estava de volta \u00e0 Colina. E n\u00e3o demorou muito para que ele voltasse a explodir em festa a torcida. Em um jogo contra o Corinthians, no Maracan\u00e3, Dinamite marcou cinco gols na vit\u00f3ria cruzmaltina por 5 a 2.<\/em><\/p>\n\n\n\n<p><em>Foram mais 12 anos de Vasco da Gama, sendo nove ininterruptos, somatizando t\u00edtulos; artilharia; e cultivando um amor e uma gratid\u00e3o gigantesca. At\u00e9 a sua aposentadoria e despedida dos gramados, em 1992.<\/em><\/p>\n\n\n\n<p><em>Em 2008, Roberto Dinamite foi eleito Presidente do Vasco da Gama e reeleito em 2011. Ao longo deste per\u00edodo, o Clube conquistou a Copa do Brasil e a S\u00e9rie B do Campeonato Brasileiro.&#8221;<\/em><\/p>\n\n\n\n<p>Fonte R7<\/p>\n","protected":false},"excerpt":{"rendered":"<p>Ex-jogador do Cruz-maltino enfrentava um tumor no intestino e n\u00e3o resistiu \u00e0s complica\u00e7\u00f5es da doen\u00e7a descoberta em 2021 O ex-jogador Roberto Dinamite morreu, aos 68 anos, neste domingo (8). O \u00eddolo do Vasco da Gama lutava contra um c\u00e2ncer no intestino e n\u00e3o resistiu \u00e0s complica\u00e7\u00f5es da doen\u00e7a. A informa\u00e7\u00e3o foi confirmada pelo Vasco da [&hellip;]<\/p>\n","protected":false},"author":8,"featured_media":11092,"comment_status":"closed","ping_status":"open","sticky":false,"template":"","format":"standard","meta":{"rop_custom_images_group":[],"rop_custom_messages_group":[],"rop_publish_now":"initial","rop_publish_now_accounts":[],"rop_publish_now_history":[],"rop_publish_now_status":"pending","footnotes":""},"categories":[237],"tags":[73],"class_list":["post-11091","post","type-post","status-publish","format-standard","has-post-thumbnail","hentry","category-luto","tag-featured"],"amp_enabled":true,"_links":{"self":[{"href":"https:\/\/imais.online\/portal\/wp-json\/wp\/v2\/posts\/11091","targetHints":{"allow":["GET"]}}],"collection":[{"href":"https:\/\/imais.online\/portal\/wp-json\/wp\/v2\/posts"}],"about":[{"href":"https:\/\/imais.online\/portal\/wp-json\/wp\/v2\/types\/post"}],"author":[{"embeddable":true,"href":"https:\/\/imais.online\/portal\/wp-json\/wp\/v2\/users\/8"}],"replies":[{"embeddable":true,"href":"https:\/\/imais.online\/portal\/wp-json\/wp\/v2\/comments?post=11091"}],"version-history":[{"count":1,"href":"https:\/\/imais.online\/portal\/wp-json\/wp\/v2\/posts\/11091\/revisions"}],"predecessor-version":[{"id":11093,"href":"https:\/\/imais.online\/portal\/wp-json\/wp\/v2\/posts\/11091\/revisions\/11093"}],"wp:featuredmedia":[{"embeddable":true,"href":"https:\/\/imais.online\/portal\/wp-json\/wp\/v2\/media\/11092"}],"wp:attachment":[{"href":"https:\/\/imais.online\/portal\/wp-json\/wp\/v2\/media?parent=11091"}],"wp:term":[{"taxonomy":"category","embeddable":true,"href":"https:\/\/imais.online\/portal\/wp-json\/wp\/v2\/categories?post=11091"},{"taxonomy":"post_tag","embeddable":true,"href":"https:\/\/imais.online\/portal\/wp-json\/wp\/v2\/tags?post=11091"}],"curies":[{"name":"wp","href":"https:\/\/api.w.org\/{rel}","templated":true}]}}