{"id":11163,"date":"2023-01-11T09:39:13","date_gmt":"2023-01-11T12:39:13","guid":{"rendered":"https:\/\/imais.online\/portal\/?p=11163"},"modified":"2023-01-11T09:39:15","modified_gmt":"2023-01-11T12:39:15","slug":"vai-comecar-a-72a-festa-do-figo-e-27a-expogoiaba-de-valinhos","status":"publish","type":"post","link":"https:\/\/imais.online\/portal\/vai-comecar-a-72a-festa-do-figo-e-27a-expogoiaba-de-valinhos\/","title":{"rendered":"Vai come\u00e7ar a 72\u00aa Festa do Figo e 27\u00aa Expogoiaba de Valinhos"},"content":{"rendered":"<div class=\"imais-before-content-placement\" id=\"imais-896714574\"><script async src=\"\/\/pagead2.googlesyndication.com\/pagead\/js\/adsbygoogle.js?client=ca-pub-8787528412751566\" crossorigin=\"anonymous\"><\/script><ins class=\"adsbygoogle\" style=\"display:block;\" data-ad-client=\"ca-pub-8787528412751566\" \ndata-ad-slot=\"\" \ndata-ad-format=\"auto\"><\/ins>\n<script> \n(adsbygoogle = window.adsbygoogle || []).push({}); \n<\/script>\n<\/div>\n<p>Na pr\u00f3xima sexta-feira (13), a cidade de Valinhos, interior do Estado de S\u00e3o Paulo, ser\u00e1 o ponto de encontro para o p\u00fablico que curte muita m\u00fasica boa e uma excelente gastronomia. Entre os dias 13 e 29 de janeiro, a 72\u00aa Festa do Figo e 27\u00aa Expogoiaba volta com tudo e promete reunir milhares de pessoas de toda a Regi\u00e3o Metropolitana de Campinas. A festa, que ser\u00e1 no Parque Monsenhor Bruno Nardini, conta com o apoio da Prefeitura Municipal de Valinhos, e tem a realiza\u00e7\u00e3o da Organiza\u00e7\u00e3o Estrela.<\/p>\n\n\n\n<p>A grade de shows promete agradar todo o tipo de p\u00fablico. Sertanejo, pagode e eletr\u00f4nico s\u00e3o alguns dos ritmos que ir\u00e3o embalar a festa. Al\u00e9m de grandes artistas nacionais, atra\u00e7\u00f5es regionais estar\u00e3o se apresentando durante todos os dias em palcos alternativos. No dia 13 de janeiro, primeiro dia de evento, a banda Inimigos da HP sobe ao palco para cantar grandes sucessos da carreira. No dia seguinte \u00e9 a vez da dupla sensa\u00e7\u00e3o do momento, Hugo &amp; Guilherme, comandar a festa. No dia 15, a apresenta\u00e7\u00e3o fica por conta das duplas Luiz Miguel &amp; Daniel e Matogrosso &amp; Mathias<\/p>\n\n\n\n<p>A segunda semana come\u00e7a com o show do aclamado DJ Alok, no dia 20. Gustavo Mioto se apresenta no dia 21, e a banda Turma do Pagode, no dia 22. A \u00faltima semana da 72\u00aa Festa do Figo e 27\u00aa Expogoiaba ter\u00e1 os shows de Rick &amp; Renner no dia 27, Ana Castela no dia 28, e encerrando com chave de ouro, a cantora Bruna Viola, no dia 29.<\/p>\n\n\n\n<p>Nos demais palcos (Frutas e Tenda do Rock) est\u00e3o programados muitos shows regionais. Haver\u00e1 no Palco das Frutas, as apresenta\u00e7\u00f5es de Cazuza Cover, U2 Cover, Tim Maia Cover, entre outras atra\u00e7\u00f5es. No dia 21 (s\u00e1bado), ter\u00e1 a Orquestra Jazz Sinf\u00f4nica e o encerramento dos shows ficou a cargo da Banda do Brejo. J\u00e1 a Tenda do Rock promete muitas novidades. Haver\u00e1 um tributo ao cantor Andr\u00e9 Mattos, Led Zeppelin Cover, Rolling Stones Cover e muito mais.<\/p>\n\n\n\n<p><strong>ATIVIDADES<\/strong><\/p>\n\n\n\n<p>Todos os domingos haver\u00e1 leil\u00e3o das mais belas frutas da 72\u00aa Festa do Figo e 27\u00aa Expogoiaba, das 13h \u00e0s 17h, pr\u00f3ximo ao Pavilh\u00e3o de Exposi\u00e7\u00e3o. Este ano a expectativa \u00e9 que sejam vendidas 120 toneladas de frutas no pavilh\u00e3o, entre atemoia, pitaya, figo da \u00edndia, seriguela, uva, al\u00e9m do figo e da goiaba branca e vermelha.<\/p>\n\n\n\n<p>O presidente do Sindicato Rural, Pedro Sidnei Pellegrini, que tamb\u00e9m est\u00e1 \u00e0 frente da Associa\u00e7\u00e3o Agr\u00edcola de Valinhos, estima uma safra com 2,2 milh\u00f5es de caixas de figo, cada uma com 1,6 quilo, e 3,6 milh\u00f5es de caixas de goiaba, cada uma com 3,5 quilos cada.<\/p>\n\n\n\n<p>No primeiro domingo (15) de festa, no recinto haver\u00e1 a tradicional Exposi\u00e7\u00e3o de Carros Antigos, com reuni\u00e3o de in\u00fameros ve\u00edculos como aero willis, dkw, fuscas, kombis, modelos Ford e outros. Organizado pelo Clube de Carros Antigos de Valinhos, ser\u00e1 entre 9h e 15h, no palco 2, com a previs\u00e3o de 350 participantes.<\/p>\n\n\n\n<p>No domingo (22), \u00e9 a vez do Encontro de Motos, a partir das 10h, com concentra\u00e7\u00e3o no CACC, onde come\u00e7a a confraterniza\u00e7\u00e3o na Pra\u00e7a de Alimenta\u00e7\u00e3o, instalada no local. A sa\u00edda est\u00e1 prevista para \u00e0s 11h, seguindo para o Parque Municipal, com entrada pelo port\u00e3o 3, contornando a Tenda do Rock, j\u00e1 com o som da banda Creedence Cover, para recepcionar os participantes.<\/p>\n\n\n\n<p>O encerramento no \u00faltimo domingo (29), ter\u00e1 o Passeio Cicl\u00edstico, promovido pela Secretaria de Esportes e Lazer. A concentra\u00e7\u00e3o ser\u00e1 a partir das 8h30, no Centro de Artes, Cultura e Com\u00e9rcio (CACC), onde os participantes dever\u00e3o fazer as inscri\u00e7\u00f5es antes da sa\u00edda. O passeio ter\u00e1 cerca de 1h30 de dura\u00e7\u00e3o, com sa\u00edda \u00e0s 9h e chegada tamb\u00e9m no CACC.<\/p>\n\n\n\n<p><strong>AGROTURISMO<\/strong><\/p>\n\n\n\n<p>Todos os s\u00e1bados e domingos dos tr\u00eas finais de semana do evento (dias 14, 15, 21, 22, 28 e 29 de janeiro), das 9h \u00e0s 16h, haver\u00e1 os passeios de Agroturismo. O roteiro passa por propriedades nas quais os visitantes conhecer\u00e3o lindas paisagens, o cultivo do figo e da goiaba, a produ\u00e7\u00e3o de doces t\u00edpicos e poder\u00e3o degustar vinhos e licores artesanais. O valor do ingresso \u00e9 de R$ 30,00 por pessoa.<\/p>\n\n\n\n<p><strong>PARQUE DE DIVERS\u00c3O<\/strong><\/p>\n\n\n\n<p>Ao todo, o Parque de Divers\u00e3o ter\u00e1 20 tipos de brinquedos, permitindo que pessoas de v\u00e1rias idades possam aproveitar a 72\u00aa Festa do Figo e 27\u00aa Expogoiaba. Ter\u00e1 brinquedos para quem gosta de muita emo\u00e7\u00e3o at\u00e9 quem prefere somente curtir com os filhos &#8211; kamikaze; disko; magic dream; samba; brucomela; crazy dance; amor express; roda gigante; autopista; barco viking; trenzinho; cama el\u00e1stica; fusca; truck; carrossel; helic\u00f3ptero; avi\u00f5es; carrossel disney; dumbo; e tobog\u00e3 infl\u00e1vel.<\/p>\n\n\n\n<p><strong>PRA\u00c7A DE ALIMENTA\u00c7\u00c3O<\/strong><\/p>\n\n\n\n<p>A pra\u00e7a de alimenta\u00e7\u00e3o ter\u00e1 op\u00e7\u00f5es para todos os gostos, do italiano aos lanches, incluindo muita guloseima. Ter\u00e1 ainda Barraca Italiana; o Festival do Torresmo; o Food Trucks (com lanches diversos); e comida nordestina.<\/p>\n\n\n\n<p>Ter\u00e1 ainda pastel; Pizza Cone; Crepe Franc\u00eas e Su\u00ed\u00e7o; milho; por\u00e7\u00f5es; e espetinho. Para quem gosta ter\u00e1 ainda churros; sorvete; doces; vinho; chopp, refrigerantes; e \u00e1gua de coco. Al\u00e9m da Tenda da Asserutil, com seus tradicionais lanches de calabresa, hamb\u00farguer, pernil e mortadela, incluindo a parte de bebida (\u00e1gua com e sem g\u00e1s, cervejas e refrigerantes).<\/p>\n\n\n\n<p><strong>TOMBO DA POLENTA E A PISA DE UVAS<\/strong><\/p>\n\n\n\n<p>Mantendo a tradi\u00e7\u00e3o italiana presente da festividade, o Tombo da Polenta e a Pisa da Uva acontecer\u00e3o sempre aos domingos, a partir das 12h, come\u00e7ando pelo Tombo da Polenta, que simboliza a uni\u00e3o familiar. Idealizada, preparada e organizada pela Associa\u00e7\u00e3o Italiana de Valinhos, em conjunto com a Comiss\u00e3o Organizadora e a Par\u00f3quia S\u00e3o Crist\u00f3v\u00e3o, a ideia do Tombo da Polenta e da Pisa da Uva surgiu em 2014.<\/p>\n\n\n\n<p><strong>HIST\u00d3RIA<\/strong><\/p>\n\n\n\n<p>Oficialmente, a festa marcou o calend\u00e1rio em 1949, mas surgiu em 1940, quando da constru\u00e7\u00e3o da Matriz de S\u00e3o Sebasti\u00e3o, padroeiro da cidade, e como forma de divulga\u00e7\u00e3o do figo roxo, que se perdia pelo transporte prec\u00e1rio, sendo o principal produto da cidade.<\/p>\n\n\n\n<p>A 1\u00aa edi\u00e7\u00e3o foi feita ao lado da igreja velha, na Pra\u00e7a S\u00e3o Sebasti\u00e3o. Os produtores doaram as frutas, que eram vendidas, mas tamb\u00e9m doaram galinhas, porcos, gado, bolos, tudo para leil\u00e3o, com a forte voz de Geraldo Pupo. A comunidade construiu barracas de bambus e enfeitou com bandeirolas.<\/p>\n\n\n\n<p><strong>INGRESSOS<\/strong><\/p>\n\n\n\n<p>Est\u00e3o dispon\u00edveis para o p\u00fablico tr\u00eas tipos de ingressos: Pista, \u00c1rea Vip Premium e Camarote. Os ingressos podem ser adquiridos pelo site da Tycket <a href=\"https:\/\/tycket.com.br\/lista.php?busca=S&amp;txt_busca=Festa+do+figo\">https:\/\/tycket.com.br\/lista.php?busca=S&amp;txt_busca=Festa+do+figo<\/a>, ou na bilheteria do local. O evento ter\u00e1 entrada franca, todos os dias, at\u00e9 \u00e0s 16h. Ap\u00f3s esse hor\u00e1rio, haver\u00e1 cobran\u00e7a de ingresso para os dias 14, 20, 21 e 28 de janeiro. Para os setores \u00c1rea Vip Premium e Camarote, ter\u00e3o vendas de ingressos todos os dias. \u00c0s sextas-feiras os port\u00f5es abrem \u00e0s 17h e aos s\u00e1bados e domingos \u00e0s 10h. No dia 20 de janeiro, Dia de S\u00e3o Sebasti\u00e3o \u2013 Padroeiro da cidade &#8211; os port\u00f5es tamb\u00e9m ir\u00e3o abrir \u00e0s 10h.<\/p>\n\n\n\n<p><strong>SHOWS<\/strong><\/p>\n\n\n\n<p>13\/01 \u2013 Inimigos da HP (entrada franca)<\/p>\n\n\n\n<p>14\/01 \u2013 Hugo &amp; Guilherme<\/p>\n\n\n\n<p>15\/01 \u2013 Matogrosso &amp; Mathias e Luiz Miguel &amp; Daniel (entrada franca)<\/p>\n\n\n\n<p>20\/01 \u2013 Alok<\/p>\n\n\n\n<p>21\/01 \u2013 Gustavo Mioto<\/p>\n\n\n\n<p>22\/01 \u2013 Turma do Pagode (entrada franca)<\/p>\n\n\n\n<p>27\/01 \u2013 Rick &amp; Renner (entrada franca)<\/p>\n\n\n\n<p>28\/01 \u2013 Ana Castela<\/p>\n\n\n\n<p>29\/01 \u2013 Bruna Viola (entrada franca)<\/p>\n\n\n\n<p><strong>72\u00aa FESTA DO FIGO E 27\u00aa EXPOGOIABA<br><\/strong>Data: 13 a 29 de janeiro<\/p>\n\n\n\n<p>Local: Parque Monsenhor Bruno Nardini &#8211; Rua Dom Jo\u00e3o VI, 82 &#8211; Jardim Planalto \u2013 Valinhos\/SP.<\/p>\n\n\n\n<p>Mais informa\u00e7\u00f5es: (19) 9 8446 4727 \/ <a href=\"https:\/\/tycket.com.br\/lista.php?busca=S&amp;txt_busca=Festa+do+figo\">https:\/\/tycket.com.br\/lista.php?busca=S&amp;txt_busca=Festa+do+figo<\/a><\/p>\n","protected":false},"excerpt":{"rendered":"<p>Na pr\u00f3xima sexta-feira (13), a cidade de Valinhos, interior do Estado de S\u00e3o Paulo, ser\u00e1 o ponto de encontro para o p\u00fablico que curte muita m\u00fasica boa e uma excelente gastronomia. Entre os dias 13 e 29 de janeiro, a 72\u00aa Festa do Figo e 27\u00aa Expogoiaba volta com tudo e promete reunir milhares de [&hellip;]<\/p>\n","protected":false},"author":7,"featured_media":11164,"comment_status":"closed","ping_status":"open","sticky":false,"template":"","format":"standard","meta":{"rop_custom_images_group":[],"rop_custom_messages_group":[],"rop_publish_now":"initial","rop_publish_now_accounts":[],"rop_publish_now_history":[],"rop_publish_now_status":"pending","footnotes":""},"categories":[194],"tags":[],"class_list":["post-11163","post","type-post","status-publish","format-standard","has-post-thumbnail","hentry","category-regia"],"amp_enabled":true,"_links":{"self":[{"href":"https:\/\/imais.online\/portal\/wp-json\/wp\/v2\/posts\/11163","targetHints":{"allow":["GET"]}}],"collection":[{"href":"https:\/\/imais.online\/portal\/wp-json\/wp\/v2\/posts"}],"about":[{"href":"https:\/\/imais.online\/portal\/wp-json\/wp\/v2\/types\/post"}],"author":[{"embeddable":true,"href":"https:\/\/imais.online\/portal\/wp-json\/wp\/v2\/users\/7"}],"replies":[{"embeddable":true,"href":"https:\/\/imais.online\/portal\/wp-json\/wp\/v2\/comments?post=11163"}],"version-history":[{"count":1,"href":"https:\/\/imais.online\/portal\/wp-json\/wp\/v2\/posts\/11163\/revisions"}],"predecessor-version":[{"id":11165,"href":"https:\/\/imais.online\/portal\/wp-json\/wp\/v2\/posts\/11163\/revisions\/11165"}],"wp:featuredmedia":[{"embeddable":true,"href":"https:\/\/imais.online\/portal\/wp-json\/wp\/v2\/media\/11164"}],"wp:attachment":[{"href":"https:\/\/imais.online\/portal\/wp-json\/wp\/v2\/media?parent=11163"}],"wp:term":[{"taxonomy":"category","embeddable":true,"href":"https:\/\/imais.online\/portal\/wp-json\/wp\/v2\/categories?post=11163"},{"taxonomy":"post_tag","embeddable":true,"href":"https:\/\/imais.online\/portal\/wp-json\/wp\/v2\/tags?post=11163"}],"curies":[{"name":"wp","href":"https:\/\/api.w.org\/{rel}","templated":true}]}}