{"id":11360,"date":"2023-01-22T16:34:49","date_gmt":"2023-01-22T19:34:49","guid":{"rendered":"https:\/\/imais.online\/portal\/?p=11360"},"modified":"2023-01-22T16:37:52","modified_gmt":"2023-01-22T19:37:52","slug":"shoppings-de-campinas-arrecadam-doacoes-para-vitimas-das-chuvas","status":"publish","type":"post","link":"https:\/\/imais.online\/portal\/shoppings-de-campinas-arrecadam-doacoes-para-vitimas-das-chuvas\/","title":{"rendered":"Shoppings de Campinas arrecadam doa\u00e7\u00f5es para v\u00edtimas das chuvas"},"content":{"rendered":"<div class=\"imais-before-content-placement\" id=\"imais-1072137100\"><script async src=\"\/\/pagead2.googlesyndication.com\/pagead\/js\/adsbygoogle.js?client=ca-pub-8787528412751566\" crossorigin=\"anonymous\"><\/script><ins class=\"adsbygoogle\" style=\"display:block;\" data-ad-client=\"ca-pub-8787528412751566\" \ndata-ad-slot=\"\" \ndata-ad-format=\"auto\"><\/ins>\n<script> \n(adsbygoogle = window.adsbygoogle || []).push({}); \n<\/script>\n<\/div>\n<p class=\"has-text-align-center\"><em>Campanha acontece a partir deste s\u00e1bado (21), em parceria com Secretaria Municipal de Assist\u00eancia Social, Pessoa com Defici\u00eancia e Direitos Humanos<\/em><\/p>\n\n\n\n<p>Os principais shoppings de Campinas se uniram em uma campanha para arrecadar doa\u00e7\u00f5es para fam\u00edlias em situa\u00e7\u00e3o de risco ou que ficaram desabrigadas em raz\u00e3o das fortes chuvas que atingiram a regi\u00e3o nos \u00faltimos dias. Participam da a\u00e7\u00e3o o Parque D. Pedro Shopping, Campinas Shopping, Unimart Shopping e Shopping Parque das Bandeiras. Os donativos ser\u00e3o entregues \u00e0 Secretaria Municipal de Assist\u00eancia Social, Pessoa com Defici\u00eancia e Direitos Humanos, parceira da a\u00e7\u00e3o.<\/p>\n\n\n\n<p>Cada empreendimento contar\u00e1 com ao menos um ponto de coleta a partir deste s\u00e1bado (21), sem data definida para terminar. Ser\u00e3o aceitas doa\u00e7\u00f5es de roupas, cobertores, itens de higiene, fraldas, alimentos, \u00e1gua pot\u00e1vel e leite. As entregas podem ser feitas no hor\u00e1rio de funcionamento de cada shopping.<\/p>\n\n\n\n<p>O prefeito de Campinas, D\u00e1rio Saadi, decretou estado de emerg\u00eancia no munic\u00edpio nesta sexta-feira (20), al\u00e9m de anunciar novas medidas emergenciais. Somente em Campinas, a Defesa Civil registrou 36 alagamentos em im\u00f3veis, al\u00e9m de outras 20 moradias atingidas no Beco Mokarzel, al\u00e9m de mais tr\u00eas na regi\u00e3o de Sousas.<\/p>\n\n\n\n<p>Houve ainda o registro de 19 quedas de muros, 17 quedas de \u00e1rvores, 19 eros\u00f5es em vias p\u00fablicas e c\u00f3rregos, quatro quedas de pontes e outras duas em risco, seis deslizamentos, al\u00e9m de cinco casas isoladas. At\u00e9 o momento, s\u00e3o 31 fam\u00edlias desalojadas, segundo a Prefeitura.<\/p>\n\n\n\n<p><strong>Servi\u00e7o:<\/strong><\/p>\n\n\n\n<p>Campanha de Arrecada\u00e7\u00e3o &#8212; Shoppings de Campinas<\/p>\n\n\n\n<p><strong>Quando:<\/strong> a partir de 21\/01<\/p>\n\n\n\n<p><strong>Onde:<\/strong><\/p>\n\n\n\n<p><strong><u>Parque D. Pedro Shopping<\/u><\/strong><br>Espa\u00e7o Cliente (Alameda)<\/p>\n\n\n\n<p>Endere\u00e7o: Av. Guilherme Campos, 500 &#8211; Jardim Santa Genebra &#8212; Campinas (SP)<\/p>\n\n\n\n<p>Hor\u00e1rios: de segunda a s\u00e1bado, das 10h \u00e0s 22h<\/p>\n\n\n\n<p>Aos domingos e feriados, das 12h \u00e0s 20h<\/p>\n\n\n\n<p><strong><u>Shopping Parque das Bandeiras<\/u><\/strong><br>Atendimento ao Clientes (Piso L2)<\/p>\n\n\n\n<p>Endere\u00e7o: Avenida John Boyd Dunlop, 3900 &#8212; Jardim Ipaussurama &#8212; Campinas (SP)<\/p>\n\n\n\n<p>Hor\u00e1rios: de segunda a s\u00e1bado, das 10h \u00e0s 22h<\/p>\n\n\n\n<p>Aos domingos e feriados, das 12h \u00e0s 20h<\/p>\n\n\n\n<p><strong><u>Campinas Shopping<\/u><\/strong>&nbsp;<\/p>\n\n\n\n<p>SAC &#8212; Piso G1<\/p>\n\n\n\n<p>Endere\u00e7o: Rua Jacy Teixeira de Camargo, 940 &#8212; Jardim do Lago &#8212; Campinas SP<\/p>\n\n\n\n<p>Hor\u00e1rios: de segunda a s\u00e1bado, das 10h \u00e0s 22h<\/p>\n\n\n\n<p>Aos domingos e feriados, das 12h \u00e0s 20h<\/p>\n\n\n\n<p><strong><u>Unimart Shopping<\/u><\/strong><\/p>\n\n\n\n<p>A loja vazia (Corredor do cinema)<\/p>\n\n\n\n<p>Endere\u00e7o: Av. Imp\u00e9rio do Sol Nascente, 350 &#8211; Ch\u00e1cara da Rep\u00fablica &#8211; Campinas &#8211; (SP)<\/p>\n\n\n\n<p>Hor\u00e1rios: de segunda a s\u00e1bado, das 10h \u00e0s 22h<\/p>\n\n\n\n<p>Aos domingos e feriados, das 12h \u00e0s 20h<\/p>\n","protected":false},"excerpt":{"rendered":"<p>Campanha acontece a partir deste s\u00e1bado (21), em parceria com Secretaria Municipal de Assist\u00eancia Social, Pessoa com Defici\u00eancia e Direitos Humanos Os principais shoppings de Campinas se uniram em uma campanha para arrecadar doa\u00e7\u00f5es para fam\u00edlias em situa\u00e7\u00e3o de risco ou que ficaram desabrigadas em raz\u00e3o das fortes chuvas que atingiram a regi\u00e3o nos \u00faltimos [&hellip;]<\/p>\n","protected":false},"author":7,"featured_media":11362,"comment_status":"closed","ping_status":"open","sticky":false,"template":"","format":"standard","meta":{"rop_custom_images_group":[],"rop_custom_messages_group":[],"rop_publish_now":"initial","rop_publish_now_accounts":[],"rop_publish_now_history":[],"rop_publish_now_status":"pending","footnotes":""},"categories":[194],"tags":[],"class_list":["post-11360","post","type-post","status-publish","format-standard","has-post-thumbnail","hentry","category-regia"],"amp_enabled":true,"_links":{"self":[{"href":"https:\/\/imais.online\/portal\/wp-json\/wp\/v2\/posts\/11360","targetHints":{"allow":["GET"]}}],"collection":[{"href":"https:\/\/imais.online\/portal\/wp-json\/wp\/v2\/posts"}],"about":[{"href":"https:\/\/imais.online\/portal\/wp-json\/wp\/v2\/types\/post"}],"author":[{"embeddable":true,"href":"https:\/\/imais.online\/portal\/wp-json\/wp\/v2\/users\/7"}],"replies":[{"embeddable":true,"href":"https:\/\/imais.online\/portal\/wp-json\/wp\/v2\/comments?post=11360"}],"version-history":[{"count":1,"href":"https:\/\/imais.online\/portal\/wp-json\/wp\/v2\/posts\/11360\/revisions"}],"predecessor-version":[{"id":11363,"href":"https:\/\/imais.online\/portal\/wp-json\/wp\/v2\/posts\/11360\/revisions\/11363"}],"wp:featuredmedia":[{"embeddable":true,"href":"https:\/\/imais.online\/portal\/wp-json\/wp\/v2\/media\/11362"}],"wp:attachment":[{"href":"https:\/\/imais.online\/portal\/wp-json\/wp\/v2\/media?parent=11360"}],"wp:term":[{"taxonomy":"category","embeddable":true,"href":"https:\/\/imais.online\/portal\/wp-json\/wp\/v2\/categories?post=11360"},{"taxonomy":"post_tag","embeddable":true,"href":"https:\/\/imais.online\/portal\/wp-json\/wp\/v2\/tags?post=11360"}],"curies":[{"name":"wp","href":"https:\/\/api.w.org\/{rel}","templated":true}]}}