{"id":11479,"date":"2023-01-26T14:29:55","date_gmt":"2023-01-26T17:29:55","guid":{"rendered":"https:\/\/imais.online\/portal\/?p=11479"},"modified":"2023-01-26T14:30:00","modified_gmt":"2023-01-26T17:30:00","slug":"conselho-da-petrobras-aprova-nomeacao-de-jean-paul-prates-para-presidente-da-empresa","status":"publish","type":"post","link":"https:\/\/imais.online\/portal\/conselho-da-petrobras-aprova-nomeacao-de-jean-paul-prates-para-presidente-da-empresa\/","title":{"rendered":"Conselho da Petrobras aprova nomea\u00e7\u00e3o de Jean Paul Prates para presidente da empresa"},"content":{"rendered":"<div class=\"imais-before-content-placement\" id=\"imais-4097614284\"><script async src=\"\/\/pagead2.googlesyndication.com\/pagead\/js\/adsbygoogle.js?client=ca-pub-8787528412751566\" crossorigin=\"anonymous\"><\/script><ins class=\"adsbygoogle\" style=\"display:block;\" data-ad-client=\"ca-pub-8787528412751566\" \ndata-ad-slot=\"\" \ndata-ad-format=\"auto\"><\/ins>\n<script> \n(adsbygoogle = window.adsbygoogle || []).push({}); \n<\/script>\n<\/div>\n<h2 class=\"wp-block-heading\">Agora, o nome do senador precisa ser validado pela assembleia-geral de acionistas, ainda sem data prevista para acontecer<\/h2>\n\n\n\n<p>O conselho de administra\u00e7\u00e3o da Petrobras aprovou, por unanimidade, nesta quinta-feira (26), a nomea\u00e7\u00e3o do senador\u00a0Jean Paul Prates (PT-RN) para presidente da companhia. Agora, o nome do indicado precisa ser validado pela assembleia-geral de acionistas, que deve ser convocada com um m\u00eas de anteced\u00eancia.<\/p>\n\n\n\n<p>Al\u00e9m da presid\u00eancia, Prates foi indicado\u00a0para integrar o conselho de administra\u00e7\u00e3o da Petrobras. Seu nome havia sido aprovado durante an\u00e1lise interna por parte dos\u00a0comit\u00eas de elegibilidade e de pessoas.<\/p>\n\n\n\n<p>Prates era o principal cotado para assumir o comando da estatal. O parlamentar participou ainda do grupo t\u00e9cnico de minas e energia da equipe de transi\u00e7\u00e3o do\u00a0governo do presidente Luiz In\u00e1cio Lula da Silva (PT).\u00a0O indicado j\u00e1 apresentou a ren\u00fancia ao mandato de senador, que terminaria neste ano.<\/p>\n\n\n\n<p>Atualmente, a estatal \u00e9 comandada de forma interina por Jo\u00e3o Henrique Rittershaussen, que tamb\u00e9m \u00e9 diretor-executivo de desenvolvimento da produ\u00e7\u00e3o. Ele assumiu o posto ap\u00f3s a\u00a0sa\u00edda antecipada de Caio Paes de Andrade.<\/p>\n\n\n\n<h3 class=\"wp-block-heading\">Pol\u00edtica de pre\u00e7os<\/h3>\n\n\n\n<p>Como mostrou o\u00a0<strong>R7<\/strong>, a pol\u00edtica de pre\u00e7os da Petrobras \u00e9 um dos pontos sens\u00edveis da empresa, na avalia\u00e7\u00e3o de Prates. Durante os trabalhos na equipe de transi\u00e7\u00e3o,\u00a0ele afirmou que a metodologia \u00e9 uma pol\u00edtica de governo, e n\u00e3o de Estado.<\/p>\n\n\n\n<p>&#8220;Vejo a Petrobras como uma empresa que precisa olhar para o futuro e investir na transi\u00e7\u00e3o energ\u00e9tica para atender \u00e0s necessidades do pa\u00eds, do planeta e da sociedade, al\u00e9m dos interesses de longo prazo de seus acionistas&#8221;, declarou Prates ao anunciar sua indica\u00e7\u00e3o.<\/p>\n\n\n\n<p>A Petrobras adota o modelo de PPI (Pre\u00e7o de Paridade Internacional), o que faz com o que o pre\u00e7o da gasolina, do etanol e do diesel acompanhe a varia\u00e7\u00e3o do pre\u00e7o do barril de petr\u00f3leo no mercado internacional.<\/p>\n\n\n\n<h3 class=\"wp-block-heading\">Interven\u00e7\u00e3o<\/h3>\n\n\n\n<p>Recentemente, o\u00a0indicado para a presid\u00eancia negou que o governo far\u00e1 interven\u00e7\u00e3o na pol\u00edtica de pre\u00e7os da estatal. Prates disse tamb\u00e9m que os pre\u00e7os ser\u00e3o vinculados internacionalmente de alguma forma. &#8220;Sempre v\u00e3o ser influenciados pelos pre\u00e7os internacionais. Em qualquer pa\u00eds \u00e9 assim. N\u00e3o \u00e9 ideia minha. Todo pre\u00e7o da commodity de combust\u00edvel e derivado de petr\u00f3leo \u00e9 refer\u00eancia, influenciado pela oscila\u00e7\u00e3o internacional&#8221;, afirmou.<\/p>\n\n\n\n<p>&#8220;Claro que n\u00e3o [vai ter interven\u00e7\u00e3o]. Nunca ningu\u00e9m falou em interven\u00e7\u00e3o. N\u00e3o sei quem inventou essa hist\u00f3ria de interven\u00e7\u00e3o&#8221;, disse. &#8220;A Petrobras n\u00e3o faz interven\u00e7\u00e3o em pre\u00e7os. Ela cumpre o que o mercado e o governo criam de contexto. A Petrobras reage a um contexto. Ent\u00e3o, n\u00f3s vamos criar a nossa pol\u00edtica de pre\u00e7os para nossos clientes, para as pessoas que compram da Petrobras. A gente n\u00e3o pode influenciar&#8221;, completou.<\/p>\n\n\n\n<h3 class=\"wp-block-heading\">Primeiro aumento<\/h3>\n\n\n\n<p>A Petrobras anunciou, na \u00faltima ter\u00e7a-feira (24), que\u00a0reajustaria o pre\u00e7o da gasolina para as distribuidoras em 7,5%. Com isso, desde quarta-feira (25), o pre\u00e7o m\u00e9dio do litro nas refinarias ficou R$ 0,23 mais alto.<\/p>\n\n\n\n<p>A decis\u00e3o implica a venda do combust\u00edvel a R$ 3,31 por litro, segundo comunicado da petroleira \u2014 at\u00e9 hoje, o pre\u00e7o do litro praticado pela Petrobras \u00e9 de R$ 3,08. Os donos dos postos compram a gasolina mais cara e decidem quando v\u00e3o revender com o novo pre\u00e7o.<\/p>\n\n\n\n<p>Considerando a mistura obrigat\u00f3ria de 73% de gasolina A e 27% de etanol anidro para a composi\u00e7\u00e3o da gasolina comercializada nos postos do pa\u00eds, a parcela da Petrobras no pre\u00e7o ao consumidor ser\u00e1, em m\u00e9dia, R$ 2,42 por litro vendido na bomba.<\/p>\n\n\n\n<p>Fonte R7 <\/p>\n","protected":false},"excerpt":{"rendered":"<p>Agora, o nome do senador precisa ser validado pela assembleia-geral de acionistas, ainda sem data prevista para acontecer O conselho de administra\u00e7\u00e3o da Petrobras aprovou, por unanimidade, nesta quinta-feira (26), a nomea\u00e7\u00e3o do senador\u00a0Jean Paul Prates (PT-RN) para presidente da companhia. Agora, o nome do indicado precisa ser validado pela assembleia-geral de acionistas, que deve [&hellip;]<\/p>\n","protected":false},"author":8,"featured_media":11480,"comment_status":"closed","ping_status":"open","sticky":false,"template":"","format":"standard","meta":{"rop_custom_images_group":[],"rop_custom_messages_group":[],"rop_publish_now":"initial","rop_publish_now_accounts":[],"rop_publish_now_history":[],"rop_publish_now_status":"pending","footnotes":""},"categories":[18],"tags":[],"class_list":["post-11479","post","type-post","status-publish","format-standard","has-post-thumbnail","hentry","category-politics"],"amp_enabled":true,"_links":{"self":[{"href":"https:\/\/imais.online\/portal\/wp-json\/wp\/v2\/posts\/11479","targetHints":{"allow":["GET"]}}],"collection":[{"href":"https:\/\/imais.online\/portal\/wp-json\/wp\/v2\/posts"}],"about":[{"href":"https:\/\/imais.online\/portal\/wp-json\/wp\/v2\/types\/post"}],"author":[{"embeddable":true,"href":"https:\/\/imais.online\/portal\/wp-json\/wp\/v2\/users\/8"}],"replies":[{"embeddable":true,"href":"https:\/\/imais.online\/portal\/wp-json\/wp\/v2\/comments?post=11479"}],"version-history":[{"count":2,"href":"https:\/\/imais.online\/portal\/wp-json\/wp\/v2\/posts\/11479\/revisions"}],"predecessor-version":[{"id":11482,"href":"https:\/\/imais.online\/portal\/wp-json\/wp\/v2\/posts\/11479\/revisions\/11482"}],"wp:featuredmedia":[{"embeddable":true,"href":"https:\/\/imais.online\/portal\/wp-json\/wp\/v2\/media\/11480"}],"wp:attachment":[{"href":"https:\/\/imais.online\/portal\/wp-json\/wp\/v2\/media?parent=11479"}],"wp:term":[{"taxonomy":"category","embeddable":true,"href":"https:\/\/imais.online\/portal\/wp-json\/wp\/v2\/categories?post=11479"},{"taxonomy":"post_tag","embeddable":true,"href":"https:\/\/imais.online\/portal\/wp-json\/wp\/v2\/tags?post=11479"}],"curies":[{"name":"wp","href":"https:\/\/api.w.org\/{rel}","templated":true}]}}