{"id":11528,"date":"2023-01-30T14:59:50","date_gmt":"2023-01-30T17:59:50","guid":{"rendered":"https:\/\/imais.online\/portal\/?p=11528"},"modified":"2023-01-30T14:59:52","modified_gmt":"2023-01-30T17:59:52","slug":"familias-das-vitimas-da-boate-kiss-processam-a-netflix-por-resgatar-traumas-apos-a-tragedia","status":"publish","type":"post","link":"https:\/\/imais.online\/portal\/familias-das-vitimas-da-boate-kiss-processam-a-netflix-por-resgatar-traumas-apos-a-tragedia\/","title":{"rendered":"Fam\u00edlias das v\u00edtimas da Boate Kiss processam a Netflix por resgatar traumas ap\u00f3s a trag\u00e9dia"},"content":{"rendered":"<div class=\"imais-before-content-placement\" id=\"imais-2477737097\"><script async src=\"\/\/pagead2.googlesyndication.com\/pagead\/js\/adsbygoogle.js?client=ca-pub-8787528412751566\" crossorigin=\"anonymous\"><\/script><ins class=\"adsbygoogle\" style=\"display:block;\" data-ad-client=\"ca-pub-8787528412751566\" \ndata-ad-slot=\"\" \ndata-ad-format=\"auto\"><\/ins>\n<script> \n(adsbygoogle = window.adsbygoogle || []).push({}); \n<\/script>\n<\/div>\n<p>Lan\u00e7ada no \u00faltimo dia 25 na\u00a0<strong>Netflix<\/strong>, a miniss\u00e9rie\u00a0<strong>\u2018Todo Dia a Mesma Noite\u2019<\/strong>\u00a0reconta o trauma do inc\u00eandio na\u00a0boate Kiss, que deixou 242 pessoas mortas e mais de 636 feridos em Santa Maria, no Rio Grande do Sul.<\/p>\n\n\n\n<p>A trag\u00e9dia completou 10 anos dia 27, e a plataforma de streaming aproveitou para adaptar os fatos contados no livro hom\u00f4nimo da jornalista\u00a0<strong>Daniela Arbex<\/strong>.<\/p>\n\n\n\n<p>Com atores representando as v\u00edtimas e seus familiares, a produ\u00e7\u00e3o vem causando desconforto entre os verdadeiros envolvidos.<\/p>\n\n\n\n<p>De acordo com o\u00a0<em>Ga\u00fachazh<\/em>, cerca de 40 fam\u00edlias de v\u00edtimas e moradores de Santa Maria se organizaram para entrar com uma a\u00e7\u00e3o judicial contra a\u00a0<strong>Netflix<\/strong>.<\/p>\n\n\n\n<p>O coordenador do grupo \u00e9 o empres\u00e1rio\u00a0<strong>Eriton Luiz Tonetto Lopes<\/strong>, que perdeu a filha\u00a0<strong>\u00c9velin Costa Lopes<\/strong>\u00a0na \u00e9poca, sua filha de 19 anos.<\/p>\n\n\n\n<p><strong>Eriton<\/strong>&nbsp;afirma que as fam\u00edlia n\u00e3o deram autoriza\u00e7\u00e3o para a plataforma de streaming produzisse a miniss\u00e9rie.<\/p>\n\n\n\n<p><em>\u201cN\u00f3s fomos pegos de surpresa, ningu\u00e9m nos avisou, ningu\u00e9m nos pediu permiss\u00e3o. N\u00f3s queremos saber quem est\u00e1 lucrando com isso. N\u00e3o admitimos que ningu\u00e9m ganhe dinheiro em cima da nossa dor e das mortes dos nossos filhos\u201d, declarou\u00a0<strong>Eriton<\/strong>. De acordo com ele, h\u00e1 pais passando mal com a s\u00e9rie, e tendo que recorrer a terapia.\u201d<\/em><\/p>\n\n\n\n<p>Os familiares ainda alegam que n\u00e3o foram avisados sobre o lan\u00e7amento, pois jamais autorizariam o uso das hist\u00f3rias para fins lucrativos, o que os levou a prestar a queixa contra a \u201cexplora\u00e7\u00e3o financeira da trag\u00e9dia\u201d.<\/p>\n\n\n\n<p>Para n\u00e3o deixar sua consterna\u00e7\u00e3o de lado, o grupo contratou a advogada\u00a0<strong>Juliane Muller Korb<\/strong>\u00a0para orient\u00e1-lo e conduzir o caso contra a\u00a0<strong>Netflix<\/strong>\u00a0em rela\u00e7\u00e3o aos lucros da produ\u00e7\u00e3o.<\/p>\n\n\n\n<p>Atrav\u00e9s de um grupo do WhatsApp, os familiares atualizam todos os direcionamentos que est\u00e3o recebendo juridicamente.<\/p>\n\n\n\n<p><em>\u201cQueremos entender quem autorizou, quem foi avisado, porque muitos de n\u00f3s n\u00e3o foram\u201d, disse Eriton. \u201cH\u00e1 pais passando mal por causa da s\u00e9rie. O m\u00ednimo que exigimos agora \u00e9 que uma parte do lucro seja repassada para tratamento de sobreviventes e para a constru\u00e7\u00e3o do memorial da Kiss. N\u00f3s n\u00e3o queremos nenhum dinheiro para n\u00f3s\u201d<\/em><\/p>\n\n\n\n<p>Em entrevista para o&nbsp;<em>Ga\u00fachazh<\/em>,&nbsp;<strong>Korb<\/strong>&nbsp;contou que o foco do processo \u00e9 cobrar responsabilidade afetiva e social dos streamings.<\/p>\n\n\n\n<p><em>\u201cTodas as fam\u00edlias sentem a mesma dor, mas de forma distinta, inclusive em rela\u00e7\u00e3o a esta s\u00e9rie. Todas t\u00eam m\u00e1goa com o poder judici\u00e1rio e com a impunidade at\u00e9 aqui. A grande quest\u00e3o \u00e9 que faltou sensibilidade, por parte da Netflix, no momento de fazer um contato com os pais. N\u00e3o para pedir permiss\u00e3o nem coibir a licen\u00e7a po\u00e9tica, pois a hist\u00f3ria n\u00e3o tem dono, mas para avisar que seria algo totalmente diferente de tudo que eles j\u00e1 viram\u201d<\/em>, explicou a advogada.<\/p>\n\n\n\n<p><strong>Korb<\/strong>&nbsp;esclareceu que o maior problema seria a mistura entre fic\u00e7\u00e3o e realidade.<\/p>\n\n\n\n<p><em>\u201cEles estavam preparados para um document\u00e1rio, n\u00e3o para uma s\u00e9rie dram\u00e1tica. Os pais e os sobreviventes est\u00e3o \u2018acostumados\u2019 a ver materiais jornal\u00edsticos, com reprodu\u00e7\u00f5es e relatos factuais. Mas a s\u00e9rie \u00e9 diferente. O impacto foi muito forte porque \u00e9 uma simula\u00e7\u00e3o, uma reprodu\u00e7\u00e3o, com rostos diferentes, com atores. Eles est\u00e3o \u2018acostumados\u2019 com o p\u00f3s-trag\u00e9dia. Mas a s\u00e9rie mostra o antes, ent\u00e3o, \u00e9 como se acontecesse tudo de novo. \u00c9 uma linha muito t\u00eanue entre fic\u00e7\u00e3o e realidade.\u201d<\/em><\/p>\n\n\n\n<p>A advogada explicou que o intuito de sua contrata\u00e7\u00e3o \u00e9 fazer o contato com a&nbsp;<strong>Netflix<\/strong>&nbsp;para negociar a doa\u00e7\u00e3o de parte dos lucros para v\u00edtimas e sobreviventes, sendo parte do montante destinado \u00e0 constru\u00e7\u00e3o de um memorial.<\/p>\n\n\n\n<p>Um processo por danos morais e sequelas m\u00e9dicas tamb\u00e9m est\u00e1 em pauta, j\u00e1 que alguns familiares precisaram retornar \u00e0 terapia ap\u00f3s o lan\u00e7amento da s\u00e9rie\u2026 Por conta disso, a a\u00e7\u00e3o deve ser registrada ainda esta semana.<\/p>\n\n\n\n<p>Por enquanto, a\u00a0<strong>Netflix<\/strong>\u00a0n\u00e3o se manifestou sobre as cr\u00edticas dos sobreviventes e familiares.<\/p>\n\n\n\n<p>Fonte CinePop<\/p>\n","protected":false},"excerpt":{"rendered":"<p>Lan\u00e7ada no \u00faltimo dia 25 na\u00a0Netflix, a miniss\u00e9rie\u00a0\u2018Todo Dia a Mesma Noite\u2019\u00a0reconta o trauma do inc\u00eandio na\u00a0boate Kiss, que deixou 242 pessoas mortas e mais de 636 feridos em Santa Maria, no Rio Grande do Sul. A trag\u00e9dia completou 10 anos dia 27, e a plataforma de streaming aproveitou para adaptar os fatos contados no [&hellip;]<\/p>\n","protected":false},"author":8,"featured_media":11529,"comment_status":"closed","ping_status":"open","sticky":false,"template":"","format":"standard","meta":{"rop_custom_images_group":[],"rop_custom_messages_group":[],"rop_publish_now":"initial","rop_publish_now_accounts":[],"rop_publish_now_history":[],"rop_publish_now_status":"pending","footnotes":""},"categories":[16],"tags":[],"class_list":["post-11528","post","type-post","status-publish","format-standard","has-post-thumbnail","hentry","category-entertainment"],"amp_enabled":true,"_links":{"self":[{"href":"https:\/\/imais.online\/portal\/wp-json\/wp\/v2\/posts\/11528","targetHints":{"allow":["GET"]}}],"collection":[{"href":"https:\/\/imais.online\/portal\/wp-json\/wp\/v2\/posts"}],"about":[{"href":"https:\/\/imais.online\/portal\/wp-json\/wp\/v2\/types\/post"}],"author":[{"embeddable":true,"href":"https:\/\/imais.online\/portal\/wp-json\/wp\/v2\/users\/8"}],"replies":[{"embeddable":true,"href":"https:\/\/imais.online\/portal\/wp-json\/wp\/v2\/comments?post=11528"}],"version-history":[{"count":1,"href":"https:\/\/imais.online\/portal\/wp-json\/wp\/v2\/posts\/11528\/revisions"}],"predecessor-version":[{"id":11530,"href":"https:\/\/imais.online\/portal\/wp-json\/wp\/v2\/posts\/11528\/revisions\/11530"}],"wp:featuredmedia":[{"embeddable":true,"href":"https:\/\/imais.online\/portal\/wp-json\/wp\/v2\/media\/11529"}],"wp:attachment":[{"href":"https:\/\/imais.online\/portal\/wp-json\/wp\/v2\/media?parent=11528"}],"wp:term":[{"taxonomy":"category","embeddable":true,"href":"https:\/\/imais.online\/portal\/wp-json\/wp\/v2\/categories?post=11528"},{"taxonomy":"post_tag","embeddable":true,"href":"https:\/\/imais.online\/portal\/wp-json\/wp\/v2\/tags?post=11528"}],"curies":[{"name":"wp","href":"https:\/\/api.w.org\/{rel}","templated":true}]}}