{"id":11531,"date":"2023-01-30T15:10:38","date_gmt":"2023-01-30T18:10:38","guid":{"rendered":"https:\/\/imais.online\/portal\/?p=11531"},"modified":"2023-01-30T15:10:40","modified_gmt":"2023-01-30T18:10:40","slug":"bicho-papao-e-real-no-trailer-do-novo-terror-baseado-na-obra-de-stephen-king","status":"publish","type":"post","link":"https:\/\/imais.online\/portal\/bicho-papao-e-real-no-trailer-do-novo-terror-baseado-na-obra-de-stephen-king\/","title":{"rendered":"\u2018Bicho-Pap\u00e3o\u2019 \u00e9 REAL no trailer do novo terror baseado na obra de Stephen King"},"content":{"rendered":"<div class=\"imais-before-content-placement\" id=\"imais-1423952865\"><script async src=\"\/\/pagead2.googlesyndication.com\/pagead\/js\/adsbygoogle.js?client=ca-pub-8787528412751566\" crossorigin=\"anonymous\"><\/script><ins class=\"adsbygoogle\" style=\"display:block;\" data-ad-client=\"ca-pub-8787528412751566\" \ndata-ad-slot=\"\" \ndata-ad-format=\"auto\"><\/ins>\n<script> \n(adsbygoogle = window.adsbygoogle || []).push({}); \n<\/script>\n<\/div>\n<p>A\u00a0<strong>20th Century Studios<\/strong>\u00a0divulgou o trailer nacional do terror \u2018<strong>Bicho-Pap\u00e3o: O Conto<\/strong>\u2018 (The Boogeyman), baseado no conto \u2018<strong>O Fantasma<\/strong>\u2018, de\u00a0<strong>Stephen King<\/strong>.<\/p>\n\n\n\n<p>O terror ser\u00e1 lan\u00e7ado nos cinemas norte-americanos no&nbsp;<strong>dia 2 de junho<\/strong>.<\/p>\n\n\n\n<p>Dirigido por&nbsp;<strong>Rob Savage<\/strong>&nbsp;(\u2018Cuidado com quem Chama\u2019), o longa originalmente seria lan\u00e7ado direto no servi\u00e7o de streaming do&nbsp;<strong>Hulu<\/strong>. No entanto, ap\u00f3s o resultado positivo em testes de exibi\u00e7\u00e3o, o est\u00fadio decidiu lan\u00e7ar a produ\u00e7\u00e3o nas telonas.<\/p>\n\n\n\n<p><em>\u201cAinda se recuperando da tr\u00e1gica morte de sua m\u00e3e, uma adolescente e sua irm\u00e3 mais nova se veem atormentadas por uma presen\u00e7a s\u00e1dica em sua casa e lutam para fazer com que seu pai de luto perceba a amea\u00e7a antes que seja tarde demais.\u201d<\/em><\/p>\n\n\n\n<p>O elenco conta com\u00a0<strong>Sophie Thatcher<\/strong>,\u00a0<strong>Chris Messina<\/strong>,<strong>\u00a0David Dastmalchian<\/strong>,\u00a0<strong>Marin Ireland<\/strong>,\u00a0<strong>Vivien Lyra Blair<\/strong>\u00a0e\u00a0<strong>Madison Hu<\/strong>.<\/p>\n\n\n\n<p>O roteiro original foi assinado por\u00a0<strong>Scott Beck\u00a0<\/strong>&amp;<strong>\u00a0Bryan Woods<\/strong>\u00a0(\u2018Um Lugar Silencioso\u2019) e<strong>\u00a0Akela Cooper<\/strong>\u00a0(\u2018Maligno\u2019), sendo posteriormente revisado por\u00a0<strong>Mark Heyman<\/strong>\u00a0(\u2018Cisne Negro\u2019).<\/p>\n\n\n\n<figure class=\"wp-block-image\"><img decoding=\"async\" src=\"https:\/\/cinepop.com.br\/wp-content\/uploads\/2023\/01\/boogeyman-poster.webp\" alt=\"\" class=\"wp-image-390319\"\/><\/figure>\n\n\n\n<p>Confira:<\/p>\n\n\n\n<figure class=\"wp-block-embed is-type-video is-provider-youtube wp-block-embed-youtube wp-embed-aspect-16-9 wp-has-aspect-ratio\"><div class=\"wp-block-embed__wrapper\">\n<iframe loading=\"lazy\" title=\"Bicho-Pap\u00e3o: O Conto (2023) | Trailer Legendado\" width=\"740\" height=\"416\" src=\"https:\/\/www.youtube.com\/embed\/d90MG_peZLY?feature=oembed\" frameborder=\"0\" allow=\"accelerometer; autoplay; clipboard-write; encrypted-media; gyroscope; picture-in-picture; web-share\" allowfullscreen><\/iframe>\n<\/div><\/figure>\n\n\n\n<p>Fonte CinePop<\/p>\n","protected":false},"excerpt":{"rendered":"<p>A\u00a020th Century Studios\u00a0divulgou o trailer nacional do terror \u2018Bicho-Pap\u00e3o: O Conto\u2018 (The Boogeyman), baseado no conto \u2018O Fantasma\u2018, de\u00a0Stephen King. O terror ser\u00e1 lan\u00e7ado nos cinemas norte-americanos no&nbsp;dia 2 de junho. Dirigido por&nbsp;Rob Savage&nbsp;(\u2018Cuidado com quem Chama\u2019), o longa originalmente seria lan\u00e7ado direto no servi\u00e7o de streaming do&nbsp;Hulu. No entanto, ap\u00f3s o resultado positivo em [&hellip;]<\/p>\n","protected":false},"author":8,"featured_media":11532,"comment_status":"closed","ping_status":"open","sticky":false,"template":"","format":"standard","meta":{"rop_custom_images_group":[],"rop_custom_messages_group":[],"rop_publish_now":"initial","rop_publish_now_accounts":[],"rop_publish_now_history":[],"rop_publish_now_status":"pending","footnotes":""},"categories":[16],"tags":[],"class_list":["post-11531","post","type-post","status-publish","format-standard","has-post-thumbnail","hentry","category-entertainment"],"amp_enabled":true,"_links":{"self":[{"href":"https:\/\/imais.online\/portal\/wp-json\/wp\/v2\/posts\/11531","targetHints":{"allow":["GET"]}}],"collection":[{"href":"https:\/\/imais.online\/portal\/wp-json\/wp\/v2\/posts"}],"about":[{"href":"https:\/\/imais.online\/portal\/wp-json\/wp\/v2\/types\/post"}],"author":[{"embeddable":true,"href":"https:\/\/imais.online\/portal\/wp-json\/wp\/v2\/users\/8"}],"replies":[{"embeddable":true,"href":"https:\/\/imais.online\/portal\/wp-json\/wp\/v2\/comments?post=11531"}],"version-history":[{"count":1,"href":"https:\/\/imais.online\/portal\/wp-json\/wp\/v2\/posts\/11531\/revisions"}],"predecessor-version":[{"id":11533,"href":"https:\/\/imais.online\/portal\/wp-json\/wp\/v2\/posts\/11531\/revisions\/11533"}],"wp:featuredmedia":[{"embeddable":true,"href":"https:\/\/imais.online\/portal\/wp-json\/wp\/v2\/media\/11532"}],"wp:attachment":[{"href":"https:\/\/imais.online\/portal\/wp-json\/wp\/v2\/media?parent=11531"}],"wp:term":[{"taxonomy":"category","embeddable":true,"href":"https:\/\/imais.online\/portal\/wp-json\/wp\/v2\/categories?post=11531"},{"taxonomy":"post_tag","embeddable":true,"href":"https:\/\/imais.online\/portal\/wp-json\/wp\/v2\/tags?post=11531"}],"curies":[{"name":"wp","href":"https:\/\/api.w.org\/{rel}","templated":true}]}}