{"id":11640,"date":"2023-02-05T15:05:31","date_gmt":"2023-02-05T18:05:31","guid":{"rendered":"https:\/\/imais.online\/portal\/?p=11640"},"modified":"2023-02-05T15:05:32","modified_gmt":"2023-02-05T18:05:32","slug":"governo-chines-protesta-contra-balao-derrubado-pelos-eua-grave-violacao","status":"publish","type":"post","link":"https:\/\/imais.online\/portal\/governo-chines-protesta-contra-balao-derrubado-pelos-eua-grave-violacao\/","title":{"rendered":"Governo chin\u00eas protesta contra bal\u00e3o derrubado pelos EUA: &#8216;grave viola\u00e7\u00e3o&#8217;"},"content":{"rendered":"<div class=\"imais-before-content-placement\" id=\"imais-1423708324\"><script async src=\"\/\/pagead2.googlesyndication.com\/pagead\/js\/adsbygoogle.js?client=ca-pub-8787528412751566\" crossorigin=\"anonymous\"><\/script><ins class=\"adsbygoogle\" style=\"display:block;\" data-ad-client=\"ca-pub-8787528412751566\" \ndata-ad-slot=\"\" \ndata-ad-format=\"auto\"><\/ins>\n<script> \n(adsbygoogle = window.adsbygoogle || []).push({}); \n<\/script>\n<\/div>\n<h2 class=\"wp-block-heading\">Pent\u00e1gono alega que equipamento era usado para espionagem de locais estrat\u00e9gicos; Pequim alega que era de uso civil, para fins meteorol\u00f3gicos<\/h2>\n\n\n\n<p>Pequim protestou contra a derrubada de um suposto\u00a0<strong>bal\u00e3o espi\u00e3o chin\u00eas<\/strong>\u00a0sobrevoando os Estados Unidos no domingo, acusando Washington de &#8220;reagir claramente desproporcionalmente&#8221; e em &#8220;grave viola\u00e7\u00e3o da pr\u00e1tica internacional&#8221;.<\/p>\n\n\n\n<p>&#8220;A China expressa seu forte descontentamento e protesto contra o uso da for\u00e7a pelos Estados Unidos para atacar uma aeronave civil n\u00e3o tripulada&#8221;, disse o Minist\u00e9rio das Rela\u00e7\u00f5es Exteriores da China em comunicado, acrescentando que se reservar\u00e1 &#8220;ao direito de fornecer mais respostas, se necess\u00e1rio.&#8221;<\/p>\n\n\n\n<p>O equipamento estava sobrevoando os Estados Unidos havia v\u00e1rios dias, aumentando as tens\u00f5es entre Washington e Pequim, antes de ser derrubado por um m\u00edssil disparado de um jato F-22 no s\u00e1bado (4), disseram autoridades do Pent\u00e1gono.<\/p>\n\n\n\n<p>O secret\u00e1rio de Defesa, Lloyd Austin, chamou a opera\u00e7\u00e3o de &#8220;uma a\u00e7\u00e3o deliberada e legal&#8221; em resposta \u00e0 &#8220;viola\u00e7\u00e3o inaceit\u00e1vel de nossa soberania&#8221; por parte da China.<\/p>\n\n\n\n<p>Autoridades dos EUA disseram pela primeira vez na quinta-feira (2) que estavam rastreando um enorme &#8220;bal\u00e3o de vigil\u00e2ncia&#8221; chin\u00eas no c\u00e9u sobre os Estados Unidos.<\/p>\n\n\n\n<p>O relat\u00f3rio levou o secret\u00e1rio de Estado, Antony Blinken, a cancelar uma rara viagem a Pequim destinada a conter as crescentes tens\u00f5es entre os dois pa\u00edses.<\/p>\n\n\n\n<p>Pequim reconheceu na sexta-feira a propriedade da &#8220;aeronave&#8221;, mas disse que era um bal\u00e3o meteorol\u00f3gico que havia sa\u00eddo do curso.<\/p>\n\n\n\n<p>O Minist\u00e9rio das Rela\u00e7\u00f5es Exteriores da China disse no domingo que &#8220;pediu claramente aos Estados Unidos para lidar adequadamente com a situa\u00e7\u00e3o de maneira calma, profissional e moderada&#8221;.<\/p>\n\n\n\n<p>Pequim indicou que os Estados Unidos &#8220;insistiram no uso da for\u00e7a&#8221; e qualificaram a manobra de &#8220;claramente desproporcional&#8221;. Al\u00e9m disso, acusou Washington de cometer uma &#8220;grave viola\u00e7\u00e3o das pr\u00e1ticas internacionais&#8221;.<\/p>\n\n\n\n<p>&#8220;A China proteger\u00e1 resolutamente os direitos e interesses leg\u00edtimos das empresas afetadas e se reserva ao direito de fornecer mais respostas, se necess\u00e1rio&#8221;, acrescentou o ministro em comunicado.<\/p>\n\n\n\n<p>Fonte R7<\/p>\n","protected":false},"excerpt":{"rendered":"<p>Pent\u00e1gono alega que equipamento era usado para espionagem de locais estrat\u00e9gicos; Pequim alega que era de uso civil, para fins meteorol\u00f3gicos Pequim protestou contra a derrubada de um suposto\u00a0bal\u00e3o espi\u00e3o chin\u00eas\u00a0sobrevoando os Estados Unidos no domingo, acusando Washington de &#8220;reagir claramente desproporcionalmente&#8221; e em &#8220;grave viola\u00e7\u00e3o da pr\u00e1tica internacional&#8221;. &#8220;A China expressa seu forte descontentamento [&hellip;]<\/p>\n","protected":false},"author":8,"featured_media":11641,"comment_status":"closed","ping_status":"open","sticky":false,"template":"","format":"standard","meta":{"rop_custom_images_group":[],"rop_custom_messages_group":[],"rop_publish_now":"initial","rop_publish_now_accounts":[],"rop_publish_now_history":[],"rop_publish_now_status":"pending","footnotes":""},"categories":[212],"tags":[],"class_list":["post-11640","post","type-post","status-publish","format-standard","has-post-thumbnail","hentry","category-internacional"],"amp_enabled":true,"_links":{"self":[{"href":"https:\/\/imais.online\/portal\/wp-json\/wp\/v2\/posts\/11640","targetHints":{"allow":["GET"]}}],"collection":[{"href":"https:\/\/imais.online\/portal\/wp-json\/wp\/v2\/posts"}],"about":[{"href":"https:\/\/imais.online\/portal\/wp-json\/wp\/v2\/types\/post"}],"author":[{"embeddable":true,"href":"https:\/\/imais.online\/portal\/wp-json\/wp\/v2\/users\/8"}],"replies":[{"embeddable":true,"href":"https:\/\/imais.online\/portal\/wp-json\/wp\/v2\/comments?post=11640"}],"version-history":[{"count":1,"href":"https:\/\/imais.online\/portal\/wp-json\/wp\/v2\/posts\/11640\/revisions"}],"predecessor-version":[{"id":11642,"href":"https:\/\/imais.online\/portal\/wp-json\/wp\/v2\/posts\/11640\/revisions\/11642"}],"wp:featuredmedia":[{"embeddable":true,"href":"https:\/\/imais.online\/portal\/wp-json\/wp\/v2\/media\/11641"}],"wp:attachment":[{"href":"https:\/\/imais.online\/portal\/wp-json\/wp\/v2\/media?parent=11640"}],"wp:term":[{"taxonomy":"category","embeddable":true,"href":"https:\/\/imais.online\/portal\/wp-json\/wp\/v2\/categories?post=11640"},{"taxonomy":"post_tag","embeddable":true,"href":"https:\/\/imais.online\/portal\/wp-json\/wp\/v2\/tags?post=11640"}],"curies":[{"name":"wp","href":"https:\/\/api.w.org\/{rel}","templated":true}]}}