{"id":11651,"date":"2023-02-06T14:26:00","date_gmt":"2023-02-06T17:26:00","guid":{"rendered":"https:\/\/imais.online\/portal\/?p=11651"},"modified":"2023-02-06T14:26:01","modified_gmt":"2023-02-06T17:26:01","slug":"estrelas-atrasadas-desafinadas-e-entediadas-marcaram-grammy-awards","status":"publish","type":"post","link":"https:\/\/imais.online\/portal\/estrelas-atrasadas-desafinadas-e-entediadas-marcaram-grammy-awards\/","title":{"rendered":"Estrelas atrasadas, desafinadas e entediadas marcaram Grammy Awards"},"content":{"rendered":"<div class=\"imais-before-content-placement\" id=\"imais-183505819\"><script async src=\"\/\/pagead2.googlesyndication.com\/pagead\/js\/adsbygoogle.js?client=ca-pub-8787528412751566\" crossorigin=\"anonymous\"><\/script><ins class=\"adsbygoogle\" style=\"display:block;\" data-ad-client=\"ca-pub-8787528412751566\" \ndata-ad-slot=\"\" \ndata-ad-format=\"auto\"><\/ins>\n<script> \n(adsbygoogle = window.adsbygoogle || []).push({}); \n<\/script>\n<\/div>\n<h2 class=\"wp-block-heading\">Harry Styles e Beyonc\u00e9 est\u00e3o entre os grandes destaques da premia\u00e7\u00e3o musical\u00a0<\/h2>\n\n\n\n<p>Momentos inesquec\u00edveis, recordes batidos e muita emo\u00e7\u00e3o marcaram a noite do Grammy Awards, a premia\u00e7\u00e3o mais importante do mundo da m\u00fasica, realizada no dia 5 de fevereiro. Entre os destaques da noite est\u00e3o Viola Davis, Beyonc\u00e9 e Harry Styles. Beyonc\u00e9 bateu um novo recorde ao somar mais trof\u00e9us a sua cole\u00e7\u00e3o, que chega a um total de 32 premia\u00e7\u00f5es Grammy, e se torna a artista mais premiada da hist\u00f3ria do Grammy.<br>&nbsp;<\/p>\n\n\n\n<p>Viola Davis ganhou um pr\u00eamio pelo seu audiobook que conta a hist\u00f3ria de sua vida e se juntou \u00e0 lista seleta de artistas que receberam os principais pr\u00eamios mundiais de artes: Oscar, Grammy, Emmy e Tony.<\/p>\n\n\n\n<p>Harry Styles, ap\u00f3s uma apresenta\u00e7\u00e3o nervosa (e um tanto desafinada), foi surpreendido ao ser o grande vencedor da noite, pois levou o pr\u00eamio de Melhor \u00c1lbum do Ano. Um momento fofo da noite foi quando uma f\u00e3 canadense de 78 anos entregou o pr\u00eamio a Harry Styles e recebeu um abra\u00e7o inesquec\u00edvel.\u00a0<\/p>\n\n\n\n<figure class=\"wp-block-image\"><img decoding=\"async\" src=\"https:\/\/img.r7.com\/images\/adele-e-the-rock-06022023100348779?dimensions=771x420\" alt=\"Adele e The Rock\" title=\"Adele e The Rock\"\/><figcaption>Adele e The Rock<br>REPRODU\u00c7\u00c3O<\/figcaption><\/figure>\n\n\n\n<p>A brasileira Anitta brilhou no tapete vermelho (e deu uma s\u00e9rie de entrevistas) com seu vestido Versace, mas ela n\u00e3o foi vista durante a exibi\u00e7\u00e3o da premia\u00e7\u00e3o nem levou para casa nenhum trof\u00e9u.&nbsp;<\/p>\n\n\n\n<p>Entre os bastidores, os coment\u00e1rios giraram em torno da apresenta\u00e7\u00e3o hist\u00f3rica de Sam Smith e da falta de anima\u00e7\u00e3o do marido de JLo, Ben Affleck (que estava muito entediado).<\/p>\n\n\n\n<figure class=\"wp-block-image\"><img decoding=\"async\" src=\"https:\/\/img.r7.com\/images\/ben-affleck-demonstra-tedio-no-grammy-awards-2023-06022023115437570?dimensions=771x420\" alt=\"Ben Affleck demonstra t\u00e9dio no Grammy Awards 2023\" title=\"Ben Affleck demonstra t\u00e9dio no Grammy Awards 2023\"\/><figcaption>Ben Affleck demonstra t\u00e9dio no Grammy Awards 2023<br>REPRODU\u00c7\u00c3O\/TWITTER<\/figcaption><\/figure>\n\n\n\n<p>Teve tamb\u00e9m o comentado atraso de Beyonc\u00e9 (que ficou presa no tr\u00e2nsito), o encontro fofo de Adele com seu \u00eddolo Dwayne Johnson, The Rock, e a conversa sem fim dos ex-namorados Harry Styles e Taylor Swift.<\/p>\n\n\n\n<p>Fonte R7<\/p>\n","protected":false},"excerpt":{"rendered":"<p>Harry Styles e Beyonc\u00e9 est\u00e3o entre os grandes destaques da premia\u00e7\u00e3o musical\u00a0 Momentos inesquec\u00edveis, recordes batidos e muita emo\u00e7\u00e3o marcaram a noite do Grammy Awards, a premia\u00e7\u00e3o mais importante do mundo da m\u00fasica, realizada no dia 5 de fevereiro. Entre os destaques da noite est\u00e3o Viola Davis, Beyonc\u00e9 e Harry Styles. Beyonc\u00e9 bateu um novo [&hellip;]<\/p>\n","protected":false},"author":8,"featured_media":11652,"comment_status":"closed","ping_status":"open","sticky":false,"template":"","format":"standard","meta":{"rop_custom_images_group":[],"rop_custom_messages_group":[],"rop_publish_now":"initial","rop_publish_now_accounts":[],"rop_publish_now_history":[],"rop_publish_now_status":"pending","footnotes":""},"categories":[16],"tags":[],"class_list":["post-11651","post","type-post","status-publish","format-standard","has-post-thumbnail","hentry","category-entertainment"],"amp_enabled":true,"_links":{"self":[{"href":"https:\/\/imais.online\/portal\/wp-json\/wp\/v2\/posts\/11651","targetHints":{"allow":["GET"]}}],"collection":[{"href":"https:\/\/imais.online\/portal\/wp-json\/wp\/v2\/posts"}],"about":[{"href":"https:\/\/imais.online\/portal\/wp-json\/wp\/v2\/types\/post"}],"author":[{"embeddable":true,"href":"https:\/\/imais.online\/portal\/wp-json\/wp\/v2\/users\/8"}],"replies":[{"embeddable":true,"href":"https:\/\/imais.online\/portal\/wp-json\/wp\/v2\/comments?post=11651"}],"version-history":[{"count":1,"href":"https:\/\/imais.online\/portal\/wp-json\/wp\/v2\/posts\/11651\/revisions"}],"predecessor-version":[{"id":11653,"href":"https:\/\/imais.online\/portal\/wp-json\/wp\/v2\/posts\/11651\/revisions\/11653"}],"wp:featuredmedia":[{"embeddable":true,"href":"https:\/\/imais.online\/portal\/wp-json\/wp\/v2\/media\/11652"}],"wp:attachment":[{"href":"https:\/\/imais.online\/portal\/wp-json\/wp\/v2\/media?parent=11651"}],"wp:term":[{"taxonomy":"category","embeddable":true,"href":"https:\/\/imais.online\/portal\/wp-json\/wp\/v2\/categories?post=11651"},{"taxonomy":"post_tag","embeddable":true,"href":"https:\/\/imais.online\/portal\/wp-json\/wp\/v2\/tags?post=11651"}],"curies":[{"name":"wp","href":"https:\/\/api.w.org\/{rel}","templated":true}]}}