{"id":11670,"date":"2023-02-08T07:48:45","date_gmt":"2023-02-08T10:48:45","guid":{"rendered":"https:\/\/imais.online\/portal\/?p=11670"},"modified":"2023-02-08T07:48:49","modified_gmt":"2023-02-08T10:48:49","slug":"topazio-cinemas-participa-da-2a-edicao-da-promocao-semana-do-cinema","status":"publish","type":"post","link":"https:\/\/imais.online\/portal\/topazio-cinemas-participa-da-2a-edicao-da-promocao-semana-do-cinema\/","title":{"rendered":"Top\u00e1zio Cinemas participa da 2\u00aa edi\u00e7\u00e3o da promo\u00e7\u00e3o Semana Do Cinema"},"content":{"rendered":"<div class=\"imais-before-content-placement\" id=\"imais-2567458558\"><script async src=\"\/\/pagead2.googlesyndication.com\/pagead\/js\/adsbygoogle.js?client=ca-pub-8787528412751566\" crossorigin=\"anonymous\"><\/script><ins class=\"adsbygoogle\" style=\"display:block;\" data-ad-client=\"ca-pub-8787528412751566\" \ndata-ad-slot=\"\" \ndata-ad-format=\"auto\"><\/ins>\n<script> \n(adsbygoogle = window.adsbygoogle || []).push({}); \n<\/script>\n<\/div>\n<p class=\"has-text-align-center\"><em>Entre os dias 9 e 14 de fevereiro, os ingressos ser\u00e3o disponibilizados por pre\u00e7os promocionais<\/em><\/p>\n\n\n\n<p>Ap\u00f3s o sucesso da primeira edi\u00e7\u00e3o, realizada em setembro de 2022, a Semana Do Cinema volta a abaixar os ingressos nas redes de cinemas em todo o pa\u00eds.<\/p>\n\n\n\n<p>No Top\u00e1zio Cinemas de Indaiatuba, a promo\u00e7\u00e3o tem ingressos por R$ 10,00 para filmes 2D, R$ 15,00 para filmes 3D e R$ 20,00 para filmes na sala VIP.<\/p>\n\n\n\n<p>A segunda edi\u00e7\u00e3o da campanha acontece de 9 a 14 de fevereiro de 2023, buscando celebrar a magia da experi\u00eancia cinematogr\u00e1fica nas telonas.<\/p>\n\n\n\n<p>A iniciativa \u00e9 uma idealiza\u00e7\u00e3o da FENEEC (Federa\u00e7\u00e3o Nacional Das Empresas Exibidoras Cinematogr\u00e1ficas) e apoio da ABRAPLEX (Associa\u00e7\u00e3o Brasileira Das Empresas Exibidoras Cinematogr\u00e1ficas Operadoras de Multiplex).<\/p>\n\n\n\n<p>A \u201cSemana Do Cinema\u201d segue uma tend\u00eancia mundial de promover, em clima de festa, o retorno das pessoas \u00e0s salas. Nos Estados Unidos aconteceu, em setembro passado, o National Cinema Day, com ingressos a $3 d\u00f3lares em mais de 3 mil cinemas. Na mesma \u00e9poca, no Reino Unido, o National Cinema Day promoveu sess\u00f5es por \u00a33 libras em cerca de 550 salas e, na Espanha ocorreu em outubro a La Fiesta del Cine 2022, com ingressos \u00e0 \u20ac3,50 euros.<\/p>\n\n\n\n<p><strong>Sobre o Top\u00e1zio Cinemas<\/strong><\/p>\n\n\n\n<p>Fundado em 1963 e reinaugurado em 1993, o Grupo Top\u00e1zio Cinemas atua no mercado de exibi\u00e7\u00e3o cinematogr\u00e1fica na cidade de Indaiatuba, interior do estado de S\u00e3o Paulo. Atualmente o cinema est\u00e1 dividido em dois complexos, sendo um de 4 salas, localizado no Shopping Jaragu\u00e1, e outro de 5 salas, no Polo Shopping.<\/p>\n\n\n\n<p>Com o cuidado de manter uma programa\u00e7\u00e3o atual, diversificada e que atenda a todos os p\u00fablicos, o Top\u00e1zio Cinemas prioriza a qualidade em atendimento, infraestrutura, produtos e tecnologia para oferecer a cada cliente uma experi\u00eancia \u00fanica, satisfat\u00f3ria e m\u00e1gica. Dessa forma segue sendo refer\u00eancia no setor de exibi\u00e7\u00e3o na regi\u00e3o.<\/p>\n\n\n\n<p><strong>SERVI\u00c7O<\/strong><\/p>\n\n\n\n<p><em>Promo\u00e7\u00e3o Semana Do Cinema<\/em><\/p>\n\n\n\n<p>Per\u00edodo: de 9 a 14 de fevereiro de 2023<\/p>\n\n\n\n<p>Ingressos promocionais: R$ 10,00 (filmes 2D), R$ 15,00 (filmes 3D) e R$ 20,00 (sala VIP)<\/p>\n\n\n\n<figure class=\"wp-block-image size-large\"><img loading=\"lazy\" decoding=\"async\" width=\"819\" height=\"1024\" src=\"https:\/\/imais.online\/portal\/wp-content\/uploads\/2023\/02\/Abraplex-SemanaDoCinema-RedesEstatico_Post31583-819x1024.jpg\" alt=\"\" class=\"wp-image-11672\" srcset=\"https:\/\/imais.online\/portal\/wp-content\/uploads\/2023\/02\/Abraplex-SemanaDoCinema-RedesEstatico_Post31583-819x1024.jpg 819w, https:\/\/imais.online\/portal\/wp-content\/uploads\/2023\/02\/Abraplex-SemanaDoCinema-RedesEstatico_Post31583-240x300.jpg 240w, https:\/\/imais.online\/portal\/wp-content\/uploads\/2023\/02\/Abraplex-SemanaDoCinema-RedesEstatico_Post31583-768x960.jpg 768w, https:\/\/imais.online\/portal\/wp-content\/uploads\/2023\/02\/Abraplex-SemanaDoCinema-RedesEstatico_Post31583.jpg 1080w\" sizes=\"auto, (max-width: 819px) 100vw, 819px\" \/><\/figure>\n","protected":false},"excerpt":{"rendered":"<p>Entre os dias 9 e 14 de fevereiro, os ingressos ser\u00e3o disponibilizados por pre\u00e7os promocionais Ap\u00f3s o sucesso da primeira edi\u00e7\u00e3o, realizada em setembro de 2022, a Semana Do Cinema volta a abaixar os ingressos nas redes de cinemas em todo o pa\u00eds. No Top\u00e1zio Cinemas de Indaiatuba, a promo\u00e7\u00e3o tem ingressos por R$ 10,00 [&hellip;]<\/p>\n","protected":false},"author":6,"featured_media":11671,"comment_status":"closed","ping_status":"open","sticky":false,"template":"","format":"standard","meta":{"rop_custom_images_group":[],"rop_custom_messages_group":[],"rop_publish_now":"initial","rop_publish_now_accounts":[],"rop_publish_now_history":[],"rop_publish_now_status":"pending","footnotes":""},"categories":[16],"tags":[],"class_list":["post-11670","post","type-post","status-publish","format-standard","has-post-thumbnail","hentry","category-entertainment"],"amp_enabled":true,"_links":{"self":[{"href":"https:\/\/imais.online\/portal\/wp-json\/wp\/v2\/posts\/11670","targetHints":{"allow":["GET"]}}],"collection":[{"href":"https:\/\/imais.online\/portal\/wp-json\/wp\/v2\/posts"}],"about":[{"href":"https:\/\/imais.online\/portal\/wp-json\/wp\/v2\/types\/post"}],"author":[{"embeddable":true,"href":"https:\/\/imais.online\/portal\/wp-json\/wp\/v2\/users\/6"}],"replies":[{"embeddable":true,"href":"https:\/\/imais.online\/portal\/wp-json\/wp\/v2\/comments?post=11670"}],"version-history":[{"count":1,"href":"https:\/\/imais.online\/portal\/wp-json\/wp\/v2\/posts\/11670\/revisions"}],"predecessor-version":[{"id":11673,"href":"https:\/\/imais.online\/portal\/wp-json\/wp\/v2\/posts\/11670\/revisions\/11673"}],"wp:featuredmedia":[{"embeddable":true,"href":"https:\/\/imais.online\/portal\/wp-json\/wp\/v2\/media\/11671"}],"wp:attachment":[{"href":"https:\/\/imais.online\/portal\/wp-json\/wp\/v2\/media?parent=11670"}],"wp:term":[{"taxonomy":"category","embeddable":true,"href":"https:\/\/imais.online\/portal\/wp-json\/wp\/v2\/categories?post=11670"},{"taxonomy":"post_tag","embeddable":true,"href":"https:\/\/imais.online\/portal\/wp-json\/wp\/v2\/tags?post=11670"}],"curies":[{"name":"wp","href":"https:\/\/api.w.org\/{rel}","templated":true}]}}