{"id":11756,"date":"2023-02-13T15:01:43","date_gmt":"2023-02-13T18:01:43","guid":{"rendered":"https:\/\/imais.online\/portal\/?p=11756"},"modified":"2023-02-13T15:01:47","modified_gmt":"2023-02-13T18:01:47","slug":"rede-municipal-de-indaiatuba-implanta-robotica-educacional-para-alunos-do-ensino-fundamental-i","status":"publish","type":"post","link":"https:\/\/imais.online\/portal\/rede-municipal-de-indaiatuba-implanta-robotica-educacional-para-alunos-do-ensino-fundamental-i\/","title":{"rendered":"Rede Municipal de Indaiatuba implanta Rob\u00f3tica Educacional para alunos do Ensino Fundamental I"},"content":{"rendered":"<div class=\"imais-before-content-placement\" id=\"imais-2663935396\"><script async src=\"\/\/pagead2.googlesyndication.com\/pagead\/js\/adsbygoogle.js?client=ca-pub-8787528412751566\" crossorigin=\"anonymous\"><\/script><ins class=\"adsbygoogle\" style=\"display:block;\" data-ad-client=\"ca-pub-8787528412751566\" \ndata-ad-slot=\"\" \ndata-ad-format=\"auto\"><\/ins>\n<script> \n(adsbygoogle = window.adsbygoogle || []).push({}); \n<\/script>\n<\/div>\n<p><em><small>Programa \u00e9 alinhado \u00e0s diretrizes da Base Nacional Comum Curricular (BNCC)<\/small><\/em><\/p>\n\n\n\n<p>No s\u00e1bado (11\/2) o prefeito de Indaiatuba Nilson Gaspar e o secret\u00e1rio de Educa\u00e7\u00e3o Heleno da Silva Luiz Junior participaram da aula inaugural de Rob\u00f3tica Educacional que ser\u00e1 implantado na Rede Municipal neste ano. O projeto contempla os 13.943 alunos do fundamental I (1\u00ba ao 5\u00ba ano) e ser\u00e1 iniciado no primeiro semestre para as oito unidades escolares de per\u00edodo integral, com 3.039 alunos. Progressivamente as outras 19 unidades, com 10.904 alunos, tamb\u00e9m ser\u00e3o atendidas at\u00e9 o segundo semestre.<\/p>\n\n\n\n<p>\u201cA educa\u00e7\u00e3o municipal de Indaiatuba est\u00e1 entre umas das melhores do pa\u00eds e para seguir com a qualidade que nossas crian\u00e7as merecem estamos implantando uma s\u00e9rie de novidades. Ano passado adquirimos o Sistema Sesi de Ensino, projetores digitais, climatizadores, tablets, caixa maker e agora avan\u00e7amos mais um degrau. A rob\u00f3tica chega para inovar com tecnologia o aprendizado dos alunos\u201d, anunciou Gaspar.<\/p>\n\n\n\n<p>O Secret\u00e1rio de Educa\u00e7\u00e3o explicou que neste primeiro momento o projeto integrar\u00e1 as oficinas das escolas de per\u00edodo integral, mas at\u00e9 o meio do ano todos alunos do 1\u00ba ao 5\u00ba ano ter\u00e3o as aulas de rob\u00f3tica. \u201cEssa \u00e9 uma a\u00e7\u00e3o muito importante na \u00e1rea de inova\u00e7\u00e3o e tecnologia da Rede Municipal de Ensino. Com este trabalho vamos agregar conhecimento ao conte\u00fado que j\u00e1 \u00e9 ministrado \u00e0s nossas crian\u00e7as, dentro do contexto do curr\u00edculo escolar, para que eles possam cada vez mais aprender aquilo que tem de melhor\u201d.<\/p>\n\n\n\n<p>O CEO da Sim Inova Tecnologia Com\u00e9rcio e Servi\u00e7os destacou a honra em trazer a rob\u00f3tica para o ensino p\u00fablico. \u201cPara n\u00f3s \u00e9 um prazer muito grande poder proporcionar o uso da tecnologia, t\u00e3o comum nas escolas particulares, para os alunos das escolas p\u00fablicas. Sabemos que a rob\u00f3tica faz todo uma diferen\u00e7a neste processo educacional da educa\u00e7\u00e3o b\u00e1sica, onde as crian\u00e7as come\u00e7am a se preparar para o futuro\u201d, declarou Ivan Hip\u00f3lito.<\/p>\n\n\n\n<p>A Rob\u00f3tica Educacional ser\u00e1 desenvolvida nas escolas e os professores da Rede est\u00e3o sendo capacitados para trabalhar o conte\u00fado com os alunos. O programa contempla 36 atividades anuais que ser\u00e3o realizadas semanalmente com dura\u00e7\u00e3o de aproximadamente 2h30. A empresa vencedora do processo licitat\u00f3rio foi a Sim Inova Tecnologia Com\u00e9rcio e Servi\u00e7os, com investimento municipal de mais 10 milh\u00f5es.<\/p>\n\n\n\n<figure class=\"wp-block-image size-large\"><img loading=\"lazy\" decoding=\"async\" width=\"1024\" height=\"683\" src=\"https:\/\/imais.online\/portal\/wp-content\/uploads\/2023\/02\/image-1024x683.jpeg\" alt=\"\" class=\"wp-image-11757\" srcset=\"https:\/\/imais.online\/portal\/wp-content\/uploads\/2023\/02\/image-1024x683.jpeg 1024w, https:\/\/imais.online\/portal\/wp-content\/uploads\/2023\/02\/image-300x200.jpeg 300w, https:\/\/imais.online\/portal\/wp-content\/uploads\/2023\/02\/image-768x512.jpeg 768w, https:\/\/imais.online\/portal\/wp-content\/uploads\/2023\/02\/image-1536x1024.jpeg 1536w, https:\/\/imais.online\/portal\/wp-content\/uploads\/2023\/02\/image.jpeg 1600w\" sizes=\"auto, (max-width: 1024px) 100vw, 1024px\" \/><\/figure>\n\n\n\n<p>O programa de rob\u00f3tica educacional da SIM Inova\u00ae \u00e9 alinhado \u00e0s diretrizes da Base Nacional Comum Curricular (BNCC) e utiliza blocos de montagem da LEGO\u00ae Education. Conta ainda com a metodologia STEAM (sigla para Ci\u00eancias, Tecnologia, Engenharia, Artes e Matem\u00e1tica) e a Cultura Maker (aprender fazendo).<\/p>\n\n\n\n<p>Os alunos ser\u00e3o divididos em turmas com quatro crian\u00e7as para desenvolver a atividade proposta com o conte\u00fado pedag\u00f3gico para a idade. As equipes trabalhar\u00e3o com o kit tecnol\u00f3gico de inova\u00e7\u00e3o, plataforma digital integrada e material paradid\u00e1tico para desenvolver o projeto. Cada aluno fica respons\u00e1vel por uma parte da atividade, sendo elas: L\u00edder, Administrador, Construtor e Programador.<\/p>\n\n\n\n<p>A metodologia ativa conta com atividades que estimulam o desenvolvimento de habilidades comportamentais, organizacionais, socioemocionais, cognitivas e de comunica\u00e7\u00e3o, que s\u00e3o essenciais para enriquecer o aprendizado da nova gera\u00e7\u00e3o para os desafios do s\u00e9culo XXI.<\/p>\n\n\n\n<p>A implanta\u00e7\u00e3o do aprendizado da rob\u00f3tica na inf\u00e2ncia tem se mostrado uma excelente ferramenta de educa\u00e7\u00e3o em um mundo cada vez mais tecnol\u00f3gico. A pr\u00e1tica ajuda a desenvolver o lado intelectual e cognitivo, racioc\u00ednio l\u00f3gico, senso criativo, resolu\u00e7\u00e3o de problemas e trabalho em equipe.<\/p>\n","protected":false},"excerpt":{"rendered":"<p>Programa \u00e9 alinhado \u00e0s diretrizes da Base Nacional Comum Curricular (BNCC) No s\u00e1bado (11\/2) o prefeito de Indaiatuba Nilson Gaspar e o secret\u00e1rio de Educa\u00e7\u00e3o Heleno da Silva Luiz Junior participaram da aula inaugural de Rob\u00f3tica Educacional que ser\u00e1 implantado na Rede Municipal neste ano. O projeto contempla os 13.943 alunos do fundamental I (1\u00ba [&hellip;]<\/p>\n","protected":false},"author":8,"featured_media":11758,"comment_status":"closed","ping_status":"open","sticky":false,"template":"","format":"standard","meta":{"rop_custom_images_group":[],"rop_custom_messages_group":[],"rop_publish_now":"initial","rop_publish_now_accounts":[],"rop_publish_now_history":[],"rop_publish_now_status":"pending","footnotes":""},"categories":[188],"tags":[],"class_list":["post-11756","post","type-post","status-publish","format-standard","has-post-thumbnail","hentry","category-indaiatuba"],"amp_enabled":true,"_links":{"self":[{"href":"https:\/\/imais.online\/portal\/wp-json\/wp\/v2\/posts\/11756","targetHints":{"allow":["GET"]}}],"collection":[{"href":"https:\/\/imais.online\/portal\/wp-json\/wp\/v2\/posts"}],"about":[{"href":"https:\/\/imais.online\/portal\/wp-json\/wp\/v2\/types\/post"}],"author":[{"embeddable":true,"href":"https:\/\/imais.online\/portal\/wp-json\/wp\/v2\/users\/8"}],"replies":[{"embeddable":true,"href":"https:\/\/imais.online\/portal\/wp-json\/wp\/v2\/comments?post=11756"}],"version-history":[{"count":1,"href":"https:\/\/imais.online\/portal\/wp-json\/wp\/v2\/posts\/11756\/revisions"}],"predecessor-version":[{"id":11759,"href":"https:\/\/imais.online\/portal\/wp-json\/wp\/v2\/posts\/11756\/revisions\/11759"}],"wp:featuredmedia":[{"embeddable":true,"href":"https:\/\/imais.online\/portal\/wp-json\/wp\/v2\/media\/11758"}],"wp:attachment":[{"href":"https:\/\/imais.online\/portal\/wp-json\/wp\/v2\/media?parent=11756"}],"wp:term":[{"taxonomy":"category","embeddable":true,"href":"https:\/\/imais.online\/portal\/wp-json\/wp\/v2\/categories?post=11756"},{"taxonomy":"post_tag","embeddable":true,"href":"https:\/\/imais.online\/portal\/wp-json\/wp\/v2\/tags?post=11756"}],"curies":[{"name":"wp","href":"https:\/\/api.w.org\/{rel}","templated":true}]}}