{"id":11760,"date":"2023-02-13T15:22:36","date_gmt":"2023-02-13T18:22:36","guid":{"rendered":"https:\/\/imais.online\/portal\/?p=11760"},"modified":"2023-02-13T15:25:01","modified_gmt":"2023-02-13T18:25:01","slug":"homem-e-preso-por-violencia-domestica-pela-guarda-civil-de-indaiatuba-2","status":"publish","type":"post","link":"https:\/\/imais.online\/portal\/homem-e-preso-por-violencia-domestica-pela-guarda-civil-de-indaiatuba-2\/","title":{"rendered":"Homem \u00e9 preso por viol\u00eancia dom\u00e9stica pela Guarda Civil de Indaiatuba"},"content":{"rendered":"<div class=\"imais-before-content-placement\" id=\"imais-844211977\"><script async src=\"\/\/pagead2.googlesyndication.com\/pagead\/js\/adsbygoogle.js?client=ca-pub-8787528412751566\" crossorigin=\"anonymous\"><\/script><ins class=\"adsbygoogle\" style=\"display:block;\" data-ad-client=\"ca-pub-8787528412751566\" \ndata-ad-slot=\"\" \ndata-ad-format=\"auto\"><\/ins>\n<script> \n(adsbygoogle = window.adsbygoogle || []).push({}); \n<\/script>\n<\/div>\n<p>A Guarda Civil de Indaiatuba prendeu um homem de 49 anos por viol\u00eancia dom\u00e9stica na madrugada de s\u00e1bado (11). O caso aconteceu no Parque Residencial Indai\u00e1.O COI (Centro de Opera\u00e7\u00f5es e Intelig\u00eancia) recebeu a informa\u00e7\u00e3o do caso de viol\u00eancia dom\u00e9stica na Rua Natalino Gazola e enviou a equipe do Caminho das Rosas com o apoio das viaturas 142, 143 e da equipe Romi para o local. No endere\u00e7o informado a v\u00edtima relatou aos agentes que seu marido, ap\u00f3s fazer o uso de \u00e1lcool e drogas, a agrediu com socos na boca.<\/p>\n\n\n\n<p>O homem, extremamente agitado e agressivo, precisou ser contido pelas equipes. A v\u00edtima recebeu o atendimento especializado da equipe do Caminho das Rosas, foi encaminhada para a UPA para receber atendimento m\u00e9dico e depois conduzida at\u00e9 a delegacia de pol\u00edcia, onde foi ouvida pela autoridade policial. O homem, conduzido para a delegacia, foi preso em flagrante e permaneceu a disposi\u00e7\u00e3o da Justi\u00e7a.<\/p>\n","protected":false},"excerpt":{"rendered":"<p>A Guarda Civil de Indaiatuba prendeu um homem de 49 anos por viol\u00eancia dom\u00e9stica na madrugada de s\u00e1bado (11). O caso aconteceu no Parque Residencial Indai\u00e1.O COI (Centro de Opera\u00e7\u00f5es e Intelig\u00eancia) recebeu a informa\u00e7\u00e3o do caso de viol\u00eancia dom\u00e9stica na Rua Natalino Gazola e enviou a equipe do Caminho das Rosas com o apoio [&hellip;]<\/p>\n","protected":false},"author":7,"featured_media":11761,"comment_status":"closed","ping_status":"open","sticky":false,"template":"","format":"standard","meta":{"rop_custom_images_group":[],"rop_custom_messages_group":[],"rop_publish_now":"initial","rop_publish_now_accounts":[],"rop_publish_now_history":[],"rop_publish_now_status":"pending","footnotes":""},"categories":[188],"tags":[],"class_list":["post-11760","post","type-post","status-publish","format-standard","has-post-thumbnail","hentry","category-indaiatuba"],"amp_enabled":true,"_links":{"self":[{"href":"https:\/\/imais.online\/portal\/wp-json\/wp\/v2\/posts\/11760","targetHints":{"allow":["GET"]}}],"collection":[{"href":"https:\/\/imais.online\/portal\/wp-json\/wp\/v2\/posts"}],"about":[{"href":"https:\/\/imais.online\/portal\/wp-json\/wp\/v2\/types\/post"}],"author":[{"embeddable":true,"href":"https:\/\/imais.online\/portal\/wp-json\/wp\/v2\/users\/7"}],"replies":[{"embeddable":true,"href":"https:\/\/imais.online\/portal\/wp-json\/wp\/v2\/comments?post=11760"}],"version-history":[{"count":1,"href":"https:\/\/imais.online\/portal\/wp-json\/wp\/v2\/posts\/11760\/revisions"}],"predecessor-version":[{"id":11763,"href":"https:\/\/imais.online\/portal\/wp-json\/wp\/v2\/posts\/11760\/revisions\/11763"}],"wp:featuredmedia":[{"embeddable":true,"href":"https:\/\/imais.online\/portal\/wp-json\/wp\/v2\/media\/11761"}],"wp:attachment":[{"href":"https:\/\/imais.online\/portal\/wp-json\/wp\/v2\/media?parent=11760"}],"wp:term":[{"taxonomy":"category","embeddable":true,"href":"https:\/\/imais.online\/portal\/wp-json\/wp\/v2\/categories?post=11760"},{"taxonomy":"post_tag","embeddable":true,"href":"https:\/\/imais.online\/portal\/wp-json\/wp\/v2\/tags?post=11760"}],"curies":[{"name":"wp","href":"https:\/\/api.w.org\/{rel}","templated":true}]}}