{"id":11777,"date":"2023-02-13T15:50:16","date_gmt":"2023-02-13T18:50:16","guid":{"rendered":"https:\/\/imais.online\/portal\/?p=11777"},"modified":"2023-02-13T15:50:18","modified_gmt":"2023-02-13T18:50:18","slug":"mae-de-adolescente-que-tentou-explodir-escola-diz-que-filho-estava-sendo-influenciado","status":"publish","type":"post","link":"https:\/\/imais.online\/portal\/mae-de-adolescente-que-tentou-explodir-escola-diz-que-filho-estava-sendo-influenciado\/","title":{"rendered":"M\u00e3e de adolescente que tentou explodir escola diz que filho &#8216;estava sendo influenciado&#8217;"},"content":{"rendered":"<div class=\"imais-before-content-placement\" id=\"imais-1674757850\"><script async src=\"\/\/pagead2.googlesyndication.com\/pagead\/js\/adsbygoogle.js?client=ca-pub-8787528412751566\" crossorigin=\"anonymous\"><\/script><ins class=\"adsbygoogle\" style=\"display:block;\" data-ad-client=\"ca-pub-8787528412751566\" \ndata-ad-slot=\"\" \ndata-ad-format=\"auto\"><\/ins>\n<script> \n(adsbygoogle = window.adsbygoogle || []).push({}); \n<\/script>\n<\/div>\n<h2 class=\"wp-block-heading\">Jovem vestia roupas pretas e s\u00edmbolo nazista no ombro esquerdo; a mulher disse que filho fazia tratamento contra depress\u00e3o<\/h2>\n\n\n\n<p>A m\u00e3e do adolescente, de 17 anos, suspeito de ter\u00a0<strong>tentado explodir a Escola Municipal Vista Alegre<\/strong>, na cidade de Monte Mor, no interior de S\u00e3o Paulo, na manh\u00e3 desta segunda-feira (13), disse que o filho estaria sendo &#8220;influenciado por outra pessoa&#8221;.\u00a0<\/p>\n\n\n\n<p>&#8220;Foi tudo influ\u00eancia da internet. Ele estava falando com algu\u00e9m, eu creio que ele fez isso a mando de algu\u00e9m&#8221;, contou a mulher, que tamb\u00e9m afirmou que o filho est\u00e1 passando por um tratamento contra a depress\u00e3o, de acordo com informa\u00e7\u00f5es do&nbsp;<em>Balan\u00e7o Geral<\/em>, da&nbsp;<strong>Record TV<\/strong>.<\/p>\n\n\n\n<p>Ela ainda ressalta que n\u00e3o faz muito tempo que o filho comprou os materias e que acreditava que ele n\u00e3o era nazista. &#8220;Ele n\u00e3o \u00e9 uma pessoa m\u00e1.\u00a0 Ele comprou essas coisas n\u00e3o tem muito tempo, porque ele n\u00e3o \u00e9 nazista.\u00a0 Eu creio que ele n\u00e3o \u00e9, porque sen\u00e3o eu teria visto isso antes, mas come\u00e7ou h\u00e1 um m\u00eas ou dois meses mais ou menos&#8221;.<\/p>\n\n\n\n<h3 class=\"wp-block-heading\">Atentado<\/h3>\n\n\n\n<p><em><\/em><\/p>\n\n\n\n<p>Um jovem, de 17 anos, foi detido ap\u00f3s tentar explodir a Escola Municipal Vista Alegre, na cidade de Monte Mor, no interior de S\u00e3o Paulo, na manh\u00e3 desta segunda-feira (13). Ele entrou na unidade com bombas caseiras, uma arma falsa e um machado.<\/p>\n\n\n\n<p>Segundo informa\u00e7\u00f5es iniciais, dois adolescentes estariam envolvidos na tentativa de atentado. Apenas um, que estava vestido de preto e tinha uma su\u00e1stica (s\u00edmbolo nazista) no bra\u00e7o, foi apreendido.<\/p>\n\n\n\n<p>A pol\u00edcia e o Corpo de Bombeiros foram acionados. Garrafas cheias de combust\u00edvel foram apreendidas. O alunos foram dispensados.<\/p>\n\n\n\n<p>Fonte R7 <\/p>\n","protected":false},"excerpt":{"rendered":"<p>Jovem vestia roupas pretas e s\u00edmbolo nazista no ombro esquerdo; a mulher disse que filho fazia tratamento contra depress\u00e3o A m\u00e3e do adolescente, de 17 anos, suspeito de ter\u00a0tentado explodir a Escola Municipal Vista Alegre, na cidade de Monte Mor, no interior de S\u00e3o Paulo, na manh\u00e3 desta segunda-feira (13), disse que o filho estaria [&hellip;]<\/p>\n","protected":false},"author":8,"featured_media":11778,"comment_status":"closed","ping_status":"open","sticky":false,"template":"","format":"standard","meta":{"rop_custom_images_group":[],"rop_custom_messages_group":[],"rop_publish_now":"initial","rop_publish_now_accounts":[],"rop_publish_now_history":[],"rop_publish_now_status":"pending","footnotes":""},"categories":[230],"tags":[],"class_list":["post-11777","post","type-post","status-publish","format-standard","has-post-thumbnail","hentry","category-interior"],"amp_enabled":true,"_links":{"self":[{"href":"https:\/\/imais.online\/portal\/wp-json\/wp\/v2\/posts\/11777","targetHints":{"allow":["GET"]}}],"collection":[{"href":"https:\/\/imais.online\/portal\/wp-json\/wp\/v2\/posts"}],"about":[{"href":"https:\/\/imais.online\/portal\/wp-json\/wp\/v2\/types\/post"}],"author":[{"embeddable":true,"href":"https:\/\/imais.online\/portal\/wp-json\/wp\/v2\/users\/8"}],"replies":[{"embeddable":true,"href":"https:\/\/imais.online\/portal\/wp-json\/wp\/v2\/comments?post=11777"}],"version-history":[{"count":1,"href":"https:\/\/imais.online\/portal\/wp-json\/wp\/v2\/posts\/11777\/revisions"}],"predecessor-version":[{"id":11779,"href":"https:\/\/imais.online\/portal\/wp-json\/wp\/v2\/posts\/11777\/revisions\/11779"}],"wp:featuredmedia":[{"embeddable":true,"href":"https:\/\/imais.online\/portal\/wp-json\/wp\/v2\/media\/11778"}],"wp:attachment":[{"href":"https:\/\/imais.online\/portal\/wp-json\/wp\/v2\/media?parent=11777"}],"wp:term":[{"taxonomy":"category","embeddable":true,"href":"https:\/\/imais.online\/portal\/wp-json\/wp\/v2\/categories?post=11777"},{"taxonomy":"post_tag","embeddable":true,"href":"https:\/\/imais.online\/portal\/wp-json\/wp\/v2\/tags?post=11777"}],"curies":[{"name":"wp","href":"https:\/\/api.w.org\/{rel}","templated":true}]}}