{"id":11780,"date":"2023-02-14T08:38:53","date_gmt":"2023-02-14T11:38:53","guid":{"rendered":"https:\/\/imais.online\/portal\/?p=11780"},"modified":"2023-02-14T08:38:54","modified_gmt":"2023-02-14T11:38:54","slug":"vento-forte-arranca-estrutura-metalica-de-comercio-que-danifica-casas-e-deixa-feridos-em-indaiatuba","status":"publish","type":"post","link":"https:\/\/imais.online\/portal\/vento-forte-arranca-estrutura-metalica-de-comercio-que-danifica-casas-e-deixa-feridos-em-indaiatuba\/","title":{"rendered":"Vento forte arranca estrutura met\u00e1lica de com\u00e9rcio, que danifica casas e deixa feridos em Indaiatuba"},"content":{"rendered":"<div class=\"imais-before-content-placement\" id=\"imais-8343792\"><script async src=\"\/\/pagead2.googlesyndication.com\/pagead\/js\/adsbygoogle.js?client=ca-pub-8787528412751566\" crossorigin=\"anonymous\"><\/script><ins class=\"adsbygoogle\" style=\"display:block;\" data-ad-client=\"ca-pub-8787528412751566\" \ndata-ad-slot=\"\" \ndata-ad-format=\"auto\"><\/ins>\n<script> \n(adsbygoogle = window.adsbygoogle || []).push({}); \n<\/script>\n<\/div>\n<p class=\"has-text-align-center\">Ocorr\u00eancia foi registrada no Jd. Hubert nesta segunda (13); segundo a Defesa Civil, 13 pessoas foram socorridas.<\/p>\n\n\n\n<p>Uma estrutura met\u00e1lica que cobria uma empresa de materiais de constru\u00e7\u00e3o no Jardim Hubert, em Indaiatuba (SP), foi arrancada pelo vento nesta segunda-feira (13).<\/p>\n\n\n\n<p>De acordo com a Defesa Civil, a estrutura que se desprendeu atingiu quatro casas e deixou feridos &#8211; 13 pessoas foram socorridas, uma delas com escoria\u00e7\u00f5es.<\/p>\n\n\n\n<p>Em nota, a \u00f3rg\u00e3o informou que auxilia o atendimento em companhia do Corpo de Bombeiros. O volume de chuva e a velocidade que os ventos atingiram na cidade n\u00e3o foram informados.<\/p>\n\n\n\n<p>Segundo a Defesa Civil, as fam\u00edlias atingidas est\u00e3o abrigadas em casas de parentes at\u00e9 a energia no local ser restabelecida.<\/p>\n\n\n\n<p>Em nota, a CPFL Piratininga informou que est\u00e1 no local e, &#8220;para evitar riscos, j\u00e1 isolou a rede&#8221;.<\/p>\n\n\n\n<p>&#8220;A CPFL destaca tamb\u00e9m que, juntamente com Defesa Civil e Corpo de Bombeiros, estuda a melhor forma de retirar os escombros e efetuar os reparos visando restabelecer a energia&#8221;, diz o texto.<\/p>\n\n\n\n<p><strong>Fonte: g1 Campinas<\/strong><\/p>\n\n\n\n<p><\/p>\n","protected":false},"excerpt":{"rendered":"<p>Ocorr\u00eancia foi registrada no Jd. Hubert nesta segunda (13); segundo a Defesa Civil, 13 pessoas foram socorridas. Uma estrutura met\u00e1lica que cobria uma empresa de materiais de constru\u00e7\u00e3o no Jardim Hubert, em Indaiatuba (SP), foi arrancada pelo vento nesta segunda-feira (13). De acordo com a Defesa Civil, a estrutura que se desprendeu atingiu quatro casas [&hellip;]<\/p>\n","protected":false},"author":7,"featured_media":11781,"comment_status":"closed","ping_status":"open","sticky":false,"template":"","format":"standard","meta":{"rop_custom_images_group":[],"rop_custom_messages_group":[],"rop_publish_now":"initial","rop_publish_now_accounts":[],"rop_publish_now_history":[],"rop_publish_now_status":"pending","footnotes":""},"categories":[188],"tags":[73],"class_list":["post-11780","post","type-post","status-publish","format-standard","has-post-thumbnail","hentry","category-indaiatuba","tag-featured"],"amp_enabled":true,"_links":{"self":[{"href":"https:\/\/imais.online\/portal\/wp-json\/wp\/v2\/posts\/11780","targetHints":{"allow":["GET"]}}],"collection":[{"href":"https:\/\/imais.online\/portal\/wp-json\/wp\/v2\/posts"}],"about":[{"href":"https:\/\/imais.online\/portal\/wp-json\/wp\/v2\/types\/post"}],"author":[{"embeddable":true,"href":"https:\/\/imais.online\/portal\/wp-json\/wp\/v2\/users\/7"}],"replies":[{"embeddable":true,"href":"https:\/\/imais.online\/portal\/wp-json\/wp\/v2\/comments?post=11780"}],"version-history":[{"count":1,"href":"https:\/\/imais.online\/portal\/wp-json\/wp\/v2\/posts\/11780\/revisions"}],"predecessor-version":[{"id":11782,"href":"https:\/\/imais.online\/portal\/wp-json\/wp\/v2\/posts\/11780\/revisions\/11782"}],"wp:featuredmedia":[{"embeddable":true,"href":"https:\/\/imais.online\/portal\/wp-json\/wp\/v2\/media\/11781"}],"wp:attachment":[{"href":"https:\/\/imais.online\/portal\/wp-json\/wp\/v2\/media?parent=11780"}],"wp:term":[{"taxonomy":"category","embeddable":true,"href":"https:\/\/imais.online\/portal\/wp-json\/wp\/v2\/categories?post=11780"},{"taxonomy":"post_tag","embeddable":true,"href":"https:\/\/imais.online\/portal\/wp-json\/wp\/v2\/tags?post=11780"}],"curies":[{"name":"wp","href":"https:\/\/api.w.org\/{rel}","templated":true}]}}