{"id":11783,"date":"2023-02-14T13:44:36","date_gmt":"2023-02-14T16:44:36","guid":{"rendered":"https:\/\/imais.online\/portal\/?p=11783"},"modified":"2023-02-14T13:44:39","modified_gmt":"2023-02-14T16:44:39","slug":"inscricoes-para-o-catalogo-das-industrias-2023-estao-abertas","status":"publish","type":"post","link":"https:\/\/imais.online\/portal\/inscricoes-para-o-catalogo-das-industrias-2023-estao-abertas\/","title":{"rendered":"Inscri\u00e7\u00f5es para o Cat\u00e1logo das Ind\u00fastrias 2023 est\u00e3o abertas"},"content":{"rendered":"<div class=\"imais-before-content-placement\" id=\"imais-2782061663\"><script async src=\"\/\/pagead2.googlesyndication.com\/pagead\/js\/adsbygoogle.js?client=ca-pub-8787528412751566\" crossorigin=\"anonymous\"><\/script><ins class=\"adsbygoogle\" style=\"display:block;\" data-ad-client=\"ca-pub-8787528412751566\" \ndata-ad-slot=\"\" \ndata-ad-format=\"auto\"><\/ins>\n<script> \n(adsbygoogle = window.adsbygoogle || []).push({}); \n<\/script>\n<\/div>\n<p><em><small>Interessados em se cadastrar para a vers\u00e3o impressa tem at\u00e9 o dia 28 de fevereiro para se inscrever<\/small><\/em><\/p>\n\n\n\n<p>A Prefeitura de Indaiatuba, por meio da Secretaria de Governo realiza a 13\u00aa edi\u00e7\u00e3o do Cat\u00e1logo das Ind\u00fastrias. Os interessados em se inscrever na vers\u00e3o impressa podem realizar o cadastro no&nbsp;<a href=\"https:\/\/indaiatuba.catalogodasindustrias.com.br\/cadastro_empresa\">link<\/a>&nbsp;at\u00e9 o dia 28 de fevereiro. J\u00e1 para quem optar por aderir \u00e0 vers\u00e3o digital pode se cadastrar durante todo o ano no site. O projeto \u00e9 realizado em parceria com as unidades locais do Ciesp (Centro das Ind\u00fastrias do Estado de S\u00e3o Paulo) e da Fiesp (Federa\u00e7\u00e3o das Ind\u00fastrias do Estado de S\u00e3o Paulo).<\/p>\n\n\n\n<p>O cat\u00e1logo tem como finalidade fomentar neg\u00f3cios para as ind\u00fastrias do munic\u00edpio atrav\u00e9s da conex\u00e3o entre empres\u00e1rios e clientes, facilitando assim a comunica\u00e7\u00e3o entre as duas partes. O anu\u00e1rio est\u00e1 dispon\u00edvel nas vers\u00f5es para Android, iOS &nbsp;e pela web. Para fazer o download basta pesquisar \u201cInd\u00fastrias Indaiatuba\u201d. Para o acesso via web o link \u00e9 s\u00f3 clicar no&nbsp;<a href=\"https:\/\/indaiatuba.catalogodasindustrias.com.br\/\">link<\/a>.<\/p>\n\n\n\n<p>Para ind\u00fastrias j\u00e1 cadastradas, n\u00e3o \u00e9 necess\u00e1rio fazer nova inscri\u00e7\u00e3o. Caso precise atualizar alguma informa\u00e7\u00e3o, a Prefeitura pede que seja feito contato atrav\u00e9s do e-mail: governo.empresa@indaiatuba.sp.gov.br ou pelo telefone (19) 3834-9278.<\/p>\n","protected":false},"excerpt":{"rendered":"<p>Interessados em se cadastrar para a vers\u00e3o impressa tem at\u00e9 o dia 28 de fevereiro para se inscrever A Prefeitura de Indaiatuba, por meio da Secretaria de Governo realiza a 13\u00aa edi\u00e7\u00e3o do Cat\u00e1logo das Ind\u00fastrias. Os interessados em se inscrever na vers\u00e3o impressa podem realizar o cadastro no&nbsp;link&nbsp;at\u00e9 o dia 28 de fevereiro. J\u00e1 [&hellip;]<\/p>\n","protected":false},"author":8,"featured_media":11784,"comment_status":"closed","ping_status":"open","sticky":false,"template":"","format":"standard","meta":{"rop_custom_images_group":[],"rop_custom_messages_group":[],"rop_publish_now":"initial","rop_publish_now_accounts":[],"rop_publish_now_history":[],"rop_publish_now_status":"pending","footnotes":""},"categories":[188],"tags":[],"class_list":["post-11783","post","type-post","status-publish","format-standard","has-post-thumbnail","hentry","category-indaiatuba"],"amp_enabled":true,"_links":{"self":[{"href":"https:\/\/imais.online\/portal\/wp-json\/wp\/v2\/posts\/11783","targetHints":{"allow":["GET"]}}],"collection":[{"href":"https:\/\/imais.online\/portal\/wp-json\/wp\/v2\/posts"}],"about":[{"href":"https:\/\/imais.online\/portal\/wp-json\/wp\/v2\/types\/post"}],"author":[{"embeddable":true,"href":"https:\/\/imais.online\/portal\/wp-json\/wp\/v2\/users\/8"}],"replies":[{"embeddable":true,"href":"https:\/\/imais.online\/portal\/wp-json\/wp\/v2\/comments?post=11783"}],"version-history":[{"count":1,"href":"https:\/\/imais.online\/portal\/wp-json\/wp\/v2\/posts\/11783\/revisions"}],"predecessor-version":[{"id":11785,"href":"https:\/\/imais.online\/portal\/wp-json\/wp\/v2\/posts\/11783\/revisions\/11785"}],"wp:featuredmedia":[{"embeddable":true,"href":"https:\/\/imais.online\/portal\/wp-json\/wp\/v2\/media\/11784"}],"wp:attachment":[{"href":"https:\/\/imais.online\/portal\/wp-json\/wp\/v2\/media?parent=11783"}],"wp:term":[{"taxonomy":"category","embeddable":true,"href":"https:\/\/imais.online\/portal\/wp-json\/wp\/v2\/categories?post=11783"},{"taxonomy":"post_tag","embeddable":true,"href":"https:\/\/imais.online\/portal\/wp-json\/wp\/v2\/tags?post=11783"}],"curies":[{"name":"wp","href":"https:\/\/api.w.org\/{rel}","templated":true}]}}