{"id":11789,"date":"2023-02-14T17:00:11","date_gmt":"2023-02-14T20:00:11","guid":{"rendered":"https:\/\/imais.online\/portal\/?p=11789"},"modified":"2023-02-14T17:00:13","modified_gmt":"2023-02-14T20:00:13","slug":"secretaria-de-educacao-de-indaiatuba-promove-capacitacao-para-1-559-profissionais-da-rede","status":"publish","type":"post","link":"https:\/\/imais.online\/portal\/secretaria-de-educacao-de-indaiatuba-promove-capacitacao-para-1-559-profissionais-da-rede\/","title":{"rendered":"Secretaria de Educa\u00e7\u00e3o de Indaiatuba promove capacita\u00e7\u00e3o para 1.559 profissionais da Rede"},"content":{"rendered":"<div class=\"imais-before-content-placement\" id=\"imais-232119886\"><script async src=\"\/\/pagead2.googlesyndication.com\/pagead\/js\/adsbygoogle.js?client=ca-pub-8787528412751566\" crossorigin=\"anonymous\"><\/script><ins class=\"adsbygoogle\" style=\"display:block;\" data-ad-client=\"ca-pub-8787528412751566\" \ndata-ad-slot=\"\" \ndata-ad-format=\"auto\"><\/ins>\n<script> \n(adsbygoogle = window.adsbygoogle || []).push({}); \n<\/script>\n<\/div>\n<p><em><small>Foram mais de 30 temas abordados em mais de 230 horas de forma\u00e7\u00e3o<\/small><\/em><\/p>\n\n\n\n<p>O per\u00edodo que antecedeu o retorno dos alunos \u00e0s unidades escolares foi de muito trabalho e aprendizado para os profissionais da Rede Municipal de Indaiatuba. Desde o in\u00edcio do ano a Secretaria de Educa\u00e7\u00e3o promoveu mais de 230 horas de forma\u00e7\u00f5es, com mais de 30 temas abordados, que envolveu 37 profissionais e capacitou 190 novos funcion\u00e1rios e outros 1.245 professores j\u00e1 inseridos na Rede. O objetivo \u00e9 proporcionar a forma\u00e7\u00e3o continuada para construir escolas, cidad\u00e3os e profissionais mais competentes, \u00e9ticos e humanos.<\/p>\n\n\n\n<p>As forma\u00e7\u00f5es foram organizadas com o intuito de contribuir na qualidade de ensino, onde \u00e9 necess\u00e1ria uma qualifica\u00e7\u00e3o profissional e pessoal. As capacita\u00e7\u00f5es foram realizadas pelas equipes do N\u00facleo de Forma\u00e7\u00e3o Continuada de Indaiatuba, Professores Supervisores Educacionais, Professores Orientadores Pedag\u00f3gicos, Professores refer\u00eancias de \u00e1reas&nbsp;e Niape (N\u00facleo Integrado de Apoio Pedag\u00f3gico). As forma\u00e7\u00f5es ocorreram no per\u00edodo de 3 a 31 de janeiro pelas equipes da&nbsp;Secretaria de Educa\u00e7\u00e3o sediadas nas depend\u00eancias do Bosque do Saber e Complexo Educacional Professora Laura Fahl.<\/p>\n\n\n\n<p>Em 1 de fevereiro os formadores do Sistema de Ensino SESI trabalharam com os professores da rede municipal conversando sobre documenta\u00e7\u00e3o pedag\u00f3gica para professores da pr\u00e9-escola e sequ\u00eancia did\u00e1tica no Ensino Fundamental Regular. Houve tamb\u00e9m a respeito de concep\u00e7\u00f5es e pr\u00e1ticas pedag\u00f3gicas com professores da Educa\u00e7\u00e3o F\u00edsica e de Arte. Com os professores de Filosofia foi ministrado pelo Professor Refer\u00eancia da Rede Municipal de Ensino, a respeito do trabalho de filosofia com crian\u00e7as.&nbsp;Nesta mesma data iniciou a capacita\u00e7\u00e3o para o trabalho pedag\u00f3gico de Rob\u00f3tica Educacional com 35 professores. Tamb\u00e9m aconteceram reuni\u00f5es espec\u00edficas nas Unidades Escolares para professoras de oficinas nas escolas de per\u00edodo integral e creche.<\/p>\n\n\n\n<p>As forma\u00e7\u00f5es continuar\u00e3o acontecendo ao longo do ano, pois atrav\u00e9s das constantes capacita\u00e7\u00f5es a Secretaria de Educa\u00e7\u00e3o visa contribuir para a atualiza\u00e7\u00e3o do projeto pedag\u00f3gico da escola e garantindo o protagonismo da crian\u00e7a.<\/p>\n\n\n\n<p>Os temas de janeiro desenvolvidos foram:\u00a0Acolhimento, responsabiliza\u00e7\u00e3o e \u00e9tica; Rotina da creche; Diretrizes gerais do trabalho pedag\u00f3gico; Rotina do Professor Coordenador e atribui\u00e7\u00f5es correlatas; Estudo do 1\u00ba arranjo na Pr\u00e9-Escola; O trabalho da Educa\u00e7\u00e3o Especial Inclusiva; Estudo de 1 unidade do Sistema de Ensino SESI; Organiza\u00e7\u00e3o trabalho pedag\u00f3gico da Educa\u00e7\u00e3o Especial Inclusiva, Arte, Educa\u00e7\u00e3o F\u00edsica e Filosofia; O papel formativo na escola; Brinquedos e brincadeiras na creche; A crian\u00e7a e a natureza; Conta\u00e7\u00e3o de hist\u00f3rias para crian\u00e7as pequenas e bem pequenas; Vida funcional; Sa\u00fade Vocal; Recursos Tecnol\u00f3gicos; Hip\u00f3tese de escrita; \u00a0Africanidade e Cultura Ind\u00edgena; Jogos de Racioc\u00ednio; Coensino, PDI e Sala de Recursos; Avalia\u00e7\u00e3o da Rede Municipal; Desenvolvimento Infantil; Direitos de aprendizagem (BNCC); Desenvolvimento Motor; Cuidar e educar; Estimula\u00e7\u00e3o sensorial;\u00a0Musicaliza\u00e7\u00e3o; Educa\u00e7\u00e3o inclusiva e Rotina da crian\u00e7a autista.<\/p>\n\n\n\n<p><\/p>\n","protected":false},"excerpt":{"rendered":"<p>Foram mais de 30 temas abordados em mais de 230 horas de forma\u00e7\u00e3o O per\u00edodo que antecedeu o retorno dos alunos \u00e0s unidades escolares foi de muito trabalho e aprendizado para os profissionais da Rede Municipal de Indaiatuba. Desde o in\u00edcio do ano a Secretaria de Educa\u00e7\u00e3o promoveu mais de 230 horas de forma\u00e7\u00f5es, com [&hellip;]<\/p>\n","protected":false},"author":8,"featured_media":11790,"comment_status":"closed","ping_status":"open","sticky":false,"template":"","format":"standard","meta":{"rop_custom_images_group":[],"rop_custom_messages_group":[],"rop_publish_now":"initial","rop_publish_now_accounts":[],"rop_publish_now_history":[],"rop_publish_now_status":"pending","footnotes":""},"categories":[188],"tags":[73],"class_list":["post-11789","post","type-post","status-publish","format-standard","has-post-thumbnail","hentry","category-indaiatuba","tag-featured"],"amp_enabled":true,"_links":{"self":[{"href":"https:\/\/imais.online\/portal\/wp-json\/wp\/v2\/posts\/11789","targetHints":{"allow":["GET"]}}],"collection":[{"href":"https:\/\/imais.online\/portal\/wp-json\/wp\/v2\/posts"}],"about":[{"href":"https:\/\/imais.online\/portal\/wp-json\/wp\/v2\/types\/post"}],"author":[{"embeddable":true,"href":"https:\/\/imais.online\/portal\/wp-json\/wp\/v2\/users\/8"}],"replies":[{"embeddable":true,"href":"https:\/\/imais.online\/portal\/wp-json\/wp\/v2\/comments?post=11789"}],"version-history":[{"count":1,"href":"https:\/\/imais.online\/portal\/wp-json\/wp\/v2\/posts\/11789\/revisions"}],"predecessor-version":[{"id":11791,"href":"https:\/\/imais.online\/portal\/wp-json\/wp\/v2\/posts\/11789\/revisions\/11791"}],"wp:featuredmedia":[{"embeddable":true,"href":"https:\/\/imais.online\/portal\/wp-json\/wp\/v2\/media\/11790"}],"wp:attachment":[{"href":"https:\/\/imais.online\/portal\/wp-json\/wp\/v2\/media?parent=11789"}],"wp:term":[{"taxonomy":"category","embeddable":true,"href":"https:\/\/imais.online\/portal\/wp-json\/wp\/v2\/categories?post=11789"},{"taxonomy":"post_tag","embeddable":true,"href":"https:\/\/imais.online\/portal\/wp-json\/wp\/v2\/tags?post=11789"}],"curies":[{"name":"wp","href":"https:\/\/api.w.org\/{rel}","templated":true}]}}