{"id":11792,"date":"2023-02-15T09:38:37","date_gmt":"2023-02-15T12:38:37","guid":{"rendered":"https:\/\/imais.online\/portal\/?p=11792"},"modified":"2023-02-15T09:38:38","modified_gmt":"2023-02-15T12:38:38","slug":"guarda-civil-de-indaiatuba-apreende-veiculo-de-luxo-envolvido-em-estelionato","status":"publish","type":"post","link":"https:\/\/imais.online\/portal\/guarda-civil-de-indaiatuba-apreende-veiculo-de-luxo-envolvido-em-estelionato\/","title":{"rendered":"Guarda Civil de Indaiatuba apreende ve\u00edculo de luxo envolvido em estelionato"},"content":{"rendered":"<div class=\"imais-before-content-placement\" id=\"imais-3505542819\"><script async src=\"\/\/pagead2.googlesyndication.com\/pagead\/js\/adsbygoogle.js?client=ca-pub-8787528412751566\" crossorigin=\"anonymous\"><\/script><ins class=\"adsbygoogle\" style=\"display:block;\" data-ad-client=\"ca-pub-8787528412751566\" \ndata-ad-slot=\"\" \ndata-ad-format=\"auto\"><\/ins>\n<script> \n(adsbygoogle = window.adsbygoogle || []).push({}); \n<\/script>\n<\/div>\n<p class=\"has-text-align-center\">A Guarda Civil de Indaiatuba apreendeu na noite de domingo um ve\u00edculo de luxo, com queixa de estelionato.<\/p>\n\n\n\n<p>O caso aconteceu no Bairro Helvetia.A equipe do GAP (Grupo de A\u00e7\u00f5es de Policiamento Especial) realizava o patrulhamento preventivo do bairro, quando o COI (Centro de Opera\u00e7\u00f5es e Intelig\u00eancia) informou a equipe sobre um caminh\u00e3o guincho transitando pelo desvio do ped\u00e1gio com a placa ileg\u00edvel. Imediatamente a equipe seguiu para realizar a abordagem do ve\u00edculo e localizou o caminh\u00e3o, que transportava um carro de luxo avaliado em mais de R$ 8 milh\u00f5es, acessando a Rodovia Santos Dumont.<\/p>\n\n\n\n<p>Ao averiguar a situa\u00e7\u00e3o, os agentes descobriram que o carro que estava sendo transportado pelo guincho possu\u00eda uma queixa de estelionato. Tudo foi apresentado na delegacia de pol\u00edcia, onde a autoridade policial tomou as medidas cab\u00edveis a pol\u00edcia judici\u00e1ria. O ve\u00edculo com queixa de estelionato foi recolhido a um p\u00e1tio credenciado pelo Poder P\u00fablico.<\/p>\n","protected":false},"excerpt":{"rendered":"<p>A Guarda Civil de Indaiatuba apreendeu na noite de domingo um ve\u00edculo de luxo, com queixa de estelionato. O caso aconteceu no Bairro Helvetia.A equipe do GAP (Grupo de A\u00e7\u00f5es de Policiamento Especial) realizava o patrulhamento preventivo do bairro, quando o COI (Centro de Opera\u00e7\u00f5es e Intelig\u00eancia) informou a equipe sobre um caminh\u00e3o guincho transitando [&hellip;]<\/p>\n","protected":false},"author":7,"featured_media":11793,"comment_status":"closed","ping_status":"open","sticky":false,"template":"","format":"standard","meta":{"rop_custom_images_group":[],"rop_custom_messages_group":[],"rop_publish_now":"initial","rop_publish_now_accounts":[],"rop_publish_now_history":[],"rop_publish_now_status":"pending","footnotes":""},"categories":[188],"tags":[],"class_list":["post-11792","post","type-post","status-publish","format-standard","has-post-thumbnail","hentry","category-indaiatuba"],"amp_enabled":true,"_links":{"self":[{"href":"https:\/\/imais.online\/portal\/wp-json\/wp\/v2\/posts\/11792","targetHints":{"allow":["GET"]}}],"collection":[{"href":"https:\/\/imais.online\/portal\/wp-json\/wp\/v2\/posts"}],"about":[{"href":"https:\/\/imais.online\/portal\/wp-json\/wp\/v2\/types\/post"}],"author":[{"embeddable":true,"href":"https:\/\/imais.online\/portal\/wp-json\/wp\/v2\/users\/7"}],"replies":[{"embeddable":true,"href":"https:\/\/imais.online\/portal\/wp-json\/wp\/v2\/comments?post=11792"}],"version-history":[{"count":1,"href":"https:\/\/imais.online\/portal\/wp-json\/wp\/v2\/posts\/11792\/revisions"}],"predecessor-version":[{"id":11794,"href":"https:\/\/imais.online\/portal\/wp-json\/wp\/v2\/posts\/11792\/revisions\/11794"}],"wp:featuredmedia":[{"embeddable":true,"href":"https:\/\/imais.online\/portal\/wp-json\/wp\/v2\/media\/11793"}],"wp:attachment":[{"href":"https:\/\/imais.online\/portal\/wp-json\/wp\/v2\/media?parent=11792"}],"wp:term":[{"taxonomy":"category","embeddable":true,"href":"https:\/\/imais.online\/portal\/wp-json\/wp\/v2\/categories?post=11792"},{"taxonomy":"post_tag","embeddable":true,"href":"https:\/\/imais.online\/portal\/wp-json\/wp\/v2\/tags?post=11792"}],"curies":[{"name":"wp","href":"https:\/\/api.w.org\/{rel}","templated":true}]}}