{"id":11807,"date":"2023-02-15T14:14:06","date_gmt":"2023-02-15T17:14:06","guid":{"rendered":"https:\/\/imais.online\/portal\/?p=11807"},"modified":"2023-02-15T14:14:09","modified_gmt":"2023-02-15T17:14:09","slug":"secretaria-de-governo-abre-inscricoes-para-o-novo-ciclo-do-programa-mais-brasil","status":"publish","type":"post","link":"https:\/\/imais.online\/portal\/secretaria-de-governo-abre-inscricoes-para-o-novo-ciclo-do-programa-mais-brasil\/","title":{"rendered":"Secretaria de Governo abre inscri\u00e7\u00f5es para o novo ciclo do Programa Mais Brasil"},"content":{"rendered":"<div class=\"imais-before-content-placement\" id=\"imais-2878150942\"><script async src=\"\/\/pagead2.googlesyndication.com\/pagead\/js\/adsbygoogle.js?client=ca-pub-8787528412751566\" crossorigin=\"anonymous\"><\/script><ins class=\"adsbygoogle\" style=\"display:block;\" data-ad-client=\"ca-pub-8787528412751566\" \ndata-ad-slot=\"\" \ndata-ad-format=\"auto\"><\/ins>\n<script> \n(adsbygoogle = window.adsbygoogle || []).push({}); \n<\/script>\n<\/div>\n<p><em><small>Cadastros poder\u00e3o ser realizados at\u00e9 o dia 18 de fevereiro<\/small><\/em><\/p>\n\n\n\n<p>A Prefeitura de Indaiatuba, por meio da Secretaria de Governo e do Sebrae Aqui&nbsp; abre as inscri\u00e7\u00f5es para o novo ciclo do Programa Brasil Mais. Os interessados em participar podem se inscrever pelo&nbsp;<a href=\"https:\/\/forms.office.com\/pages\/responsepage.aspx?id=XLVgbXYlYE2uMxHfDqB5g7_Lt8T9AeNCmKACmoD8ARtUMUhLRzA1NVEzRDFHSVpCRlVPMlNTRlc1VC4u\">link<\/a>&nbsp;at\u00e9 o dia 18 de fevereiro. Poder\u00e3o participar &nbsp;para obter o acompanhamento t\u00e9cnico e gratuito dos Agentes Locais de Inova\u00e7\u00e3o (ALI) as microempresas e de pequeno porte,&nbsp; na \u00e1rea de ind\u00fastria, com\u00e9rcio e prestadores de servi\u00e7os.<\/p>\n\n\n\n<p>O objetivo \u00e9 incentivar o aumento da produtividade e faturamento das empresas. Para preencher os requisitos desse programa, as microempresas precisam ter o teto de faturamento de at\u00e9 R$360 mil e as de pequeno porte de no m\u00e1ximo R$4,8milh\u00f5es anuais. A proposta \u00e9 atender os empres\u00e1rios que estejam motivados para iniciar um processo de inova\u00e7\u00e3o com interesse em melhorar os resultados da sua empresa. Al\u00e9m de ter a disponibilidade de 1 hora semanal para reuni\u00f5es ou atividades, com atendimento personalizado por at\u00e9 5 meses.<\/p>\n\n\n\n<p>Conte\u00fado<\/p>\n\n\n\n<p>\u00b7&nbsp;&nbsp;&nbsp;&nbsp;&nbsp;&nbsp;&nbsp;&nbsp;&nbsp;Diagnosticar o perfil de inova\u00e7\u00e3o empresarial<\/p>\n\n\n\n<p>\u00b7&nbsp;&nbsp;&nbsp;&nbsp;&nbsp;&nbsp;&nbsp;&nbsp;&nbsp;Ter encontros individuais e personalizados<\/p>\n\n\n\n<p>\u00b7&nbsp;&nbsp;&nbsp;&nbsp;&nbsp;&nbsp;&nbsp;&nbsp;&nbsp;Participar de reuni\u00f5es empresariais coletivas<\/p>\n\n\n\n<p>\u00b7&nbsp;&nbsp;&nbsp;&nbsp;&nbsp;&nbsp;&nbsp;&nbsp;&nbsp;Mapear as dificuldades do seu neg\u00f3cio<\/p>\n\n\n\n<p>\u00b7&nbsp;&nbsp;&nbsp;&nbsp;&nbsp;&nbsp;&nbsp;&nbsp;&nbsp;Conhecer consultorias especializadas opcionais<\/p>\n\n\n\n<p>\u00b7&nbsp;&nbsp;&nbsp;&nbsp;&nbsp;&nbsp;&nbsp;&nbsp;&nbsp;Desenvolver e implantar solu\u00e7\u00f5es<\/p>\n\n\n\n<p>\u00b7&nbsp;&nbsp;&nbsp;&nbsp;&nbsp;&nbsp;&nbsp;&nbsp;&nbsp;Mensurar os indicadores da sua empresa<\/p>\n\n\n\n<p>\u00b7&nbsp;&nbsp;&nbsp;&nbsp;&nbsp;&nbsp;&nbsp;&nbsp;&nbsp;Acompanhar a finaliza\u00e7\u00e3o do programa.<\/p>\n\n\n\n<p><strong>Servi\u00e7o<\/strong><\/p>\n\n\n\n<p><strong>Inscri\u00e7\u00f5es:&nbsp;<\/strong>at\u00e9 dia 18 de fevereiro.<strong><\/strong><\/p>\n\n\n\n<p><strong><a href=\"https:\/\/forms.office.com\/pages\/responsepage.aspx?id=XLVgbXYlYE2uMxHfDqB5g7_Lt8T9AeNCmKACmoD8ARtUMUhLRzA1NVEzRDFHSVpCRlVPMlNTRlc1VC4u\">Link de inscri\u00e7\u00e3o<\/a><\/strong><\/p>\n","protected":false},"excerpt":{"rendered":"<p>Cadastros poder\u00e3o ser realizados at\u00e9 o dia 18 de fevereiro A Prefeitura de Indaiatuba, por meio da Secretaria de Governo e do Sebrae Aqui&nbsp; abre as inscri\u00e7\u00f5es para o novo ciclo do Programa Brasil Mais. Os interessados em participar podem se inscrever pelo&nbsp;link&nbsp;at\u00e9 o dia 18 de fevereiro. Poder\u00e3o participar &nbsp;para obter o acompanhamento t\u00e9cnico [&hellip;]<\/p>\n","protected":false},"author":8,"featured_media":11808,"comment_status":"closed","ping_status":"open","sticky":false,"template":"","format":"standard","meta":{"rop_custom_images_group":[],"rop_custom_messages_group":[],"rop_publish_now":"initial","rop_publish_now_accounts":[],"rop_publish_now_history":[],"rop_publish_now_status":"pending","footnotes":""},"categories":[188],"tags":[],"class_list":["post-11807","post","type-post","status-publish","format-standard","has-post-thumbnail","hentry","category-indaiatuba"],"amp_enabled":true,"_links":{"self":[{"href":"https:\/\/imais.online\/portal\/wp-json\/wp\/v2\/posts\/11807","targetHints":{"allow":["GET"]}}],"collection":[{"href":"https:\/\/imais.online\/portal\/wp-json\/wp\/v2\/posts"}],"about":[{"href":"https:\/\/imais.online\/portal\/wp-json\/wp\/v2\/types\/post"}],"author":[{"embeddable":true,"href":"https:\/\/imais.online\/portal\/wp-json\/wp\/v2\/users\/8"}],"replies":[{"embeddable":true,"href":"https:\/\/imais.online\/portal\/wp-json\/wp\/v2\/comments?post=11807"}],"version-history":[{"count":1,"href":"https:\/\/imais.online\/portal\/wp-json\/wp\/v2\/posts\/11807\/revisions"}],"predecessor-version":[{"id":11809,"href":"https:\/\/imais.online\/portal\/wp-json\/wp\/v2\/posts\/11807\/revisions\/11809"}],"wp:featuredmedia":[{"embeddable":true,"href":"https:\/\/imais.online\/portal\/wp-json\/wp\/v2\/media\/11808"}],"wp:attachment":[{"href":"https:\/\/imais.online\/portal\/wp-json\/wp\/v2\/media?parent=11807"}],"wp:term":[{"taxonomy":"category","embeddable":true,"href":"https:\/\/imais.online\/portal\/wp-json\/wp\/v2\/categories?post=11807"},{"taxonomy":"post_tag","embeddable":true,"href":"https:\/\/imais.online\/portal\/wp-json\/wp\/v2\/tags?post=11807"}],"curies":[{"name":"wp","href":"https:\/\/api.w.org\/{rel}","templated":true}]}}