{"id":11816,"date":"2023-02-15T14:41:22","date_gmt":"2023-02-15T17:41:22","guid":{"rendered":"https:\/\/imais.online\/portal\/?p=11816"},"modified":"2023-02-15T14:41:24","modified_gmt":"2023-02-15T17:41:24","slug":"servico-de-transporte-coletivo-funcionara-em-horario-especial-durante-carnaval","status":"publish","type":"post","link":"https:\/\/imais.online\/portal\/servico-de-transporte-coletivo-funcionara-em-horario-especial-durante-carnaval\/","title":{"rendered":"Servi\u00e7o de transporte coletivo funcionar\u00e1 em hor\u00e1rio especial durante Carnaval"},"content":{"rendered":"<div class=\"imais-before-content-placement\" id=\"imais-3136185611\"><script async src=\"\/\/pagead2.googlesyndication.com\/pagead\/js\/adsbygoogle.js?client=ca-pub-8787528412751566\" crossorigin=\"anonymous\"><\/script><ins class=\"adsbygoogle\" style=\"display:block;\" data-ad-client=\"ca-pub-8787528412751566\" \ndata-ad-slot=\"\" \ndata-ad-format=\"auto\"><\/ins>\n<script> \n(adsbygoogle = window.adsbygoogle || []).push({}); \n<\/script>\n<\/div>\n<p><em><small>Segunda-feira os \u00f4nibus circulam com escala de s\u00e1bado e na ter\u00e7a-feira, com escala de domingo<\/small><\/em><\/p>\n\n\n\n<p>O Departamento de Transporte da Secretaria Municipal de Administra\u00e7\u00e3o e a SOU Indaiatuba informam que os \u00f4nibus do servi\u00e7o de transporte coletivo urbano do munic\u00edpio funcionar\u00e3o em hor\u00e1rio especial na segunda (20\/02) e ter\u00e7a-feira (21\/02) de Carnaval. No s\u00e1bado (18\/02) e no domingo (19\/02) os hor\u00e1rios permanecem com a mesma escala j\u00e1 utilizada para os finais de semana.<\/p>\n\n\n\n<p>Na segunda-feira o servi\u00e7o funcionar\u00e1 com a escala de hor\u00e1rios utilizada aos s\u00e1bados, e ser\u00e1 inclu\u00edda na programa\u00e7\u00e3o a linha 325 e as linhas 326 e 330 para refor\u00e7ar o atendimento \u00e0 regi\u00e3o do Distrito Industrial. J\u00e1 na ter\u00e7a-feira (21\/02) os \u00f4nibus circular\u00e3o com hor\u00e1rio de domingo, e tamb\u00e9m ter\u00e3o o refor\u00e7o das linhas 326 e 330. Na quarta-feira o transporte coletivo retomar\u00e1 a escala normal dos dias \u00fateis.<\/p>\n\n\n\n<p>Os itiner\u00e1rios das linhas 305 e 317 ser\u00e3o alterados na sexta-feira (17\/02), das 18h \u00e0s 22h, por conta do desfile do bloco S\u00f3 Vou se Voc\u00ea For, que acontecer\u00e1 na avenida Presidente Vargas, altura do n\u00famero 734 ao 1045. A linha 305, em ambos os sentidos, seguir\u00e1 normal pela Vargas, acessar\u00e1 a avenida Visconde de Indaiatuba, avenida dos Trabalhadores, avenida Presidente Kennedy e depois seguir\u00e1 trajeto habitual. J\u00e1 a 317, somente sentido bairro-centro, seguir\u00e1 pela avenida Presidente Kennedy, avenida dos trabalhadores, Visconde de Indaiatuba, Presidente Vargas e depois seguir\u00e1 normal.<\/p>\n\n\n\n<p>Na segunda-feira, especificamente a partir das 14h, assim como em anos anteriores, haver\u00e1 altera\u00e7\u00e3o do itiner\u00e1rio das linhas impactadas pelas interdi\u00e7\u00f5es de tr\u00e2nsito para a realiza\u00e7\u00e3o dos eventos de Carnaval na pra\u00e7a Prudente de Moraes. Como n\u00e3o ser\u00e1 poss\u00edvel acessar a pra\u00e7a Dom Pedro, todas as linhas sentido bairro-centro e centro\u2013bairro, a partir das 14h, realizar\u00e3o o embarque e desembarque no Terminal Central do Ponto Cidad\u00e3o. No caso espec\u00edfico da linha 331, sentido bairro-centro, n\u00e3o poder\u00e1 circular pela rua 11 de Junho, devendo acessar o Terminal Central pela avenida Presidente Kenedy, avenida Presidente Vargas e Terminal Central. No sentido centro-bairro, o \u00f4nibus dever\u00e1 descer diretamente pela rua 24 de Maio.<\/p>\n\n\n\n<p><strong>Pontos de Taxi<\/strong><\/p>\n\n\n\n<p>No s\u00e1bado (18\/02), a partir das 15h, com as interdi\u00e7\u00f5es no entorno da pra\u00e7a Prudente de Moraes e, consequentemente, do acesso \u00e0 rua Candel\u00e1ria, os taxistas ser\u00e3o remanejados para a pra\u00e7a Dom Pedro, no estacionamento da rua 11 de Junho. No domingo (19\/02), devido \u00e0 feira na Pra\u00e7a Dom Pedro, esses taxistas ficar\u00e3o no ponto de Taxi do Ponto Cidad\u00e3o, at\u00e9 as 14h.<\/p>\n\n\n\n<p>Na segunda-feira (20\/02), com o fechamento da Pra\u00e7a Dom Pedro pela rua Padre Bento Pacheco, os taxistas desse ponto e os taxistas da Pra\u00e7a Prudente de Moraes, ficar\u00e3o no lado oposto da Pra\u00e7a Dom Pedro, nas vagas do estacionamento da Rua 11 de Junho, a partir das 15h.<\/p>\n","protected":false},"excerpt":{"rendered":"<p>Segunda-feira os \u00f4nibus circulam com escala de s\u00e1bado e na ter\u00e7a-feira, com escala de domingo O Departamento de Transporte da Secretaria Municipal de Administra\u00e7\u00e3o e a SOU Indaiatuba informam que os \u00f4nibus do servi\u00e7o de transporte coletivo urbano do munic\u00edpio funcionar\u00e3o em hor\u00e1rio especial na segunda (20\/02) e ter\u00e7a-feira (21\/02) de Carnaval. No s\u00e1bado (18\/02) [&hellip;]<\/p>\n","protected":false},"author":8,"featured_media":11817,"comment_status":"closed","ping_status":"open","sticky":false,"template":"","format":"standard","meta":{"rop_custom_images_group":[],"rop_custom_messages_group":[],"rop_publish_now":"initial","rop_publish_now_accounts":[],"rop_publish_now_history":[],"rop_publish_now_status":"pending","footnotes":""},"categories":[188],"tags":[],"class_list":["post-11816","post","type-post","status-publish","format-standard","has-post-thumbnail","hentry","category-indaiatuba"],"amp_enabled":true,"_links":{"self":[{"href":"https:\/\/imais.online\/portal\/wp-json\/wp\/v2\/posts\/11816","targetHints":{"allow":["GET"]}}],"collection":[{"href":"https:\/\/imais.online\/portal\/wp-json\/wp\/v2\/posts"}],"about":[{"href":"https:\/\/imais.online\/portal\/wp-json\/wp\/v2\/types\/post"}],"author":[{"embeddable":true,"href":"https:\/\/imais.online\/portal\/wp-json\/wp\/v2\/users\/8"}],"replies":[{"embeddable":true,"href":"https:\/\/imais.online\/portal\/wp-json\/wp\/v2\/comments?post=11816"}],"version-history":[{"count":1,"href":"https:\/\/imais.online\/portal\/wp-json\/wp\/v2\/posts\/11816\/revisions"}],"predecessor-version":[{"id":11818,"href":"https:\/\/imais.online\/portal\/wp-json\/wp\/v2\/posts\/11816\/revisions\/11818"}],"wp:featuredmedia":[{"embeddable":true,"href":"https:\/\/imais.online\/portal\/wp-json\/wp\/v2\/media\/11817"}],"wp:attachment":[{"href":"https:\/\/imais.online\/portal\/wp-json\/wp\/v2\/media?parent=11816"}],"wp:term":[{"taxonomy":"category","embeddable":true,"href":"https:\/\/imais.online\/portal\/wp-json\/wp\/v2\/categories?post=11816"},{"taxonomy":"post_tag","embeddable":true,"href":"https:\/\/imais.online\/portal\/wp-json\/wp\/v2\/tags?post=11816"}],"curies":[{"name":"wp","href":"https:\/\/api.w.org\/{rel}","templated":true}]}}