{"id":11847,"date":"2023-02-16T14:20:13","date_gmt":"2023-02-16T17:20:13","guid":{"rendered":"https:\/\/imais.online\/portal\/?p=11847"},"modified":"2023-02-16T14:20:16","modified_gmt":"2023-02-16T17:20:16","slug":"prefeitura-inicia-o-envio-dos-avisos-de-lancamento-do-alvara-nesta-quarta-22","status":"publish","type":"post","link":"https:\/\/imais.online\/portal\/prefeitura-inicia-o-envio-dos-avisos-de-lancamento-do-alvara-nesta-quarta-22\/","title":{"rendered":"Prefeitura inicia o envio dos avisos de lan\u00e7amento do Alvar\u00e1 nesta quarta (22)"},"content":{"rendered":"<div class=\"imais-before-content-placement\" id=\"imais-188743846\"><script async src=\"\/\/pagead2.googlesyndication.com\/pagead\/js\/adsbygoogle.js?client=ca-pub-8787528412751566\" crossorigin=\"anonymous\"><\/script><ins class=\"adsbygoogle\" style=\"display:block;\" data-ad-client=\"ca-pub-8787528412751566\" \ndata-ad-slot=\"\" \ndata-ad-format=\"auto\"><\/ins>\n<script> \n(adsbygoogle = window.adsbygoogle || []).push({}); \n<\/script>\n<\/div>\n<p><em><small>Aqueles que optarem pelo pagamento em cota \u00fanica ter\u00e3o desconto de 3%<\/small><\/em><\/p>\n\n\n\n<p>A Prefeitura de Indaiatuba encaminhar\u00e1 na quinta-feira (16) os avisos de lan\u00e7amentos do Alvar\u00e1 (Tributos Mobili\u00e1rios), que ser\u00e1 distribu\u00eddo pelos Correios a partir do dia 22. O imposto poder\u00e1 ser pago em cota \u00fanica com data de vencimento em 13 de mar\u00e7o ou parcelado em at\u00e9 dez vezes com o vencimento da primeira parcela em 20 de mar\u00e7o. De acordo com o Departamento de Rendas Mobili\u00e1rias, vinculado \u00e0 Secretaria da Fazenda, aqueles que optarem pelo pagamento em cota \u00fanica ter\u00e3o desconto de 3%, conforme decreto 14761\/2023.<\/p>\n\n\n\n<p>Todas informa\u00e7\u00f5es est\u00e3o disponibilizadas eletronicamente a partir de 22 de fevereiro no site da Prefeitura &#8211;&nbsp;<a href=\"https:\/\/www.indaiatuba.sp.gov.br\/fazenda\/rendas-mobiliarias\/aviso-lancamento-tributo-mobiliario\/\">https:\/\/www.indaiatuba.sp.gov.br\/fazenda\/rendas-mobiliarias\/aviso-lancamento-tributo-mobiliario\/<\/a>&nbsp;ou atrav\u00e9s do Minha Indaiatuba &#8211;&nbsp;<a href=\"https:\/\/minha.indaiatuba.sp.gov.br\/\">https:\/\/minha.indaiatuba.sp.gov.br\/<\/a>.<\/p>\n\n\n\n<p>A novidade \u00e9 que o pagamento tamb\u00e9m poder\u00e1 ser realizado via PIX.&nbsp; A Secretaria da Fazenda refor\u00e7a que o pagamento do Alvar\u00e1, assim como qualquer outro tributo devido \u00e0 Administra\u00e7\u00e3o Municipal, deve ser efetuado exclusivamente em bancos credenciados. At\u00e9 a data do vencimento, o d\u00e9bito pode ser quitado nas ag\u00eancias da Caixa Econ\u00f4mica Federal, Casas Lot\u00e9ricas, Banco Postal ou nos meios eletr\u00f4nicos, como caixa eletr\u00f4nico e internet banking dos Bancos: Bradesco, Banco do Brasil, Caixa, Ita\u00fa, Santander, SICOOB e Sicredi.<\/p>\n\n\n\n<p>A Taxa de Licen\u00e7a para Abertura, Localiza\u00e7\u00e3o e Funcionamento \u00e9 cobrada dos propriet\u00e1rios de estabelecimentos comerciais, ind\u00fastrias, prestadores de servi\u00e7os e profissionais liberais. J\u00e1 o ISSQN (Imposto Sobre Servi\u00e7o de Qualquer Natureza) Fixo \u00e9 o imposto devido por profissionais liberais e aut\u00f4nomos, e a Taxa de Licen\u00e7a para Publicidade, pelos estabelecimentos que se utilizam de publicidade interna e, em alguns casos, externa.&nbsp;<\/p>\n","protected":false},"excerpt":{"rendered":"<p>Aqueles que optarem pelo pagamento em cota \u00fanica ter\u00e3o desconto de 3% A Prefeitura de Indaiatuba encaminhar\u00e1 na quinta-feira (16) os avisos de lan\u00e7amentos do Alvar\u00e1 (Tributos Mobili\u00e1rios), que ser\u00e1 distribu\u00eddo pelos Correios a partir do dia 22. O imposto poder\u00e1 ser pago em cota \u00fanica com data de vencimento em 13 de mar\u00e7o ou [&hellip;]<\/p>\n","protected":false},"author":8,"featured_media":11848,"comment_status":"closed","ping_status":"open","sticky":false,"template":"","format":"standard","meta":{"rop_custom_images_group":[],"rop_custom_messages_group":[],"rop_publish_now":"initial","rop_publish_now_accounts":[],"rop_publish_now_history":[],"rop_publish_now_status":"pending","footnotes":""},"categories":[188],"tags":[],"class_list":["post-11847","post","type-post","status-publish","format-standard","has-post-thumbnail","hentry","category-indaiatuba"],"amp_enabled":true,"_links":{"self":[{"href":"https:\/\/imais.online\/portal\/wp-json\/wp\/v2\/posts\/11847","targetHints":{"allow":["GET"]}}],"collection":[{"href":"https:\/\/imais.online\/portal\/wp-json\/wp\/v2\/posts"}],"about":[{"href":"https:\/\/imais.online\/portal\/wp-json\/wp\/v2\/types\/post"}],"author":[{"embeddable":true,"href":"https:\/\/imais.online\/portal\/wp-json\/wp\/v2\/users\/8"}],"replies":[{"embeddable":true,"href":"https:\/\/imais.online\/portal\/wp-json\/wp\/v2\/comments?post=11847"}],"version-history":[{"count":1,"href":"https:\/\/imais.online\/portal\/wp-json\/wp\/v2\/posts\/11847\/revisions"}],"predecessor-version":[{"id":11849,"href":"https:\/\/imais.online\/portal\/wp-json\/wp\/v2\/posts\/11847\/revisions\/11849"}],"wp:featuredmedia":[{"embeddable":true,"href":"https:\/\/imais.online\/portal\/wp-json\/wp\/v2\/media\/11848"}],"wp:attachment":[{"href":"https:\/\/imais.online\/portal\/wp-json\/wp\/v2\/media?parent=11847"}],"wp:term":[{"taxonomy":"category","embeddable":true,"href":"https:\/\/imais.online\/portal\/wp-json\/wp\/v2\/categories?post=11847"},{"taxonomy":"post_tag","embeddable":true,"href":"https:\/\/imais.online\/portal\/wp-json\/wp\/v2\/tags?post=11847"}],"curies":[{"name":"wp","href":"https:\/\/api.w.org\/{rel}","templated":true}]}}