{"id":11850,"date":"2023-02-16T14:29:22","date_gmt":"2023-02-16T17:29:22","guid":{"rendered":"https:\/\/imais.online\/portal\/?p=11850"},"modified":"2023-02-16T14:29:26","modified_gmt":"2023-02-16T17:29:26","slug":"9a-edicao-da-feira-das-industrias-acontece-de-23-a-25-de-maio","status":"publish","type":"post","link":"https:\/\/imais.online\/portal\/9a-edicao-da-feira-das-industrias-acontece-de-23-a-25-de-maio\/","title":{"rendered":"9\u00aa edi\u00e7\u00e3o da Feira das Ind\u00fastrias acontece de 23 a 25 de maio"},"content":{"rendered":"<div class=\"imais-before-content-placement\" id=\"imais-1527650362\"><script async src=\"\/\/pagead2.googlesyndication.com\/pagead\/js\/adsbygoogle.js?client=ca-pub-8787528412751566\" crossorigin=\"anonymous\"><\/script><ins class=\"adsbygoogle\" style=\"display:block;\" data-ad-client=\"ca-pub-8787528412751566\" \ndata-ad-slot=\"\" \ndata-ad-format=\"auto\"><\/ins>\n<script> \n(adsbygoogle = window.adsbygoogle || []).push({}); \n<\/script>\n<\/div>\n<p><em><small>Finalidade \u00e9 fomentar a economia local<\/small><\/em><\/p>\n\n\n\n<p>A Prefeitura de Indaiatuba, por meio da Secretaria de Governo, em parceria com a Associa\u00e7\u00e3o das Micro e Pequenas Empresas de Indaiatuba (Ampei) realiza a 9\u00aa edi\u00e7\u00e3o da Feira das Ind\u00fastrias no Espa\u00e7o Viber. O evento ser\u00e1 realizado nos dias 23, 24 e 25 de maio das 15h \u00e0s 22h, com entrada franca. As empresas interessadas em participar podem se cadastrar pelo&nbsp;<a href=\"https:\/\/feiradasindustrias.com.br\/\">link<\/a>.<\/p>\n\n\n\n<p>A feira \u00e9 destinada para os profissionais de pequenas, medias e grandes ind\u00fastrias de Indaiatuba e regi\u00e3o a fim de divulgar neg\u00f3cios entre expositores e movimentar a economia local. Contar\u00e1 com palestras, exposi\u00e7\u00e3o de equipamentos, networking, tecnologia, dentre outras a\u00e7\u00f5es. Em caso de d\u00favidas ou em busca de informa\u00e7\u00f5es sobre o evento entrar em contato pelo telefone (19) 3834-9360 ou procurar a Secretaria de Governo, localizada no Pa\u00e7o Municipal.<\/p>\n\n\n\n<p><strong>Servi\u00e7o<\/strong><\/p>\n\n\n\n<p>9\u00aa edi\u00e7\u00e3o da Feira das Ind\u00fastrias<\/p>\n\n\n\n<p><strong>Data:<\/strong>&nbsp;23,24 e 25 de maio de 2023.<\/p>\n\n\n\n<p><strong>Hor\u00e1rio:<\/strong>\u00a0das 15h \u00e0s 22h.<\/p>\n\n\n\n<p><\/p>\n","protected":false},"excerpt":{"rendered":"<p>Finalidade \u00e9 fomentar a economia local A Prefeitura de Indaiatuba, por meio da Secretaria de Governo, em parceria com a Associa\u00e7\u00e3o das Micro e Pequenas Empresas de Indaiatuba (Ampei) realiza a 9\u00aa edi\u00e7\u00e3o da Feira das Ind\u00fastrias no Espa\u00e7o Viber. O evento ser\u00e1 realizado nos dias 23, 24 e 25 de maio das 15h \u00e0s [&hellip;]<\/p>\n","protected":false},"author":8,"featured_media":11851,"comment_status":"closed","ping_status":"open","sticky":false,"template":"","format":"standard","meta":{"rop_custom_images_group":[],"rop_custom_messages_group":[],"rop_publish_now":"initial","rop_publish_now_accounts":[],"rop_publish_now_history":[],"rop_publish_now_status":"pending","footnotes":""},"categories":[188],"tags":[],"class_list":["post-11850","post","type-post","status-publish","format-standard","has-post-thumbnail","hentry","category-indaiatuba"],"amp_enabled":true,"_links":{"self":[{"href":"https:\/\/imais.online\/portal\/wp-json\/wp\/v2\/posts\/11850","targetHints":{"allow":["GET"]}}],"collection":[{"href":"https:\/\/imais.online\/portal\/wp-json\/wp\/v2\/posts"}],"about":[{"href":"https:\/\/imais.online\/portal\/wp-json\/wp\/v2\/types\/post"}],"author":[{"embeddable":true,"href":"https:\/\/imais.online\/portal\/wp-json\/wp\/v2\/users\/8"}],"replies":[{"embeddable":true,"href":"https:\/\/imais.online\/portal\/wp-json\/wp\/v2\/comments?post=11850"}],"version-history":[{"count":1,"href":"https:\/\/imais.online\/portal\/wp-json\/wp\/v2\/posts\/11850\/revisions"}],"predecessor-version":[{"id":11852,"href":"https:\/\/imais.online\/portal\/wp-json\/wp\/v2\/posts\/11850\/revisions\/11852"}],"wp:featuredmedia":[{"embeddable":true,"href":"https:\/\/imais.online\/portal\/wp-json\/wp\/v2\/media\/11851"}],"wp:attachment":[{"href":"https:\/\/imais.online\/portal\/wp-json\/wp\/v2\/media?parent=11850"}],"wp:term":[{"taxonomy":"category","embeddable":true,"href":"https:\/\/imais.online\/portal\/wp-json\/wp\/v2\/categories?post=11850"},{"taxonomy":"post_tag","embeddable":true,"href":"https:\/\/imais.online\/portal\/wp-json\/wp\/v2\/tags?post=11850"}],"curies":[{"name":"wp","href":"https:\/\/api.w.org\/{rel}","templated":true}]}}