{"id":11888,"date":"2023-02-17T10:42:25","date_gmt":"2023-02-17T13:42:25","guid":{"rendered":"https:\/\/imais.online\/portal\/?p=11888"},"modified":"2023-02-17T10:47:56","modified_gmt":"2023-02-17T13:47:56","slug":"cantora-sonia-di-morais-de-indaiatuba-lanca-single-no-spotify","status":"publish","type":"post","link":"https:\/\/imais.online\/portal\/cantora-sonia-di-morais-de-indaiatuba-lanca-single-no-spotify\/","title":{"rendered":"Cantora Sonia di Morais, de Indaiatuba, lan\u00e7a single no Spotify"},"content":{"rendered":"<div class=\"imais-before-content-placement\" id=\"imais-562625356\"><script async src=\"\/\/pagead2.googlesyndication.com\/pagead\/js\/adsbygoogle.js?client=ca-pub-8787528412751566\" crossorigin=\"anonymous\"><\/script><ins class=\"adsbygoogle\" style=\"display:block;\" data-ad-client=\"ca-pub-8787528412751566\" \ndata-ad-slot=\"\" \ndata-ad-format=\"auto\"><\/ins>\n<script> \n(adsbygoogle = window.adsbygoogle || []).push({}); \n<\/script>\n<\/div>\n<p>A can\u00e7\u00e3o \u201cQuem \u00e9 voc\u00ea?\u201d, composta e produzida por Luiz Macedo, com letra de Fernando Salem, \u00e9 o primeiro single da Sonia Di Morais dispon\u00edvel nas plataformas digitais.<\/p>\n\n\n\n<p>O novo lan\u00e7amento \u00e9 o primeiro de uma s\u00e9rie de novas outras composi\u00e7\u00f5es que dever\u00e3o ser lan\u00e7adas ainda este ano, com a programa\u00e7\u00e3o de um show especial.<\/p>\n\n\n\n<p>A m\u00fasica, \u201cQuem \u00e9 Voc\u00ea?\u201d, \u00e9 de autoria do produtor musical Luiz Macedo, bastante conhecido no meio musical, por ser um dos compositores da trilha sonora programa infantil \u201cCastelo-R\u00e1-Tim-Bum\u201d. A letra \u00e9 do roteirista e compositor Fernando Salem.<\/p>\n\n\n\n<p>Ou\u00e7a pelo Spotify:<\/p>\n\n\n<p><iframe loading=\"lazy\" style=\"border-radius: 12px;\" src=\"https:\/\/open.spotify.com\/embed\/album\/6W2eCVtXCJex0Ci4deqpVJ?utm_source=generator&amp;theme=0\" width=\"100%\" height=\"352\" frameborder=\"0\" allowfullscreen=\"allowfullscreen\"><\/iframe><\/p>\n\n\n<p><\/p>\n\n\n\n<p>Sonia Di Morais \u00e9 uma cantora, compositora, arranjadora e maestrina. Nascida em S\u00e3o Paulo, em 08 de junho de 1974, filha de pais nordestinos numa fam\u00edlia de 16 irm\u00e3os onde desde pequena foi motivada a cantar.<\/p>\n\n\n\n<p>Come\u00e7ou a cantar profissionalmente aos 21 anos e se formou em canto l\u00edrico, reg\u00eancia e especializa\u00e7\u00e3o em can\u00e7\u00e3o popular.<\/p>\n\n\n\n<p>Foi regente da Orquestra e Coral da Funda\u00e7\u00e3o Bradesco em Osasco \/SP e coordenadora do projeto de musicaliza\u00e7\u00e3o da mesma institui\u00e7\u00e3o entre 2001 a 2022.&nbsp; Regeu os Concertos de Natal da Lagoa Rodrigo de Freitas no Rio de Janeiro e Concertos de Abertura do Festival de M\u00fasica de Inverno em Campos do Jord\u00e3o por 12 anos, onde se apresentou com artistas dos mais importantes na cena musical brasileira, tais como Milton Nascimento, Simone, Ivan Lins, Gal Costa, entre outros.<\/p>\n\n\n\n<p>Seu trabalho como cantora \u00e9 baseado em can\u00e7\u00f5es pr\u00f3prias e interpreta\u00e7\u00f5es e ao longo de 2022 foi respons\u00e1vel pela dire\u00e7\u00e3o musical e arranjos de seus shows com o quarteto de cordas da Orquestra Sinf\u00f4nica de Indaiatuba.<\/p>\n\n\n<div class=\"wp-block-image\">\n<figure class=\"aligncenter size-full\"><img loading=\"lazy\" decoding=\"async\" width=\"300\" height=\"300\" src=\"https:\/\/imais.online\/portal\/wp-content\/uploads\/2023\/02\/6ab9834b3a190bce5ce016e89297f992.jpeg\" alt=\"\" class=\"wp-image-11890\" srcset=\"https:\/\/imais.online\/portal\/wp-content\/uploads\/2023\/02\/6ab9834b3a190bce5ce016e89297f992.jpeg 300w, https:\/\/imais.online\/portal\/wp-content\/uploads\/2023\/02\/6ab9834b3a190bce5ce016e89297f992-150x150.jpeg 150w, https:\/\/imais.online\/portal\/wp-content\/uploads\/2023\/02\/6ab9834b3a190bce5ce016e89297f992-80x80.jpeg 80w\" sizes=\"auto, (max-width: 300px) 100vw, 300px\" \/><\/figure>\n<\/div>","protected":false},"excerpt":{"rendered":"<p>A can\u00e7\u00e3o \u201cQuem \u00e9 voc\u00ea?\u201d, composta e produzida por Luiz Macedo, com letra de Fernando Salem, \u00e9 o primeiro single da Sonia Di Morais dispon\u00edvel nas plataformas digitais. O novo lan\u00e7amento \u00e9 o primeiro de uma s\u00e9rie de novas outras composi\u00e7\u00f5es que dever\u00e3o ser lan\u00e7adas ainda este ano, com a programa\u00e7\u00e3o de um show especial. [&hellip;]<\/p>\n","protected":false},"author":7,"featured_media":11889,"comment_status":"closed","ping_status":"open","sticky":false,"template":"","format":"standard","meta":{"rop_custom_images_group":[],"rop_custom_messages_group":[],"rop_publish_now":"initial","rop_publish_now_accounts":[],"rop_publish_now_history":[],"rop_publish_now_status":"pending","footnotes":""},"categories":[188],"tags":[],"class_list":["post-11888","post","type-post","status-publish","format-standard","has-post-thumbnail","hentry","category-indaiatuba"],"amp_enabled":true,"_links":{"self":[{"href":"https:\/\/imais.online\/portal\/wp-json\/wp\/v2\/posts\/11888","targetHints":{"allow":["GET"]}}],"collection":[{"href":"https:\/\/imais.online\/portal\/wp-json\/wp\/v2\/posts"}],"about":[{"href":"https:\/\/imais.online\/portal\/wp-json\/wp\/v2\/types\/post"}],"author":[{"embeddable":true,"href":"https:\/\/imais.online\/portal\/wp-json\/wp\/v2\/users\/7"}],"replies":[{"embeddable":true,"href":"https:\/\/imais.online\/portal\/wp-json\/wp\/v2\/comments?post=11888"}],"version-history":[{"count":1,"href":"https:\/\/imais.online\/portal\/wp-json\/wp\/v2\/posts\/11888\/revisions"}],"predecessor-version":[{"id":11891,"href":"https:\/\/imais.online\/portal\/wp-json\/wp\/v2\/posts\/11888\/revisions\/11891"}],"wp:featuredmedia":[{"embeddable":true,"href":"https:\/\/imais.online\/portal\/wp-json\/wp\/v2\/media\/11889"}],"wp:attachment":[{"href":"https:\/\/imais.online\/portal\/wp-json\/wp\/v2\/media?parent=11888"}],"wp:term":[{"taxonomy":"category","embeddable":true,"href":"https:\/\/imais.online\/portal\/wp-json\/wp\/v2\/categories?post=11888"},{"taxonomy":"post_tag","embeddable":true,"href":"https:\/\/imais.online\/portal\/wp-json\/wp\/v2\/tags?post=11888"}],"curies":[{"name":"wp","href":"https:\/\/api.w.org\/{rel}","templated":true}]}}