{"id":11896,"date":"2023-02-18T15:07:30","date_gmt":"2023-02-18T18:07:30","guid":{"rendered":"https:\/\/imais.online\/portal\/?p=11896"},"modified":"2023-02-18T15:07:32","modified_gmt":"2023-02-18T18:07:32","slug":"prefeitura-define-regras-para-resguardar-a-seguranca-nos-eventos-publicos-no-carnaval","status":"publish","type":"post","link":"https:\/\/imais.online\/portal\/prefeitura-define-regras-para-resguardar-a-seguranca-nos-eventos-publicos-no-carnaval\/","title":{"rendered":"Prefeitura define regras para resguardar a seguran\u00e7a nos eventos p\u00fablicos no Carnaval"},"content":{"rendered":"<div class=\"imais-before-content-placement\" id=\"imais-2372290277\"><script async src=\"\/\/pagead2.googlesyndication.com\/pagead\/js\/adsbygoogle.js?client=ca-pub-8787528412751566\" crossorigin=\"anonymous\"><\/script><ins class=\"adsbygoogle\" style=\"display:block;\" data-ad-client=\"ca-pub-8787528412751566\" \ndata-ad-slot=\"\" \ndata-ad-format=\"auto\"><\/ins>\n<script> \n(adsbygoogle = window.adsbygoogle || []).push({}); \n<\/script>\n<\/div>\n<p><em><small>Documento estabelece a proibi\u00e7\u00e3o da venda e porte de bebidas em garrafas e recipientes de vidro<\/small><\/em><\/p>\n\n\n\n<p>Na manh\u00e3 desta sexta-feira (17\/2) foi publicado na Imprensa Oficial o decreto n\u00ba 14787 que disp\u00f5e&nbsp;sobre as regras para resguardar a seguran\u00e7a e a integridade f\u00edsica dos participantes durante as festividades do Carnaval. O documento estabelece a proibi\u00e7\u00e3o da venda e porte de bebidas alco\u00f3licas e n\u00e3o alco\u00f3licas em garrafas e recipientes de vidro e&nbsp;<em>spray<\/em>&nbsp;(do tipo espuma, serpentina ou similar), dentro do limite de 200 metros nas imedia\u00e7\u00f5es dos locais onde ocorrer\u00e3o os eventos. As determina\u00e7\u00f5es devem ser seguidas entre os dias 17 e 20 de fevereiro, pelo per\u00edodo de 6 horas antes e 6 horas ap\u00f3s o encerramento das festividades.<\/p>\n\n\n\n<p>O descumprimento das regras acarretar\u00e1&nbsp;a imediata suspens\u00e3o da comercializa\u00e7\u00e3o, a revoga\u00e7\u00e3o das licen\u00e7as dos vendedores ambulantes e o descarte das garrafas e recipientes de vidro em local indicado pelo servidor p\u00fablico respons\u00e1vel. A fiscaliza\u00e7\u00e3o dos estabelecimentos comerciais e de ambulantes ser\u00e1 de compet\u00eancia do Departamento de Fiscaliza\u00e7\u00e3o, cabendo \u00e0 Guarda Civil as demais atribui\u00e7\u00f5es previstas no decreto.<\/p>\n\n\n\n<p><strong>PROGRAMA\u00c7\u00c3O<\/strong><\/p>\n\n\n\n<p><strong>17 de fevereiro, das 13h \u00e0s 17h<br><\/strong>Carnaval Terceira Idade<br>Atra\u00e7\u00e3o: Grupo Folia<br>Local: Espa\u00e7o Bem Viver<\/p>\n\n\n\n<p><strong>17 de fevereiro, das 19h \u00e0s 22h<br><\/strong>Carnaval no Paulista<br>Atra\u00e7\u00f5es: Acad\u00eamicos da Grande Sul e Grupo Folia<br>Local: Jardim Paulista<\/p>\n\n\n\n<p><strong>18 de fevereiro, das 15h \u00e0s 18h30<br><\/strong>Carnaval das Crian\u00e7as e da Fam\u00edlia<br>Atra\u00e7\u00f5es: Koringa e Banda Brincando no Carnaval e Grupo Amor de Carnaval<br>Local: Parque da Crian\u00e7a<\/p>\n\n\n\n<p><strong>18 de fevereiro, das 19h \u00e0s 22h<br><\/strong>Carnaval no Paulista<br>Atra\u00e7\u00f5es: Neg\u00e3o do Ax\u00e9 e Banda Lucas Querubim<br>Local: Jardim Paulista<\/p>\n\n\n\n<p><strong>19 de fevereiro, das 9h \u00e0s 11h30<br><\/strong>CarnaPet<br>Atra\u00e7\u00e3o: Grupo Amor de Carnaval<br>Local: Pra\u00e7a Prudente de Moraes<\/p>\n\n\n\n<p><strong>19 de fevereiro, das 19h \u00e0s 22h<br><\/strong>Carnaval no Barco<br>Atra\u00e7\u00f5es: Gr\u00eamio Recreativo Escola de Samba Imperador de Santa Cruz e Grupo Amor de Carnaval<br>Local: Estacionamento do Parque da Crian\u00e7a<\/p>\n\n\n\n<p><strong>20 de fevereiro, das 17h \u00e0s 22h<br><\/strong>Carnaval das Marchinhas<br>Atra\u00e7\u00e3o: Grupo Folia<strong><br><\/strong>Local: Pra\u00e7a Prudente de Moraes<\/p>\n\n\n\n<p><strong>20 de fevereiro, das 19h \u00e0s 22h<br><\/strong>Carnaval no Barco<br>Atra\u00e7\u00f5es: Bateria Classe A e Quintal da Vila<br>Local: Estacionamento do Parque da Crian\u00e7a<\/p>\n","protected":false},"excerpt":{"rendered":"<p>Documento estabelece a proibi\u00e7\u00e3o da venda e porte de bebidas em garrafas e recipientes de vidro Na manh\u00e3 desta sexta-feira (17\/2) foi publicado na Imprensa Oficial o decreto n\u00ba 14787 que disp\u00f5e&nbsp;sobre as regras para resguardar a seguran\u00e7a e a integridade f\u00edsica dos participantes durante as festividades do Carnaval. O documento estabelece a proibi\u00e7\u00e3o da [&hellip;]<\/p>\n","protected":false},"author":8,"featured_media":11897,"comment_status":"closed","ping_status":"open","sticky":false,"template":"","format":"standard","meta":{"rop_custom_images_group":[],"rop_custom_messages_group":[],"rop_publish_now":"initial","rop_publish_now_accounts":[],"rop_publish_now_history":[],"rop_publish_now_status":"pending","footnotes":""},"categories":[188],"tags":[],"class_list":["post-11896","post","type-post","status-publish","format-standard","has-post-thumbnail","hentry","category-indaiatuba"],"amp_enabled":true,"_links":{"self":[{"href":"https:\/\/imais.online\/portal\/wp-json\/wp\/v2\/posts\/11896","targetHints":{"allow":["GET"]}}],"collection":[{"href":"https:\/\/imais.online\/portal\/wp-json\/wp\/v2\/posts"}],"about":[{"href":"https:\/\/imais.online\/portal\/wp-json\/wp\/v2\/types\/post"}],"author":[{"embeddable":true,"href":"https:\/\/imais.online\/portal\/wp-json\/wp\/v2\/users\/8"}],"replies":[{"embeddable":true,"href":"https:\/\/imais.online\/portal\/wp-json\/wp\/v2\/comments?post=11896"}],"version-history":[{"count":1,"href":"https:\/\/imais.online\/portal\/wp-json\/wp\/v2\/posts\/11896\/revisions"}],"predecessor-version":[{"id":11898,"href":"https:\/\/imais.online\/portal\/wp-json\/wp\/v2\/posts\/11896\/revisions\/11898"}],"wp:featuredmedia":[{"embeddable":true,"href":"https:\/\/imais.online\/portal\/wp-json\/wp\/v2\/media\/11897"}],"wp:attachment":[{"href":"https:\/\/imais.online\/portal\/wp-json\/wp\/v2\/media?parent=11896"}],"wp:term":[{"taxonomy":"category","embeddable":true,"href":"https:\/\/imais.online\/portal\/wp-json\/wp\/v2\/categories?post=11896"},{"taxonomy":"post_tag","embeddable":true,"href":"https:\/\/imais.online\/portal\/wp-json\/wp\/v2\/tags?post=11896"}],"curies":[{"name":"wp","href":"https:\/\/api.w.org\/{rel}","templated":true}]}}