{"id":11916,"date":"2023-02-20T06:58:28","date_gmt":"2023-02-20T09:58:28","guid":{"rendered":"https:\/\/imais.online\/portal\/?p=11916"},"modified":"2023-02-20T06:58:29","modified_gmt":"2023-02-20T09:58:29","slug":"unidades-de-saude-disponibilizam-vacinas-contra-covid-19-para-maiores-de-3-anos-sem-convocacao","status":"publish","type":"post","link":"https:\/\/imais.online\/portal\/unidades-de-saude-disponibilizam-vacinas-contra-covid-19-para-maiores-de-3-anos-sem-convocacao\/","title":{"rendered":"Unidades de Sa\u00fade disponibilizam vacinas contra Covid-19 para maiores de 3 anos sem convoca\u00e7\u00e3o"},"content":{"rendered":"<div class=\"imais-before-content-placement\" id=\"imais-742115968\"><script async src=\"\/\/pagead2.googlesyndication.com\/pagead\/js\/adsbygoogle.js?client=ca-pub-8787528412751566\" crossorigin=\"anonymous\"><\/script><ins class=\"adsbygoogle\" style=\"display:block;\" data-ad-client=\"ca-pub-8787528412751566\" \ndata-ad-slot=\"\" \ndata-ad-format=\"auto\"><\/ins>\n<script> \n(adsbygoogle = window.adsbygoogle || []).push({}); \n<\/script>\n<\/div>\n<p class=\"has-text-align-center\"><em>Convoca\u00e7\u00e3o pela Plataforma Minha Vacina \u00e9 exigida apenas para crian\u00e7as menores de 3 anos<\/em><\/p>\n\n\n\n<p>As pessoas que est\u00e3o com doses atrasadas da vacina contra Covid-19 podem procurar a unidade de sa\u00fade mais pr\u00f3xima da sua resid\u00eancia para receber o imunizante. Desde novembro do ano passado a Secretaria Municipal de Sa\u00fade disponibiliza a vacina\u00e7\u00e3o em todas as Unidades B\u00e1sicas de Sa\u00fade (UBS) da cidade, sem a necessidade de convoca\u00e7\u00e3o para maiores de 3 anos de idade. O servi\u00e7o \u00e9 disponibilizado de segunda a sexta-feira, das 7h30 \u00e0s 16h30.<\/p>\n\n\n\n<p>A convoca\u00e7\u00e3o pela Plataforma Minha Vacina somente \u00e9 exigida para crian\u00e7as menores de 3 anos de idade, porque o Estado faz o repasse das vacinas de forma escalonada. As demais faixas et\u00e1rias podem receber o imunizante sem a necessidade de convoca\u00e7\u00e3o, sendo exigido apenas o cadastro no Minha Vacina e apresenta\u00e7\u00e3o de documenta\u00e7\u00e3o pessoal.<\/p>\n\n\n\n<p>Um levantamento realizado pelo Departamento de Vigil\u00e2ncia Epidemiol\u00f3gica da Secretaria de Sa\u00fade mostrou que 8.072 pessoas que receberam a primeira dose da vacina n\u00e3o compareceram nos postos de vacina\u00e7\u00e3o para receber a segunda dose. Para a terceira dose, esse n\u00famero sobe para 49.049 pessoas. Outros 75.456 indaiatubanos deixaram de tomar a quarta dose.<\/p>\n\n\n\n<p>\u00c9 importante esclarecer que crian\u00e7as de 5 a 11 anos recebem duas doses e um refor\u00e7o da vacina ap\u00f3s quatro meses. Adolescentes de 12 a 17 anos tamb\u00e9m recebem duas doses e um refor\u00e7o, que \u00e9 a terceira dose, respeitando o intervalo de quatro meses desde a \u00faltima aplica\u00e7\u00e3o. A quarta dose da vacina est\u00e1 dispon\u00edvel para pessoas a partir de 18 anos, que tenham recebido a terceira dose h\u00e1 mais de quatro meses. Pessoas a partir de 18 anos com alto grau de imunossupress\u00e3o podem receber at\u00e9 cinco doses da vacina contra Covid-19, desde que haja quatro meses de intervalo entre as doses.<\/p>\n\n\n\n<p>As d\u00favidas podem ser esclarecidas no WhatsApp da Secretaria Municipal de Sa\u00fade (19) 99779-3856.<\/p>\n","protected":false},"excerpt":{"rendered":"<p>Convoca\u00e7\u00e3o pela Plataforma Minha Vacina \u00e9 exigida apenas para crian\u00e7as menores de 3 anos As pessoas que est\u00e3o com doses atrasadas da vacina contra Covid-19 podem procurar a unidade de sa\u00fade mais pr\u00f3xima da sua resid\u00eancia para receber o imunizante. Desde novembro do ano passado a Secretaria Municipal de Sa\u00fade disponibiliza a vacina\u00e7\u00e3o em todas [&hellip;]<\/p>\n","protected":false},"author":7,"featured_media":11917,"comment_status":"closed","ping_status":"open","sticky":false,"template":"","format":"standard","meta":{"rop_custom_images_group":[],"rop_custom_messages_group":[],"rop_publish_now":"initial","rop_publish_now_accounts":[],"rop_publish_now_history":[],"rop_publish_now_status":"pending","footnotes":""},"categories":[188],"tags":[],"class_list":["post-11916","post","type-post","status-publish","format-standard","has-post-thumbnail","hentry","category-indaiatuba"],"amp_enabled":true,"_links":{"self":[{"href":"https:\/\/imais.online\/portal\/wp-json\/wp\/v2\/posts\/11916","targetHints":{"allow":["GET"]}}],"collection":[{"href":"https:\/\/imais.online\/portal\/wp-json\/wp\/v2\/posts"}],"about":[{"href":"https:\/\/imais.online\/portal\/wp-json\/wp\/v2\/types\/post"}],"author":[{"embeddable":true,"href":"https:\/\/imais.online\/portal\/wp-json\/wp\/v2\/users\/7"}],"replies":[{"embeddable":true,"href":"https:\/\/imais.online\/portal\/wp-json\/wp\/v2\/comments?post=11916"}],"version-history":[{"count":1,"href":"https:\/\/imais.online\/portal\/wp-json\/wp\/v2\/posts\/11916\/revisions"}],"predecessor-version":[{"id":11918,"href":"https:\/\/imais.online\/portal\/wp-json\/wp\/v2\/posts\/11916\/revisions\/11918"}],"wp:featuredmedia":[{"embeddable":true,"href":"https:\/\/imais.online\/portal\/wp-json\/wp\/v2\/media\/11917"}],"wp:attachment":[{"href":"https:\/\/imais.online\/portal\/wp-json\/wp\/v2\/media?parent=11916"}],"wp:term":[{"taxonomy":"category","embeddable":true,"href":"https:\/\/imais.online\/portal\/wp-json\/wp\/v2\/categories?post=11916"},{"taxonomy":"post_tag","embeddable":true,"href":"https:\/\/imais.online\/portal\/wp-json\/wp\/v2\/tags?post=11916"}],"curies":[{"name":"wp","href":"https:\/\/api.w.org\/{rel}","templated":true}]}}