{"id":11952,"date":"2023-02-22T09:11:19","date_gmt":"2023-02-22T12:11:19","guid":{"rendered":"https:\/\/imais.online\/portal\/?p=11952"},"modified":"2023-02-22T09:11:21","modified_gmt":"2023-02-22T12:11:21","slug":"moradores-de-sao-sebastiao-estao-sem-agua-potavel-ha-quatro-dias","status":"publish","type":"post","link":"https:\/\/imais.online\/portal\/moradores-de-sao-sebastiao-estao-sem-agua-potavel-ha-quatro-dias\/","title":{"rendered":"Moradores de S\u00e3o Sebasti\u00e3o est\u00e3o sem \u00e1gua pot\u00e1vel h\u00e1 quatro dias"},"content":{"rendered":"<div class=\"imais-before-content-placement\" id=\"imais-2247943351\"><script async src=\"\/\/pagead2.googlesyndication.com\/pagead\/js\/adsbygoogle.js?client=ca-pub-8787528412751566\" crossorigin=\"anonymous\"><\/script><ins class=\"adsbygoogle\" style=\"display:block;\" data-ad-client=\"ca-pub-8787528412751566\" \ndata-ad-slot=\"\" \ndata-ad-format=\"auto\"><\/ins>\n<script> \n(adsbygoogle = window.adsbygoogle || []).push({}); \n<\/script>\n<\/div>\n<p class=\"has-text-align-center\">Pescadores transportam gal\u00f5es para garantir abastecimento<\/p>\n\n\n\n<p>Moradores de Boi\u00e7ucanga, bairro fortemente afetado pelo temporal do fim de semana em S\u00e3o Sebasti\u00e3o, no litoral norte paulista, est\u00e3o sem \u00e1gua para beber. Para garantir o abastecimento da popula\u00e7\u00e3o, a associa\u00e7\u00e3o de pescadores local se organizou para transportar garrafas de \u00e1gua at\u00e9 a comunidade.<img decoding=\"async\" src=\"https:\/\/agenciabrasil.ebc.com.br\/ebc.png?id=1512043&amp;o=node\"><img decoding=\"async\" src=\"https:\/\/agenciabrasil.ebc.com.br\/ebc.gif?id=1512043&amp;o=node\"><\/p>\n\n\n\n<p>\u201cEstamos h\u00e1 quatro dias sem \u00e1gua. N\u00f3s temos que pegar \u00e1gua em Barra do Una [outra comunidade do munic\u00edpio] para transportar para Boi\u00e7ucanga e distribuir.&nbsp;Hoje, voltou um pouquinho de \u00e1gua, mas \u00e1gua barrenta\u201d, explica o marinheiro Rivelino Rodrigues, que tinha acabado de chegar ao bairro com um dos carregamentos.<\/p>\n\n\n\n<p>Das torneiras, a \u00e1gua sai marrom, cheia de terra dos deslizamentos.<\/p>\n\n\n\n<p>Com a falta de \u00e1gua pot\u00e1vel, alguns comerciantes tentaram se aproveitar da situa\u00e7\u00e3o. \u201cOs comerciantes est\u00e3o alugando barcos de Barra de Una para Boi\u00e7ucanga e vendendo a \u00e1gua por um absurdo\u201d, diz.<\/p>\n\n\n\n<p>Um grupo de turistas confirmou que havia quem quisesse cobrar R$ 98 por um gal\u00e3o.<\/p>\n\n\n\n<h2 class=\"wp-block-heading\">Caminh\u00f5es-pipa<\/h2>\n\n\n\n<p>A Companhia de Saneamento B\u00e1sico do Estado de S\u00e3o Paulo (Sabesp) diz que est\u00e1 trabalhando para reestabelecer o abastecimento de \u00e1gua em todo o litoral norte, com equipes em Boi\u00e7ucanga.<\/p>\n\n\n\n<p>Em S\u00e3o Sebasti\u00e3o e Ilhabela, 31 caminh\u00f5es-pipa fazem, de acordo com a empresa, o abastecimento emergencial nos locais mais afetados pelas chuvas.<\/p>\n\n\n\n<h2 class=\"wp-block-heading\">Barcos resgatados com trator<\/h2>\n\n\n\n<p>Os pescadores, organizados na associa\u00e7\u00e3o local, tamb\u00e9m levam mantimentos para as comunidades que sofreram mais com o desastre. Na cidade, os deslizamentos mataram 43 pessoas e deixaram centenas de desabrigados. &nbsp;<\/p>\n\n\n\n<p>\u201cN\u00f3s levamos entre ontem e&nbsp;hoje&nbsp;em torno de 2,5 mil toneladas de alimentos, que mandamos para v\u00e1rias escolas, e colch\u00f5es e \u00e1gua para onde aconteceu o sinistro\u201d, diz o presidente da Associa\u00e7\u00e3o de Pescadores de Boi\u00e7ucanga, Ademir de Matos.<\/p>\n\n\n\n<p>Apesar de Boi\u00e7ucanga n\u00e3o&nbsp;ter&nbsp;sido o local mais afetado, Ademir conta que se assustou com a for\u00e7a da cheia do rio que d\u00e1 nome \u00e0 comunidade. \u201cEu moro h\u00e1 52 anos aqui e nunca vi um desastre natural desses da minha vida\u201d, enfatiza.<\/p>\n\n\n\n<p>A \u00e1gua chegou, segundo ele, a altura de um metro dentro da sede da associa\u00e7\u00e3o e os barcos dos pescadores tiveram que ser resgatados com a ajuda de um trator. \u201cGra\u00e7as a Deus, n\u00f3s conseguimos recuperar todos os barcos dos pescadores\u201d, desabafa.<\/p>\n\n\n\n<p>Ao lado, o rio e o mar est\u00e3o com uma tonalidade marrom forte devido \u00e0 grande quantidade de barro que desceu das encostas.<\/p>\n\n\n\n<h2 class=\"wp-block-heading\">Chuvas<\/h2>\n\n\n\n<p>Na tarde de&nbsp;hoje&nbsp;(21), voltou a chover&nbsp;forte em S\u00e3o Sebasti\u00e3o. A Defesa Civil do munic\u00edpio&nbsp;emitiu alerta com a previs\u00e3o de chuvas de 200 mil\u00edmetros desta&nbsp;ter\u00e7a-feira at\u00e9 a pr\u00f3xima&nbsp;sexta&nbsp;(24).&nbsp;O prefeito da cidade, Felipe Augusto, tamb\u00e9m divulgou o alerta&nbsp;pelas redes sociais. Segundo o comunicado, h\u00e1 possibilidade de enchentes e novos deslizamentos.<\/p>\n\n\n\n<h2 class=\"wp-block-heading\">Estragos na Rio-Santos<\/h2>\n\n\n\n<p>Com a reabertura da maior parte dos pontos que estavam interditados na Rodovia Rio-Santos, Boi\u00e7ucanga e outros bairros n\u00e3o est\u00e3o mais isolados. A rodovia segue interditada apenas na altura do quil\u00f4metro 174. Apesar da libera\u00e7\u00e3o para o tr\u00e1fego, a estrada mostra as marcas da destrui\u00e7\u00e3o causada pelas enxurradas e pelos deslizamentos.<\/p>\n\n\n\n<p>Em alguns pontos, a pista foi parcialmente erodida e s\u00f3 h\u00e1 asfalto em um dos sentidos. Troncos e pedregulhos ainda n\u00e3o foram removidos e ocupam a via em outros locais. Na altura do quil\u00f4metro 143, uma cachoeira se forma no pared\u00e3o de pedra, alaga a estrada e escorre por uma cratera do outro lado da via.<\/p>\n\n\n\n<p>Mesmo com a libera\u00e7\u00e3o, no fim da tarde de\u00a0hoje\u00a0(21), eram feitas interrup\u00e7\u00f5es espor\u00e1dicas do tr\u00e1fego e n\u00e3o havia informa\u00e7\u00f5es claras sobre as possibilidades de seguir viagem.<\/p>\n\n\n\n<p>Pr\u00f3ximo a Maresias, o comerciante Jos\u00e9 Carlos dos Reis estava inseguro e n\u00e3o sabia se finalmente conseguiria chegar ao seu destino, em Camburi (SP).<\/p>\n\n\n\n<p>\u201cEstou tentando retornar para casa h\u00e1 quatro dias\u201d, contou sobre a viagem que come\u00e7ou em Ribeir\u00e3o Preto, no interior paulista. \u201cTentei passar pela Mogi-Bertioga, n\u00e3o deu para passar. Voltei pela [Rodovia dos] Tamoios, porque vi as not\u00edcias de que estava liberada. E quando cheguei aqui, n\u00e3o pode passar\u201d, relatou sobre a jornada para tentar retornar para casa.<\/p>\n\n\n\n<p>Edi\u00e7\u00e3o: L\u00edlian Beraldo<\/p>\n","protected":false},"excerpt":{"rendered":"<p>Pescadores transportam gal\u00f5es para garantir abastecimento Moradores de Boi\u00e7ucanga, bairro fortemente afetado pelo temporal do fim de semana em S\u00e3o Sebasti\u00e3o, no litoral norte paulista, est\u00e3o sem \u00e1gua para beber. Para garantir o abastecimento da popula\u00e7\u00e3o, a associa\u00e7\u00e3o de pescadores local se organizou para transportar garrafas de \u00e1gua at\u00e9 a comunidade. \u201cEstamos h\u00e1 quatro dias [&hellip;]<\/p>\n","protected":false},"author":7,"featured_media":11953,"comment_status":"closed","ping_status":"open","sticky":false,"template":"","format":"standard","meta":{"rop_custom_images_group":[],"rop_custom_messages_group":[],"rop_publish_now":"initial","rop_publish_now_accounts":[],"rop_publish_now_history":[],"rop_publish_now_status":"pending","footnotes":""},"categories":[188],"tags":[73],"class_list":["post-11952","post","type-post","status-publish","format-standard","has-post-thumbnail","hentry","category-indaiatuba","tag-featured"],"amp_enabled":true,"_links":{"self":[{"href":"https:\/\/imais.online\/portal\/wp-json\/wp\/v2\/posts\/11952","targetHints":{"allow":["GET"]}}],"collection":[{"href":"https:\/\/imais.online\/portal\/wp-json\/wp\/v2\/posts"}],"about":[{"href":"https:\/\/imais.online\/portal\/wp-json\/wp\/v2\/types\/post"}],"author":[{"embeddable":true,"href":"https:\/\/imais.online\/portal\/wp-json\/wp\/v2\/users\/7"}],"replies":[{"embeddable":true,"href":"https:\/\/imais.online\/portal\/wp-json\/wp\/v2\/comments?post=11952"}],"version-history":[{"count":1,"href":"https:\/\/imais.online\/portal\/wp-json\/wp\/v2\/posts\/11952\/revisions"}],"predecessor-version":[{"id":11954,"href":"https:\/\/imais.online\/portal\/wp-json\/wp\/v2\/posts\/11952\/revisions\/11954"}],"wp:featuredmedia":[{"embeddable":true,"href":"https:\/\/imais.online\/portal\/wp-json\/wp\/v2\/media\/11953"}],"wp:attachment":[{"href":"https:\/\/imais.online\/portal\/wp-json\/wp\/v2\/media?parent=11952"}],"wp:term":[{"taxonomy":"category","embeddable":true,"href":"https:\/\/imais.online\/portal\/wp-json\/wp\/v2\/categories?post=11952"},{"taxonomy":"post_tag","embeddable":true,"href":"https:\/\/imais.online\/portal\/wp-json\/wp\/v2\/tags?post=11952"}],"curies":[{"name":"wp","href":"https:\/\/api.w.org\/{rel}","templated":true}]}}