{"id":11968,"date":"2023-02-23T08:54:54","date_gmt":"2023-02-23T11:54:54","guid":{"rendered":"https:\/\/imais.online\/portal\/?p=11968"},"modified":"2023-02-23T08:54:56","modified_gmt":"2023-02-23T11:54:56","slug":"arqueologos-encontram-restos-de-ceramicas-na-barragem-do-pirai-em-indaiatuba","status":"publish","type":"post","link":"https:\/\/imais.online\/portal\/arqueologos-encontram-restos-de-ceramicas-na-barragem-do-pirai-em-indaiatuba\/","title":{"rendered":"Arque\u00f3logos encontram restos de cer\u00e2micas na Barragem do Pirai em Indaiatuba"},"content":{"rendered":"<div class=\"imais-before-content-placement\" id=\"imais-3246366549\"><script async src=\"\/\/pagead2.googlesyndication.com\/pagead\/js\/adsbygoogle.js?client=ca-pub-8787528412751566\" crossorigin=\"anonymous\"><\/script><ins class=\"adsbygoogle\" style=\"display:block;\" data-ad-client=\"ca-pub-8787528412751566\" \ndata-ad-slot=\"\" \ndata-ad-format=\"auto\"><\/ins>\n<script> \n(adsbygoogle = window.adsbygoogle || []).push({}); \n<\/script>\n<\/div>\n<p class=\"has-text-align-center\"><em>Descobertas devem ajudar a compreender costumes dos povos que moravam no lugar<\/em><\/p>\n\n\n\n<p>Um s\u00edtio arqueol\u00f3gico foi encontrado na \u00e1rea onde ser\u00e1 constru\u00edda a Barragem do Pirai por arque\u00f3logos que est\u00e3o, desde o final de 2022, realizando um trabalho de campo no local. Foram encontrados fragmentos feitos \u00e0 base de argila, como uma panela de barro e um cachimbo, metal, vidro e uma moeda que deve ser datada, dos meados do s\u00e9culo 19. Os artefatos encontrados n\u00e3o interferem no andamento das obras da Barragem.<\/p>\n\n\n\n<figure class=\"wp-block-image size-large\"><img loading=\"lazy\" decoding=\"async\" width=\"768\" height=\"1024\" src=\"https:\/\/imais.online\/portal\/wp-content\/uploads\/2023\/02\/bb16cded-d613-451a-a660-8b0ab4ae3dff-768x1024.jpg\" alt=\"\" class=\"wp-image-11970\" srcset=\"https:\/\/imais.online\/portal\/wp-content\/uploads\/2023\/02\/bb16cded-d613-451a-a660-8b0ab4ae3dff-768x1024.jpg 768w, https:\/\/imais.online\/portal\/wp-content\/uploads\/2023\/02\/bb16cded-d613-451a-a660-8b0ab4ae3dff-225x300.jpg 225w, https:\/\/imais.online\/portal\/wp-content\/uploads\/2023\/02\/bb16cded-d613-451a-a660-8b0ab4ae3dff.jpg 960w\" sizes=\"auto, (max-width: 768px) 100vw, 768px\" \/><figcaption><strong>Arque\u00f3logos encontram restos de cer\u00e2micas na Barragem do Pirai<\/strong>. Foto: divulga\u00e7\u00e3o<\/figcaption><\/figure>\n\n\n\n<p><\/p>\n\n\n\n<p>De acordo com o arque\u00f3logo, Taiguara Francisco Aleixo da Silva, todo material encontrado \u00e9 levado para an\u00e1lise e, em seguida, identificado e catalogado separadamente, o que configura a pr\u00f3xima etapa do trabalho. Com isso ser\u00e1 poss\u00edvel relacionar as pr\u00e1ticas cotidianas do per\u00edodo hist\u00f3rico da regi\u00e3o e assim contribuir com o conhecimento cultural da popula\u00e7\u00e3o<\/p>\n\n\n\n<p>Segundo a Superintendente do Cons\u00f3rcio Intermunicipal do Ribeir\u00e3o Pira\u00ed (CONIRPI), Vanessa K\u00fchl, representante do Servi\u00e7o Aut\u00f4nomo de \u00c1gua e Esgotos (Saae), consta em contrato a realiza\u00e7\u00e3o da pesquisa e \u00e9 uma exig\u00eancia para o licenciamento ambiental de preserva\u00e7\u00e3o do patrim\u00f4nio hist\u00f3rico, referente ao s\u00edtio arqueol\u00f3gico.<\/p>\n\n\n\n<p>\u201cConsta em contrato a realiza\u00e7\u00e3o do Resgate Arqueol\u00f3gico e \u00e9 uma exig\u00eancia do licenciamento ambiental, e da autoriza\u00e7\u00e3o do IPHAN (Instituto do Patrim\u00f4nio Hist\u00f3rico e Art\u00edstico Nacional) conforme autoriza\u00e7\u00e3o do processo 01506.002349\/2011-19, referente aos s\u00edtios arqueol\u00f3gicos\u201d, esclarece a superintendente. Vanessa conta que tamb\u00e9m, faz parte das a\u00e7\u00f5es do CONIRPI, a realiza\u00e7\u00e3o, ainda sem data marcada, de visitas ao local com escolas, para que os alunos possam acompanhar e conhecer o procedimento feito pelos arque\u00f3logos. Este trabalho n\u00e3o afeta a execu\u00e7\u00e3o das obras, pois trata-se das \u00e1reas do entorno da Barragem, e s\u00f3 agrega valor ao nosso futuro reservat\u00f3rio.<\/p>\n\n\n\n<figure class=\"wp-block-image size-large\"><img loading=\"lazy\" decoding=\"async\" width=\"1024\" height=\"768\" src=\"https:\/\/imais.online\/portal\/wp-content\/uploads\/2023\/02\/bbfe4c42-09c3-46c0-8562-4ebced9b6e20-1024x768.jpg\" alt=\"\" class=\"wp-image-11971\" srcset=\"https:\/\/imais.online\/portal\/wp-content\/uploads\/2023\/02\/bbfe4c42-09c3-46c0-8562-4ebced9b6e20-1024x768.jpg 1024w, https:\/\/imais.online\/portal\/wp-content\/uploads\/2023\/02\/bbfe4c42-09c3-46c0-8562-4ebced9b6e20-300x225.jpg 300w, https:\/\/imais.online\/portal\/wp-content\/uploads\/2023\/02\/bbfe4c42-09c3-46c0-8562-4ebced9b6e20-768x576.jpg 768w, https:\/\/imais.online\/portal\/wp-content\/uploads\/2023\/02\/bbfe4c42-09c3-46c0-8562-4ebced9b6e20-rotated.jpg 1280w\" sizes=\"auto, (max-width: 1024px) 100vw, 1024px\" \/><figcaption>Fragmentos encontrados na Barragem do Pirai, entre eles uma moeda dos meados do s\u00e9culo 19<br>Foto: divulga\u00e7\u00e3o<\/figcaption><\/figure>\n\n\n\n<p><strong>Barragem do Pirai<\/strong><\/p>\n\n\n\n<p>Com previs\u00e3o de iniciar as obras em 2023, a Barragem do Rio Pira\u00ed ir\u00e1 atender os munic\u00edpios de Indaiatuba, Itu, Salto e Cabre\u00fava, regularizando a vaz\u00e3o do manancial e garantindo sua capta\u00e7\u00e3o durante o ano todo, inclusive nos per\u00edodos de estiagem. A obra conta com recursos financeiros dos Munic\u00edpios e dos Governos Federal e Estadual.<\/p>\n\n\n\n<p>A represa tem a capacidade de reserva\u00e7\u00e3o para 9,7 bilh\u00f5es\/litros de \u00e1gua, sua extens\u00e3o \u00e9 de 3,5 quil\u00f4metros com a largura m\u00e9dia de 450 metros e profundidade de 15 metros. Al\u00e9m de um espelho d\u00b4\u00e1gua de 1.823.960 m\u00b2, \u00e1rea de Preserva\u00e7\u00e3o Ambiental (APP) de 1.617.250 m\u00b2, somando uma \u00e1rea total de 3.441.210 m\u00b2. J\u00e1 a Travessia tem uma extens\u00e3o de 370 metros e a altura de 9,5 metros e o Dique com uma extens\u00e3o de 700 metros e a altura de 9,5 metros.<\/p>\n","protected":false},"excerpt":{"rendered":"<p>Descobertas devem ajudar a compreender costumes dos povos que moravam no lugar Um s\u00edtio arqueol\u00f3gico foi encontrado na \u00e1rea onde ser\u00e1 constru\u00edda a Barragem do Pirai por arque\u00f3logos que est\u00e3o, desde o final de 2022, realizando um trabalho de campo no local. Foram encontrados fragmentos feitos \u00e0 base de argila, como uma panela de barro [&hellip;]<\/p>\n","protected":false},"author":7,"featured_media":11969,"comment_status":"closed","ping_status":"open","sticky":false,"template":"","format":"standard","meta":{"rop_custom_images_group":[],"rop_custom_messages_group":[],"rop_publish_now":"initial","rop_publish_now_accounts":[],"rop_publish_now_history":[],"rop_publish_now_status":"pending","footnotes":""},"categories":[188],"tags":[73],"class_list":["post-11968","post","type-post","status-publish","format-standard","has-post-thumbnail","hentry","category-indaiatuba","tag-featured"],"amp_enabled":true,"_links":{"self":[{"href":"https:\/\/imais.online\/portal\/wp-json\/wp\/v2\/posts\/11968","targetHints":{"allow":["GET"]}}],"collection":[{"href":"https:\/\/imais.online\/portal\/wp-json\/wp\/v2\/posts"}],"about":[{"href":"https:\/\/imais.online\/portal\/wp-json\/wp\/v2\/types\/post"}],"author":[{"embeddable":true,"href":"https:\/\/imais.online\/portal\/wp-json\/wp\/v2\/users\/7"}],"replies":[{"embeddable":true,"href":"https:\/\/imais.online\/portal\/wp-json\/wp\/v2\/comments?post=11968"}],"version-history":[{"count":1,"href":"https:\/\/imais.online\/portal\/wp-json\/wp\/v2\/posts\/11968\/revisions"}],"predecessor-version":[{"id":11972,"href":"https:\/\/imais.online\/portal\/wp-json\/wp\/v2\/posts\/11968\/revisions\/11972"}],"wp:featuredmedia":[{"embeddable":true,"href":"https:\/\/imais.online\/portal\/wp-json\/wp\/v2\/media\/11969"}],"wp:attachment":[{"href":"https:\/\/imais.online\/portal\/wp-json\/wp\/v2\/media?parent=11968"}],"wp:term":[{"taxonomy":"category","embeddable":true,"href":"https:\/\/imais.online\/portal\/wp-json\/wp\/v2\/categories?post=11968"},{"taxonomy":"post_tag","embeddable":true,"href":"https:\/\/imais.online\/portal\/wp-json\/wp\/v2\/tags?post=11968"}],"curies":[{"name":"wp","href":"https:\/\/api.w.org\/{rel}","templated":true}]}}