{"id":1197,"date":"2021-09-09T18:09:09","date_gmt":"2021-09-09T21:09:09","guid":{"rendered":"https:\/\/imais.online\/portal\/?p=1197"},"modified":"2021-09-09T18:21:23","modified_gmt":"2021-09-09T21:21:23","slug":"nao-vou-ser-tao-boazinha-garante-galisteu-sobre-a-fazenda-13","status":"publish","type":"post","link":"https:\/\/imais.online\/portal\/nao-vou-ser-tao-boazinha-garante-galisteu-sobre-a-fazenda-13\/","title":{"rendered":"&#8216;N\u00e3o vou ser t\u00e3o boazinha&#8217;, garante Galisteu sobre &#8216;A Fazenda 13&#8217;"},"content":{"rendered":"<div class=\"imais-before-content-placement\" id=\"imais-624810343\"><script async src=\"\/\/pagead2.googlesyndication.com\/pagead\/js\/adsbygoogle.js?client=ca-pub-8787528412751566\" crossorigin=\"anonymous\"><\/script><ins class=\"adsbygoogle\" style=\"display:block;\" data-ad-client=\"ca-pub-8787528412751566\" \ndata-ad-slot=\"\" \ndata-ad-format=\"auto\"><\/ins>\n<script> \n(adsbygoogle = window.adsbygoogle || []).push({}); \n<\/script>\n<\/div>\n<h2 class=\"wp-block-heading\">A apresentadora do reality falou sobre a ansiedade por ser a 1\u00aa mulher a comandar a atra\u00e7\u00e3o, que estreia no pr\u00f3ximo dia 14<\/h2>\n\n\n\n<p>Ap\u00f3s o sucesso da \u00faltima edi\u00e7\u00e3o, a expectativa sobre a estreia de\u00a0A Fazenda 13, que acontece na pr\u00f3xima ter\u00e7a-feira (14) na\u00a0Record TV, \u00e9 ainda maior. Em entrevista coletiva, realizada nesta quinta (9), Rodrigo Carelli, diretor de n\u00facleo de realities da emissora, revelou os nomes de 7 dos 21 participantes da atra\u00e7\u00e3o. Al\u00e9m disso, Adriane Galisteu falou sobre ansiedade por ser a primeira mulher a comandar o programa.<\/p>\n\n\n\n<p>&#8220;Sempre fui f\u00e3 de reality, em especial de\u00a0<em>A Fazenda<\/em>, assisto desde a primeira edi\u00e7\u00e3o e fiquei muito feliz com o convite. J\u00e1 falei para o marido (Alexandre I\u00f3dice) e para o filho (Vittorio) que eu s\u00f3 volto mesmo para casa em dezembro. Se eles quiserem me encontrar, v\u00e3o ter que ir para Itapecerica&#8221;, disse Galisteu, que arrancou risos dos jornalistas que estavam presentes no palco do\u00a0Hoje em Dia, acompanhando a coletiva.<\/p>\n\n\n\n<p>A artista relembrou sua passagem pelo\u00a0Power Couple Brasil 5\u00a0e disse que est\u00e1 trabalhando muito para cumprir bem o papel de mediadora. &#8220;Estou muito ansiosa. Para mim, j\u00e1 come\u00e7ava essa noite. Eu tenho pensado muito nas frases que vou usar, quais ser\u00e3o minhas aberturas no programa&#8230; E tenho conversado bastante com a equipe, que \u00e9 muito talentosa, para encontrarmos esse tom juntos.&#8221;<\/p>\n\n\n\n<p>Entretanto, ela afirmou que n\u00e3o vai colocar panos quentes nas brigas. &#8220;Meu papel n\u00e3o \u00e9 ser professora de ningu\u00e9m, mas eu tenho que conduzir do melhor jeito para quem est\u00e1 em casa. Eu n\u00e3o vou ser t\u00e3o boazinha assim, n\u00e3o. Eles sabem que precisam seguir as regras e que as puni\u00e7\u00f5es s\u00e3o certas. Eu vou estar com v\u00e1rios olhos ali e a diferen\u00e7a de ser uma mulher \u00e9 que a gente procura pelo em ovo e acha. Esse vai ser um pouco o meu papel.&#8221;<\/p>\n\n\n\n<p><strong>Participantes<\/strong><\/p>\n\n\n\n<p>O diretor do reality, Rodrigo Carelli, contou um pouco sobre como s\u00e3o feitas as sele\u00e7\u00f5es dos participantes e revelou os nomes de 7 dos 21 participantes durante a coletiva.&nbsp;S\u00e3o eles: Victor Pecoraro, Mussunzinho, Liziane Gutierrez, Nego do Borel, Tati Quebra Barraco, Arcrebiano Ara\u00fajo e Mileide Mihaile, que prometeram agitar a sede quando o assunto \u00e9 festa e fogo no feno.<\/p>\n\n\n\n<p>Victor Pecoraro come\u00e7ou dizendo o motivo de estar encarando esse novo desafio: &#8220;Estou indo pelo dinheiro, n\u00e3o vou ser hip\u00f3crita. Eu sou 0 ou 80. Quando tem que ser calmo, eu sou calmo, mas quando tiver que ser estressado e eu estiver na raz\u00e3o, eu sou bem estressado&#8221;.<\/p>\n\n\n\n<p>Mussunzinho foi o segundo participante a ser apresentado durante o evento e afirmou que quer deixar um legado: &#8220;Ser um cara que preza pela verdade, um homem de alma e cora\u00e7\u00e3o aberto. Meu p\u00fablico s\u00f3 me conhece pelos meus personagens e, agora, vamos poder ficar mais pr\u00f3ximos&#8221;.<\/p>\n\n\n\n<p>Liziane Gutierrez garantiu que est\u00e1 pronta para encarar as tretas que tiverem no reality. &#8220;Eu n\u00e3o vou fugir de nada. Duas coisas eu garanto: n\u00e3o vou desistir e n\u00e3o vou ser expulsa, o resto eu topo tudo.&#8221;<\/p>\n\n\n\n<p>Nego do Borel falou sobre as brigas judiciais que enfrenta contra a ex, Duda Reis, fora do programa e espera que isso n\u00e3o o atrapalhe: &#8220;Acho que&nbsp;<em>A Fazenda<\/em>&nbsp;d\u00e1 oportunidade para o Brasil conhecer a pessoa. Meus advogados est\u00e3o resolvendo essas quest\u00f5es judiciais&#8221;<\/p>\n\n\n\n<p>Tati Quebra Barraco relembrou de ex-participantes do programa e citou em quem se inspira. &#8220;Gostei muito da Viviane Ara\u00fajo e da Nicole Bahls. As pessoas sabem que eu n\u00e3o sou atriz, sou verdadeira e vou ser eu mesma l\u00e1 dentro.&#8221;<\/p>\n\n\n\n<p>Arcrebiano Ara\u00fajo, mais conhecido como Bil, falou o motivo de entrar encarar mais um reality em um s\u00f3 ano, sendo esse o terceiro confinamento dele em 2021. &#8220;No primeiro reality, eu sa\u00ed pelo p\u00fablico; no segundo, foi desist\u00eancia e esse convite para&nbsp;<em>A Fazenda<\/em>&nbsp;n\u00e3o foi em v\u00e3o e eu tenho certeza que vai ser uma edi\u00e7\u00e3o surreal.&#8221;<\/p>\n\n\n\n<p>Mileide Mihaile, ex-mulher de Wesley Safad\u00e3o, disse acreditar que sua hist\u00f3ria fora do reality n\u00e3o pode prejudic\u00e1-la dentro da casa: &#8220;Eu acredito que quando a gente entra em um desafio como esse zera tudo, independente de ser mais ou menos conhecida. Todos os participantes v\u00e3o estar l\u00e1 por igual. O que vamos contruir l\u00e1 vai ser totalmente diferente&#8221;.<\/p>\n\n\n\n<p><strong>Conte\u00fado transm\u00eddia<\/strong><\/p>\n\n\n\n<p>Assim como nas outras edi\u00e7\u00f5es do reality e em outros programas da\u00a0Record TV,\u00a0<em>A Fazenda\u00a0<\/em>ter\u00e1 conte\u00fados exclusivos no\u00a0PlayPlus,\u00a0R7.com\u00a0e tamb\u00e9m no TikTok. A diretora de planejamento transm\u00eddia da emissora, Bia Cioffi, explicou como o p\u00fablico vai poder conferir tudo isso.<\/p>\n\n\n\n<p>&#8220;A \u00edntegra e o sinal 24 horas do programa quem consegue acompanhar realmente \u00e9 s\u00f3 o assinante do\u00a0PlayPlus, mas no\u00a0R7.com\u00a0teremos not\u00edcias 24\u00a0horas por dia acompanhado a rotina de<em>\u00a0A Fazenda<\/em>. Nas redes sociais, tamb\u00e9m teremos esse acompanhamento com alguns clipes do que aconteceu por l\u00e1 e os memes, que j\u00e1 s\u00e3o marca registrada nossa&#8221;, explicou.<\/p>\n\n\n\n<p>&#8220;Teremos tamb\u00e9m os programas digitais como a Cabine de Descompress\u00e3o, onde tem bastante interatividade do eliminado com o p\u00fablico. Esse ano, a novidade \u00e9 que a cabine ser\u00e1 apresentada pela Lidi Lisboa e pelo Lucas Maciel. Eles v\u00e3o repetir a parceria deles, no reality do ano passado, agora como apresentadores&#8221;, completou.<\/p>\n\n\n\n<p><strong>Assist\u00eancia psicol\u00f3gica<\/strong><\/p>\n\n\n\n<p>Carelli tamb\u00e9m falou sobre os suportes psicol\u00f3gico e m\u00e9dico que o programa vai oferecer aos participantes que estejam passando por alguma dificuldade emocional. O diretor at\u00e9 relembrou o caso da ex-peoa Raissa Barbosa, diagnosticada com borderline.<\/p>\n\n\n\n<p>&#8220;Todos os participantes passam por exames m\u00e9dicos, nossos m\u00e9dicos conversam com os m\u00e9dicos deles. A gente est\u00e1 consciente de todos os que t\u00eam quest\u00e3o psicol\u00f3gica ou psiqui\u00e1trica. A nossa equipe est\u00e1 consciente e vai dar todo o apoio ao longo da temporada&#8221;, disse.<\/p>\n\n\n\n<p>Montagem R7\/ Reprodu\u00e7\u00e3o Instagram<\/p>\n","protected":false},"excerpt":{"rendered":"<p>A apresentadora do reality falou sobre a ansiedade por ser a 1\u00aa mulher a comandar a atra\u00e7\u00e3o, que estreia no pr\u00f3ximo dia 14 Ap\u00f3s o sucesso da \u00faltima edi\u00e7\u00e3o, a expectativa sobre a estreia de\u00a0A Fazenda 13, que acontece na pr\u00f3xima ter\u00e7a-feira (14) na\u00a0Record TV, \u00e9 ainda maior. Em entrevista coletiva, realizada nesta quinta (9), [&hellip;]<\/p>\n","protected":false},"author":8,"featured_media":1198,"comment_status":"closed","ping_status":"open","sticky":false,"template":"","format":"standard","meta":{"rop_custom_images_group":[],"rop_custom_messages_group":[],"rop_publish_now":"initial","rop_publish_now_accounts":[],"rop_publish_now_history":[],"rop_publish_now_status":"pending","footnotes":""},"categories":[16],"tags":[],"class_list":["post-1197","post","type-post","status-publish","format-standard","has-post-thumbnail","hentry","category-entertainment"],"amp_enabled":true,"_links":{"self":[{"href":"https:\/\/imais.online\/portal\/wp-json\/wp\/v2\/posts\/1197","targetHints":{"allow":["GET"]}}],"collection":[{"href":"https:\/\/imais.online\/portal\/wp-json\/wp\/v2\/posts"}],"about":[{"href":"https:\/\/imais.online\/portal\/wp-json\/wp\/v2\/types\/post"}],"author":[{"embeddable":true,"href":"https:\/\/imais.online\/portal\/wp-json\/wp\/v2\/users\/8"}],"replies":[{"embeddable":true,"href":"https:\/\/imais.online\/portal\/wp-json\/wp\/v2\/comments?post=1197"}],"version-history":[{"count":2,"href":"https:\/\/imais.online\/portal\/wp-json\/wp\/v2\/posts\/1197\/revisions"}],"predecessor-version":[{"id":1209,"href":"https:\/\/imais.online\/portal\/wp-json\/wp\/v2\/posts\/1197\/revisions\/1209"}],"wp:featuredmedia":[{"embeddable":true,"href":"https:\/\/imais.online\/portal\/wp-json\/wp\/v2\/media\/1198"}],"wp:attachment":[{"href":"https:\/\/imais.online\/portal\/wp-json\/wp\/v2\/media?parent=1197"}],"wp:term":[{"taxonomy":"category","embeddable":true,"href":"https:\/\/imais.online\/portal\/wp-json\/wp\/v2\/categories?post=1197"},{"taxonomy":"post_tag","embeddable":true,"href":"https:\/\/imais.online\/portal\/wp-json\/wp\/v2\/tags?post=1197"}],"curies":[{"name":"wp","href":"https:\/\/api.w.org\/{rel}","templated":true}]}}